{"id":7313,"date":"2025-04-14T17:15:55","date_gmt":"2025-04-14T21:15:55","guid":{"rendered":"https:\/\/www.koncevisiontv.cl\/web\/?p=7313"},"modified":"2025-04-14T17:15:58","modified_gmt":"2025-04-14T21:15:58","slug":"diputada-del-biobio-sufre-accidente-en-la-ruta-de-la-madera-auto-termino-volcado","status":"publish","type":"post","link":"https:\/\/www.koncevisiontv.cl\/web\/diputada-del-biobio-sufre-accidente-en-la-ruta-de-la-madera-auto-termino-volcado\/","title":{"rendered":"Diputada del Biob\u00edo sufre accidente en la Ruta de la Madera: auto termin\u00f3 volcado"},"content":{"rendered":"\n<h2 class=\"wp-block-heading\">Diputada del Biob\u00edo sufre accidente en la Ruta de la Madera, generando preocupaci\u00f3n en la regi\u00f3n<\/h2>\n\n\n\n<p class=\"wp-block-paragraph\">Diputada del Biob\u00edo sufre accidente en la Ruta de la Madera, un hecho que ha generado preocupaci\u00f3n en la regi\u00f3n del Biob\u00edo. La diputada independiente Karen Medina, integrante de la bancada de la Democracia Cristiana (DC), sufri\u00f3 un accidente de tr\u00e1nsito la ma\u00f1ana de este lunes en la Ruta de la Madera, mientras se dirig\u00eda hacia la ciudad de Concepci\u00f3n. El incidente ha movilizado a las autoridades y generado un debate sobre la seguridad en esta importante v\u00eda de la regi\u00f3n.<\/p>\n\n\n\n<h2 class=\"wp-block-heading\">Detalles del accidente: el auto termin\u00f3 volcado tras salirse del camino<\/h2>\n\n\n\n<p class=\"wp-block-paragraph\">Seg\u00fan informaci\u00f3n preliminar, el accidente ocurri\u00f3 a la altura del kil\u00f3metro 69,8, cuando el veh\u00edculo en que se trasladaba la parlamentaria por las provincias de Biob\u00edo y Arauco se sali\u00f3 del camino por razones que a\u00fan se investigan. Tras salirse de la v\u00eda, el autom\u00f3vil termin\u00f3 volcado en una especie de canal, generando alarma sobre el estado de salud de la diputada y sus acompa\u00f1antes. Diputada del Biob\u00edo sufre accidente en la Ruta de la Madera, y las causas del siniestro son materia de investigaci\u00f3n por parte de las autoridades competentes.<\/p>\n\n\n\n<h2 class=\"wp-block-heading\">La diputada Karen Medina confirma que se encuentra en buen estado de salud<\/h2>\n\n\n\n<p class=\"wp-block-paragraph\">Tras el incidente, Radio Biob\u00edo logr\u00f3 contactar a la diputada Medina, quien confirm\u00f3 que todos los ocupantes del autom\u00f3vil se encuentran en buen estado de salud. No obstante, ser\u00e1n trasladados hasta el Hospital de Santa Juana para ser evaluados y recibir atenci\u00f3n m\u00e9dica preventiva. Diputada del Biob\u00edo sufre accidente en la Ruta de la Madera, pero afortunadamente no hubo heridos de gravedad, seg\u00fan las primeras informaciones.<\/p>\n\n\n\n<h2 class=\"wp-block-heading\">Investigaci\u00f3n en curso para esclarecer las causas del accidente<\/h2>\n\n\n\n<p class=\"wp-block-paragraph\">Al momento del accidente, la legisladora se dirig\u00eda hacia la ciudad de Concepci\u00f3n. Autoridades ya iniciaron las indagaciones correspondientes para esclarecer las causas del siniestro. Se investiga si el accidente fue producto de un error humano, una falla mec\u00e1nica o las condiciones de la v\u00eda. Diputada del Biob\u00edo sufre accidente en la Ruta de la Madera, y se espera que los resultados de la investigaci\u00f3n permitan determinar las responsabilidades y prevenir futuros incidentes en esta peligrosa carretera.<\/p>\n\n\n\n<h2 class=\"wp-block-heading\">La Ruta de la Madera: una v\u00eda que requiere mayor atenci\u00f3n en seguridad<\/h2>\n\n\n\n<p class=\"wp-block-paragraph\">El accidente que involucr\u00f3 a la diputada Karen Medina ha vuelto a poner en el centro del debate la seguridad de la Ruta de la Madera, una v\u00eda clave para la conectividad y el desarrollo econ\u00f3mico de la regi\u00f3n del Biob\u00edo. Diputada del Biob\u00edo sufre accidente en la Ruta de la Madera, y este hecho ha generado un llamado a las autoridades para que se inviertan m\u00e1s recursos en mejorar la infraestructura y la seguridad de esta carretera, que ha sido escenario de numerosos accidentes en los \u00faltimos a\u00f1os.<\/p>\n\n\n\n<h2 class=\"wp-block-heading\">Reacciones y llamados a la prudencia en la conducci\u00f3n<\/h2>\n\n\n\n<p class=\"wp-block-paragraph\">El accidente que involucr\u00f3 a la diputada Karen Medina ha generado diversas reacciones en el mundo pol\u00edtico y en la comunidad. Diputada del Biob\u00edo sufre accidente en la Ruta de la Madera, y este hecho ha servido como un recordatorio de la importancia de conducir con precauci\u00f3n y respetar las normas del tr\u00e1nsito, especialmente en carreteras como la Ruta de la Madera, que presentan desaf\u00edos particulares debido a su trazado y condiciones clim\u00e1ticas.<\/p>\n","protected":false},"excerpt":{"rendered":"<p>Diputada del Biob\u00edo sufre accidente en la Ruta de la Madera, generando preocupaci\u00f3n en la regi\u00f3n Diputada del<\/p>\n","protected":false},"author":5,"featured_media":7314,"comment_status":"open","ping_status":"open","sticky":false,"template":"","format":"standard","meta":{"_crdt_document":"","_uag_custom_page_level_css":"","_sitemap_exclude":false,"_sitemap_priority":"","_sitemap_frequency":"","_joinchat":[],"footnotes":""},"categories":[1,226],"tags":[],"class_list":["post-7313","post","type-post","status-publish","format-standard","has-post-thumbnail","hentry","category-bio-bio","category-concepcion"],"featured_image_urls":{"full":["https:\/\/www.koncevisiontv.cl\/web\/wp-content\/uploads\/2025\/04\/accidente-karen-medina.webp",1200,633,false],"thumbnail":["https:\/\/www.koncevisiontv.cl\/web\/wp-content\/uploads\/2025\/04\/accidente-karen-medina-150x150.webp",150,150,true],"medium":["https:\/\/www.koncevisiontv.cl\/web\/wp-content\/uploads\/2025\/04\/accidente-karen-medina-300x158.webp",300,158,true],"medium_large":["https:\/\/www.koncevisiontv.cl\/web\/wp-content\/uploads\/2025\/04\/accidente-karen-medina-768x405.webp",640,338,true],"large":["https:\/\/www.koncevisiontv.cl\/web\/wp-content\/uploads\/2025\/04\/accidente-karen-medina-1024x540.webp",640,338,true],"1536x1536":["https:\/\/www.koncevisiontv.cl\/web\/wp-content\/uploads\/2025\/04\/accidente-karen-medina.webp",1200,633,false],"2048x2048":["https:\/\/www.koncevisiontv.cl\/web\/wp-content\/uploads\/2025\/04\/accidente-karen-medina.webp",1200,633,false],"darknews-featured":["https:\/\/www.koncevisiontv.cl\/web\/wp-content\/uploads\/2025\/04\/accidente-karen-medina-1024x540.webp",1024,540,true],"darknews-large":["https:\/\/www.koncevisiontv.cl\/web\/wp-content\/uploads\/2025\/04\/accidente-karen-medina-825x575.webp",825,575,true],"darknews-medium":["https:\/\/www.koncevisiontv.cl\/web\/wp-content\/uploads\/2025\/04\/accidente-karen-medina-590x410.webp",590,410,true]},"author_info":{"info":["Web-Master"]},"category_info":"<a href=\"https:\/\/www.koncevisiontv.cl\/web\/category\/bio-bio\/\" rel=\"category tag\">Bio-B\u00edo<\/a> <a href=\"https:\/\/www.koncevisiontv.cl\/web\/category\/concepcion\/\" rel=\"category tag\">Concepcion<\/a>","tag_info":"Concepcion","comment_count":"0","uagb_featured_image_src":{"full":["https:\/\/www.koncevisiontv.cl\/web\/wp-content\/uploads\/2025\/04\/accidente-karen-medina.webp",1200,633,false],"thumbnail":["https:\/\/www.koncevisiontv.cl\/web\/wp-content\/uploads\/2025\/04\/accidente-karen-medina-150x150.webp",150,150,true],"medium":["https:\/\/www.koncevisiontv.cl\/web\/wp-content\/uploads\/2025\/04\/accidente-karen-medina-300x158.webp",300,158,true],"medium_large":["https:\/\/www.koncevisiontv.cl\/web\/wp-content\/uploads\/2025\/04\/accidente-karen-medina-768x405.webp",640,338,true],"large":["https:\/\/www.koncevisiontv.cl\/web\/wp-content\/uploads\/2025\/04\/accidente-karen-medina-1024x540.webp",640,338,true],"1536x1536":["https:\/\/www.koncevisiontv.cl\/web\/wp-content\/uploads\/2025\/04\/accidente-karen-medina.webp",1200,633,false],"2048x2048":["https:\/\/www.koncevisiontv.cl\/web\/wp-content\/uploads\/2025\/04\/accidente-karen-medina.webp",1200,633,false],"darknews-featured":["https:\/\/www.koncevisiontv.cl\/web\/wp-content\/uploads\/2025\/04\/accidente-karen-medina-1024x540.webp",1024,540,true],"darknews-large":["https:\/\/www.koncevisiontv.cl\/web\/wp-content\/uploads\/2025\/04\/accidente-karen-medina-825x575.webp",825,575,true],"darknews-medium":["https:\/\/www.koncevisiontv.cl\/web\/wp-content\/uploads\/2025\/04\/accidente-karen-medina-590x410.webp",590,410,true]},"uagb_author_info":{"display_name":"Web-Master","author_link":"https:\/\/www.koncevisiontv.cl\/web\/author\/koncevision\/"},"uagb_comment_info":0,"uagb_excerpt":"Diputada del Biob\u00edo sufre accidente en la Ruta de la Madera, generando preocupaci\u00f3n en la regi\u00f3n Diputada del","_links":{"self":[{"href":"https:\/\/www.koncevisiontv.cl\/web\/wp-json\/wp\/v2\/posts\/7313","targetHints":{"allow":["GET"]}}],"collection":[{"href":"https:\/\/www.koncevisiontv.cl\/web\/wp-json\/wp\/v2\/posts"}],"about":[{"href":"https:\/\/www.koncevisiontv.cl\/web\/wp-json\/wp\/v2\/types\/post"}],"author":[{"embeddable":true,"href":"https:\/\/www.koncevisiontv.cl\/web\/wp-json\/wp\/v2\/users\/5"}],"replies":[{"embeddable":true,"href":"https:\/\/www.koncevisiontv.cl\/web\/wp-json\/wp\/v2\/comments?post=7313"}],"version-history":[{"count":1,"href":"https:\/\/www.koncevisiontv.cl\/web\/wp-json\/wp\/v2\/posts\/7313\/revisions"}],"predecessor-version":[{"id":7315,"href":"https:\/\/www.koncevisiontv.cl\/web\/wp-json\/wp\/v2\/posts\/7313\/revisions\/7315"}],"wp:featuredmedia":[{"embeddable":true,"href":"https:\/\/www.koncevisiontv.cl\/web\/wp-json\/wp\/v2\/media\/7314"}],"wp:attachment":[{"href":"https:\/\/www.koncevisiontv.cl\/web\/wp-json\/wp\/v2\/media?parent=7313"}],"wp:term":[{"taxonomy":"category","embeddable":true,"href":"https:\/\/www.koncevisiontv.cl\/web\/wp-json\/wp\/v2\/categories?post=7313"},{"taxonomy":"post_tag","embeddable":true,"href":"https:\/\/www.koncevisiontv.cl\/web\/wp-json\/wp\/v2\/tags?post=7313"}],"curies":[{"name":"wp","href":"https:\/\/api.w.org\/{rel}","templated":true}]}}