{"id":7539,"date":"2025-04-24T14:39:49","date_gmt":"2025-04-24T18:39:49","guid":{"rendered":"https:\/\/www.koncevisiontv.cl\/web\/?p=7539"},"modified":"2025-04-24T14:39:52","modified_gmt":"2025-04-24T18:39:52","slug":"cortes-de-luz-concepcion-horarios-25-abril","status":"publish","type":"post","link":"https:\/\/www.koncevisiontv.cl\/web\/cortes-de-luz-concepcion-horarios-25-abril\/","title":{"rendered":"Cortes de Luz en Concepci\u00f3n este 25 de Abril: Horarios y Comunas Afectadas"},"content":{"rendered":"\n<h1 class=\"wp-block-heading\">Cortes de Luz Afectar\u00e1n a Varias Comunas del Gran Concepci\u00f3n este Viernes<\/h1>\n\n\n\n<p class=\"wp-block-paragraph\">La Compa\u00f1\u00eda General de Electricidad (CGE) ha anunciado <strong>interrupciones programadas<\/strong> del suministro el\u00e9ctrico que afectar\u00e1n a diversas comunas del Gran Concepci\u00f3n este viernes 25 de abril. Estos cortes, necesarios para realizar trabajos de mejoramiento en la red, tendr\u00e1n una duraci\u00f3n de hasta seis horas en algunos sectores.<\/p>\n\n\n\n<h2 class=\"wp-block-heading\">Sectores Afectados y Horarios<\/h2>\n\n\n\n<p class=\"wp-block-paragraph\">A continuaci\u00f3n, se detalla el listado de comunas y sectores que experimentar\u00e1n <strong>suspensiones del servicio el\u00e9ctrico<\/strong>:<\/p>\n\n\n\n<ul class=\"wp-block-list\">\n<li><strong>Chiguayante:<\/strong> De 9:30 a 16:00 horas en el sector de O&#8217;Higgins (entre Arauco y Plaza de Armas).<\/li>\n\n\n\n<li><strong>Talcahuano:<\/strong> De 9:30 a 16:00 horas en Calle Algarrobo.<\/li>\n\n\n\n<li><strong>San Pedro de la Paz:<\/strong> De 10:00 a 16:00 horas en el sector de Lota (entre Galvarino y Pincheira).<\/li>\n\n\n\n<li><strong>Coronel:<\/strong>\n<ul class=\"wp-block-list\">\n<li>De 10:00 a 14:00 horas en Camino El Patagual y Paso Peatonal Patagual.<\/li>\n\n\n\n<li>De 15:30 a 17:30 horas en Costanera Maule.<\/li>\n<\/ul>\n<\/li>\n\n\n\n<li><strong>Tom\u00e9:<\/strong>\n<ul class=\"wp-block-list\">\n<li>De 10:00 a 12:00 horas en Pedro Le\u00f3n Ugalde y Pasaje Modelo.<\/li>\n\n\n\n<li>De 12:30 a 14:30 horas en Bombero Jos\u00e9 Antonio Silva (entre Ruta N-14-O e Independencia).<\/li>\n<\/ul>\n<\/li>\n\n\n\n<li><strong>Hualqui:<\/strong> De 9:00 a 15:00 horas en Ruta Q-722-O (entre Calle 2 y Calle 1).<\/li>\n<\/ul>\n\n\n\n<h2 class=\"wp-block-heading\">Recomendaciones ante los Cortes de Luz<\/h2>\n\n\n\n<p class=\"wp-block-paragraph\">CGE recomienda a los clientes afectados <strong>desconectar sus artefactos el\u00e9ctricos<\/strong> para evitar da\u00f1os al momento del restablecimiento del servicio. Para consultas, la empresa ha dispuesto los siguientes canales de atenci\u00f3n:<\/p>\n\n\n\n<ul class=\"wp-block-list\">\n<li>Tel\u00e9fono: 800 800 767<\/li>\n\n\n\n<li>WhatsApp: +569 8956 8479<\/li>\n<\/ul>\n\n\n\n<p class=\"wp-block-paragraph\">Es importante estar informado y tomar las precauciones necesarias ante estos <strong>cortes de energ\u00eda<\/strong>.<\/p>\n\n\n\n<h2 class=\"wp-block-heading\">Enlaces de Inter\u00e9s<\/h2>\n\n\n\n<ul class=\"wp-block-list\">\n<li><a href=\"https:\/\/www.sec.cl\/\" target=\"_blank\" rel=\"noreferrer noopener\">Superintendencia de Electricidad y Combustibles (SEC)<\/a>: Para realizar reclamos o consultas sobre el suministro el\u00e9ctrico.<\/li>\n\n\n\n<li><a href=\"https:\/\/www.energia.gob.cl\/\" target=\"_blank\" rel=\"noreferrer noopener\">Ministerio de Energ\u00eda<\/a>: Informaci\u00f3n oficial sobre el sector energ\u00e9tico en Chile.<\/li>\n\n\n\n<li><a href=\"https:\/\/www.cdc.gov\/es\/disasters\/poweroutage\/needtoknow.html\" target=\"_blank\" rel=\"noreferrer noopener\">CDC &#8211; Cortes de Electricidad<\/a>: Informaci\u00f3n sobre c\u00f3mo actuar ante cortes de luz inesperados.<\/li>\n<\/ul>\n","protected":false},"excerpt":{"rendered":"<p>Cortes de Luz Afectar\u00e1n a Varias Comunas del Gran Concepci\u00f3n este Viernes La Compa\u00f1\u00eda General de Electricidad (CGE)<\/p>\n","protected":false},"author":5,"featured_media":7540,"comment_status":"open","ping_status":"open","sticky":false,"template":"","format":"standard","meta":{"_crdt_document":"","_uag_custom_page_level_css":"","_sitemap_exclude":false,"_sitemap_priority":"","_sitemap_frequency":"","_joinchat":[],"footnotes":""},"categories":[421],"tags":[],"class_list":["post-7539","post","type-post","status-publish","format-standard","has-post-thumbnail","hentry","category-cortes-de-luz"],"featured_image_urls":{"full":["https:\/\/www.koncevisiontv.cl\/web\/wp-content\/uploads\/2025\/04\/Corte-programado-de-luz-Concepcion-Chiguayante-1-850x400-850x400-1.jpg",850,400,false],"thumbnail":["https:\/\/www.koncevisiontv.cl\/web\/wp-content\/uploads\/2025\/04\/Corte-programado-de-luz-Concepcion-Chiguayante-1-850x400-850x400-1-150x150.jpg",150,150,true],"medium":["https:\/\/www.koncevisiontv.cl\/web\/wp-content\/uploads\/2025\/04\/Corte-programado-de-luz-Concepcion-Chiguayante-1-850x400-850x400-1-300x141.jpg",300,141,true],"medium_large":["https:\/\/www.koncevisiontv.cl\/web\/wp-content\/uploads\/2025\/04\/Corte-programado-de-luz-Concepcion-Chiguayante-1-850x400-850x400-1-768x361.jpg",640,301,true],"large":["https:\/\/www.koncevisiontv.cl\/web\/wp-content\/uploads\/2025\/04\/Corte-programado-de-luz-Concepcion-Chiguayante-1-850x400-850x400-1.jpg",640,301,false],"1536x1536":["https:\/\/www.koncevisiontv.cl\/web\/wp-content\/uploads\/2025\/04\/Corte-programado-de-luz-Concepcion-Chiguayante-1-850x400-850x400-1.jpg",850,400,false],"2048x2048":["https:\/\/www.koncevisiontv.cl\/web\/wp-content\/uploads\/2025\/04\/Corte-programado-de-luz-Concepcion-Chiguayante-1-850x400-850x400-1.jpg",850,400,false],"darknews-featured":["https:\/\/www.koncevisiontv.cl\/web\/wp-content\/uploads\/2025\/04\/Corte-programado-de-luz-Concepcion-Chiguayante-1-850x400-850x400-1.jpg",850,400,false],"darknews-large":["https:\/\/www.koncevisiontv.cl\/web\/wp-content\/uploads\/2025\/04\/Corte-programado-de-luz-Concepcion-Chiguayante-1-850x400-850x400-1-825x400.jpg",825,400,true],"darknews-medium":["https:\/\/www.koncevisiontv.cl\/web\/wp-content\/uploads\/2025\/04\/Corte-programado-de-luz-Concepcion-Chiguayante-1-850x400-850x400-1-590x400.jpg",590,400,true]},"author_info":{"info":["Web-Master"]},"category_info":"<a href=\"https:\/\/www.koncevisiontv.cl\/web\/category\/cortes-de-luz\/\" rel=\"category tag\">Cortes De Luz<\/a>","tag_info":"Cortes De Luz","comment_count":"0","uagb_featured_image_src":{"full":["https:\/\/www.koncevisiontv.cl\/web\/wp-content\/uploads\/2025\/04\/Corte-programado-de-luz-Concepcion-Chiguayante-1-850x400-850x400-1.jpg",850,400,false],"thumbnail":["https:\/\/www.koncevisiontv.cl\/web\/wp-content\/uploads\/2025\/04\/Corte-programado-de-luz-Concepcion-Chiguayante-1-850x400-850x400-1-150x150.jpg",150,150,true],"medium":["https:\/\/www.koncevisiontv.cl\/web\/wp-content\/uploads\/2025\/04\/Corte-programado-de-luz-Concepcion-Chiguayante-1-850x400-850x400-1-300x141.jpg",300,141,true],"medium_large":["https:\/\/www.koncevisiontv.cl\/web\/wp-content\/uploads\/2025\/04\/Corte-programado-de-luz-Concepcion-Chiguayante-1-850x400-850x400-1-768x361.jpg",640,301,true],"large":["https:\/\/www.koncevisiontv.cl\/web\/wp-content\/uploads\/2025\/04\/Corte-programado-de-luz-Concepcion-Chiguayante-1-850x400-850x400-1.jpg",640,301,false],"1536x1536":["https:\/\/www.koncevisiontv.cl\/web\/wp-content\/uploads\/2025\/04\/Corte-programado-de-luz-Concepcion-Chiguayante-1-850x400-850x400-1.jpg",850,400,false],"2048x2048":["https:\/\/www.koncevisiontv.cl\/web\/wp-content\/uploads\/2025\/04\/Corte-programado-de-luz-Concepcion-Chiguayante-1-850x400-850x400-1.jpg",850,400,false],"darknews-featured":["https:\/\/www.koncevisiontv.cl\/web\/wp-content\/uploads\/2025\/04\/Corte-programado-de-luz-Concepcion-Chiguayante-1-850x400-850x400-1.jpg",850,400,false],"darknews-large":["https:\/\/www.koncevisiontv.cl\/web\/wp-content\/uploads\/2025\/04\/Corte-programado-de-luz-Concepcion-Chiguayante-1-850x400-850x400-1-825x400.jpg",825,400,true],"darknews-medium":["https:\/\/www.koncevisiontv.cl\/web\/wp-content\/uploads\/2025\/04\/Corte-programado-de-luz-Concepcion-Chiguayante-1-850x400-850x400-1-590x400.jpg",590,400,true]},"uagb_author_info":{"display_name":"Web-Master","author_link":"https:\/\/www.koncevisiontv.cl\/web\/author\/koncevision\/"},"uagb_comment_info":0,"uagb_excerpt":"Cortes de Luz Afectar\u00e1n a Varias Comunas del Gran Concepci\u00f3n este Viernes La Compa\u00f1\u00eda General de Electricidad (CGE)","_links":{"self":[{"href":"https:\/\/www.koncevisiontv.cl\/web\/wp-json\/wp\/v2\/posts\/7539","targetHints":{"allow":["GET"]}}],"collection":[{"href":"https:\/\/www.koncevisiontv.cl\/web\/wp-json\/wp\/v2\/posts"}],"about":[{"href":"https:\/\/www.koncevisiontv.cl\/web\/wp-json\/wp\/v2\/types\/post"}],"author":[{"embeddable":true,"href":"https:\/\/www.koncevisiontv.cl\/web\/wp-json\/wp\/v2\/users\/5"}],"replies":[{"embeddable":true,"href":"https:\/\/www.koncevisiontv.cl\/web\/wp-json\/wp\/v2\/comments?post=7539"}],"version-history":[{"count":1,"href":"https:\/\/www.koncevisiontv.cl\/web\/wp-json\/wp\/v2\/posts\/7539\/revisions"}],"predecessor-version":[{"id":7541,"href":"https:\/\/www.koncevisiontv.cl\/web\/wp-json\/wp\/v2\/posts\/7539\/revisions\/7541"}],"wp:featuredmedia":[{"embeddable":true,"href":"https:\/\/www.koncevisiontv.cl\/web\/wp-json\/wp\/v2\/media\/7540"}],"wp:attachment":[{"href":"https:\/\/www.koncevisiontv.cl\/web\/wp-json\/wp\/v2\/media?parent=7539"}],"wp:term":[{"taxonomy":"category","embeddable":true,"href":"https:\/\/www.koncevisiontv.cl\/web\/wp-json\/wp\/v2\/categories?post=7539"},{"taxonomy":"post_tag","embeddable":true,"href":"https:\/\/www.koncevisiontv.cl\/web\/wp-json\/wp\/v2\/tags?post=7539"}],"curies":[{"name":"wp","href":"https:\/\/api.w.org\/{rel}","templated":true}]}}