{"id":7857,"date":"2025-05-09T17:46:27","date_gmt":"2025-05-09T21:46:27","guid":{"rendered":"https:\/\/www.koncevisiontv.cl\/web\/?p=7857"},"modified":"2025-05-09T17:46:29","modified_gmt":"2025-05-09T21:46:29","slug":"fiscal-nacional-pinchazos-boric-sin-estatuto","status":"publish","type":"post","link":"https:\/\/www.koncevisiontv.cl\/web\/fiscal-nacional-pinchazos-boric-sin-estatuto\/","title":{"rendered":"Fiscal Nacional y el Caso de Presunto Pinchazo a Boric: &#8220;No Hay Estatuto Jur\u00eddico Especial&#8221;"},"content":{"rendered":"\n<p class=\"wp-block-paragraph\">El Fiscal Nacional, \u00c1ngel Valencia, ha evitado referirse directamente a las investigaciones sobre el presunto &#8220;pinchazo&#8221; telef\u00f3nico al Presidente Gabriel Boric. Sin embargo, enfatiz\u00f3 que el mandatario no goza de un estatuto jur\u00eddico especial que lo diferencie de otros ciudadanos en el marco de una investigaci\u00f3n penal.<\/p>\n\n\n\n<p class=\"wp-block-paragraph\"><strong>Declaraciones del Fiscal Nacional<\/strong><\/p>\n\n\n\n<p class=\"wp-block-paragraph\">Durante una reciente aparici\u00f3n p\u00fablica, Valencia fue consultado sobre el avance de las indagaciones respecto a las denuncias de intervenciones telef\u00f3nicas al Presidente Boric. El Fiscal Nacional prefiri\u00f3 no entregar detalles espec\u00edficos, argumentando la reserva de la investigaci\u00f3n. No obstante, dej\u00f3 en claro que &#8220;el Presidente de la Rep\u00fablica no tiene un estatuto jur\u00eddico especial&#8221;.<\/p>\n\n\n\n<p class=\"wp-block-paragraph\"><strong>Contexto de la Investigaci\u00f3n<\/strong><\/p>\n\n\n\n<p class=\"wp-block-paragraph\">Las investigaciones se iniciaron tras denuncias sobre un supuesto &#8220;pinchazo&#8221; telef\u00f3nico al Presidente Boric. Este hecho ha generado controversia y expectaci\u00f3n en el \u00e1mbito pol\u00edtico y p\u00fablico. La Fiscal\u00eda Nacional ha asumido la investigaci\u00f3n, manteniendo un estricto hermetismo sobre los avances.<\/p>\n\n\n\n<p class=\"wp-block-paragraph\"><strong>Implicaciones Legales<\/strong><\/p>\n\n\n\n<p class=\"wp-block-paragraph\">La declaraci\u00f3n del Fiscal Nacional subraya un principio fundamental del Estado de Derecho: la igualdad ante la ley. Ning\u00fan ciudadano, incluido el Presidente de la Rep\u00fablica, est\u00e1 exento de ser investigado si existen indicios de la comisi\u00f3n de un delito.<\/p>\n","protected":false},"excerpt":{"rendered":"<p>El Fiscal Nacional, \u00c1ngel Valencia, ha evitado referirse directamente a las investigaciones sobre el presunto &#8220;pinchazo&#8221; telef\u00f3nico al<\/p>\n","protected":false},"author":5,"featured_media":7858,"comment_status":"open","ping_status":"open","sticky":false,"template":"","format":"standard","meta":{"_crdt_document":"","_uag_custom_page_level_css":"","_sitemap_exclude":false,"_sitemap_priority":"","_sitemap_frequency":"","_joinchat":[],"footnotes":""},"categories":[415],"tags":[],"class_list":["post-7857","post","type-post","status-publish","format-standard","has-post-thumbnail","hentry","category-caso-boric"],"featured_image_urls":{"full":["https:\/\/www.koncevisiontv.cl\/web\/wp-content\/uploads\/2025\/05\/FUFKVSXKUJEDVASW44Z25DB66A.avif",760,570,false],"thumbnail":["https:\/\/www.koncevisiontv.cl\/web\/wp-content\/uploads\/2025\/05\/FUFKVSXKUJEDVASW44Z25DB66A-150x150.avif",150,150,true],"medium":["https:\/\/www.koncevisiontv.cl\/web\/wp-content\/uploads\/2025\/05\/FUFKVSXKUJEDVASW44Z25DB66A-300x225.avif",300,225,true],"medium_large":["https:\/\/www.koncevisiontv.cl\/web\/wp-content\/uploads\/2025\/05\/FUFKVSXKUJEDVASW44Z25DB66A.avif",640,480,false],"large":["https:\/\/www.koncevisiontv.cl\/web\/wp-content\/uploads\/2025\/05\/FUFKVSXKUJEDVASW44Z25DB66A.avif",640,480,false],"1536x1536":["https:\/\/www.koncevisiontv.cl\/web\/wp-content\/uploads\/2025\/05\/FUFKVSXKUJEDVASW44Z25DB66A.avif",760,570,false],"2048x2048":["https:\/\/www.koncevisiontv.cl\/web\/wp-content\/uploads\/2025\/05\/FUFKVSXKUJEDVASW44Z25DB66A.avif",760,570,false],"darknews-featured":["https:\/\/www.koncevisiontv.cl\/web\/wp-content\/uploads\/2025\/05\/FUFKVSXKUJEDVASW44Z25DB66A.avif",760,570,false],"darknews-large":["https:\/\/www.koncevisiontv.cl\/web\/wp-content\/uploads\/2025\/05\/FUFKVSXKUJEDVASW44Z25DB66A.avif",760,570,false],"darknews-medium":["https:\/\/www.koncevisiontv.cl\/web\/wp-content\/uploads\/2025\/05\/FUFKVSXKUJEDVASW44Z25DB66A-590x410.avif",590,410,true]},"author_info":{"info":["Web-Master"]},"category_info":"<a href=\"https:\/\/www.koncevisiontv.cl\/web\/category\/caso-boric\/\" rel=\"category tag\">caso boric<\/a>","tag_info":"caso boric","comment_count":"0","uagb_featured_image_src":{"full":["https:\/\/www.koncevisiontv.cl\/web\/wp-content\/uploads\/2025\/05\/FUFKVSXKUJEDVASW44Z25DB66A.avif",760,570,false],"thumbnail":["https:\/\/www.koncevisiontv.cl\/web\/wp-content\/uploads\/2025\/05\/FUFKVSXKUJEDVASW44Z25DB66A-150x150.avif",150,150,true],"medium":["https:\/\/www.koncevisiontv.cl\/web\/wp-content\/uploads\/2025\/05\/FUFKVSXKUJEDVASW44Z25DB66A-300x225.avif",300,225,true],"medium_large":["https:\/\/www.koncevisiontv.cl\/web\/wp-content\/uploads\/2025\/05\/FUFKVSXKUJEDVASW44Z25DB66A.avif",640,480,false],"large":["https:\/\/www.koncevisiontv.cl\/web\/wp-content\/uploads\/2025\/05\/FUFKVSXKUJEDVASW44Z25DB66A.avif",640,480,false],"1536x1536":["https:\/\/www.koncevisiontv.cl\/web\/wp-content\/uploads\/2025\/05\/FUFKVSXKUJEDVASW44Z25DB66A.avif",760,570,false],"2048x2048":["https:\/\/www.koncevisiontv.cl\/web\/wp-content\/uploads\/2025\/05\/FUFKVSXKUJEDVASW44Z25DB66A.avif",760,570,false],"darknews-featured":["https:\/\/www.koncevisiontv.cl\/web\/wp-content\/uploads\/2025\/05\/FUFKVSXKUJEDVASW44Z25DB66A.avif",760,570,false],"darknews-large":["https:\/\/www.koncevisiontv.cl\/web\/wp-content\/uploads\/2025\/05\/FUFKVSXKUJEDVASW44Z25DB66A.avif",760,570,false],"darknews-medium":["https:\/\/www.koncevisiontv.cl\/web\/wp-content\/uploads\/2025\/05\/FUFKVSXKUJEDVASW44Z25DB66A-590x410.avif",590,410,true]},"uagb_author_info":{"display_name":"Web-Master","author_link":"https:\/\/www.koncevisiontv.cl\/web\/author\/koncevision\/"},"uagb_comment_info":0,"uagb_excerpt":"El Fiscal Nacional, \u00c1ngel Valencia, ha evitado referirse directamente a las investigaciones sobre el presunto &#8220;pinchazo&#8221; telef\u00f3nico al","_links":{"self":[{"href":"https:\/\/www.koncevisiontv.cl\/web\/wp-json\/wp\/v2\/posts\/7857","targetHints":{"allow":["GET"]}}],"collection":[{"href":"https:\/\/www.koncevisiontv.cl\/web\/wp-json\/wp\/v2\/posts"}],"about":[{"href":"https:\/\/www.koncevisiontv.cl\/web\/wp-json\/wp\/v2\/types\/post"}],"author":[{"embeddable":true,"href":"https:\/\/www.koncevisiontv.cl\/web\/wp-json\/wp\/v2\/users\/5"}],"replies":[{"embeddable":true,"href":"https:\/\/www.koncevisiontv.cl\/web\/wp-json\/wp\/v2\/comments?post=7857"}],"version-history":[{"count":1,"href":"https:\/\/www.koncevisiontv.cl\/web\/wp-json\/wp\/v2\/posts\/7857\/revisions"}],"predecessor-version":[{"id":7859,"href":"https:\/\/www.koncevisiontv.cl\/web\/wp-json\/wp\/v2\/posts\/7857\/revisions\/7859"}],"wp:featuredmedia":[{"embeddable":true,"href":"https:\/\/www.koncevisiontv.cl\/web\/wp-json\/wp\/v2\/media\/7858"}],"wp:attachment":[{"href":"https:\/\/www.koncevisiontv.cl\/web\/wp-json\/wp\/v2\/media?parent=7857"}],"wp:term":[{"taxonomy":"category","embeddable":true,"href":"https:\/\/www.koncevisiontv.cl\/web\/wp-json\/wp\/v2\/categories?post=7857"},{"taxonomy":"post_tag","embeddable":true,"href":"https:\/\/www.koncevisiontv.cl\/web\/wp-json\/wp\/v2\/tags?post=7857"}],"curies":[{"name":"wp","href":"https:\/\/api.w.org\/{rel}","templated":true}]}}