{"id":7895,"date":"2025-05-12T18:19:41","date_gmt":"2025-05-12T22:19:41","guid":{"rendered":"https:\/\/www.koncevisiontv.cl\/web\/?p=7895"},"modified":"2025-05-12T18:19:44","modified_gmt":"2025-05-12T22:19:44","slug":"caso-procultura-giorgio-jackson-bajo-vigilancia-fiscal","status":"publish","type":"post","link":"https:\/\/www.koncevisiontv.cl\/web\/caso-procultura-giorgio-jackson-bajo-vigilancia-fiscal\/","title":{"rendered":"Giorgio Jackson en la Mira de la Fiscal\u00eda por el Caso ProCultura"},"content":{"rendered":"\n<p class=\"wp-block-paragraph\">El exministro de Desarrollo Social, Giorgio Jackson, figura en la lista de &#8220;personas de inter\u00e9s&#8221; dentro de la investigaci\u00f3n del Caso ProCultura, liderada por el Ministerio P\u00fablico. Esta medida implic\u00f3 un seguimiento de sus movimientos migratorios, incluyendo el registro de sus salidas e ingresos al pa\u00eds.<\/p>\n\n\n\n<h2 class=\"wp-block-heading\">Vigilancia Migratoria Detallada<\/h2>\n\n\n\n<p class=\"wp-block-paragraph\">Seg\u00fan informes de <em>La Tercera<\/em>, la instrucci\u00f3n emitida en enero de 2024 por el fiscal Carlos Palma solicit\u00f3 a la Brigada Anticorrupci\u00f3n de la PDI el registro de los movimientos migratorios de un grupo de al menos 13 personas. Entre ellas, Jackson ocupaba el n\u00famero 10 en la lista.<\/p>\n\n\n\n<h3 class=\"wp-block-heading\">\u00bfQu\u00e9 Implicaba la Vigilancia?<\/h3>\n\n\n\n<ul class=\"wp-block-list\">\n<li>Registro de salidas e ingresos del pa\u00eds.<\/li>\n\n\n\n<li>Recopilaci\u00f3n de datos de contacto al cruzar fronteras.<\/li>\n<\/ul>\n\n\n\n<h2 class=\"wp-block-heading\">Cronolog\u00eda del Caso<\/h2>\n\n\n\n<ol class=\"wp-block-list\">\n<li><strong>Enero 2024:<\/strong> Se emite la instrucci\u00f3n de vigilancia.<\/li>\n\n\n\n<li><strong>Febrero 2024:<\/strong> Jackson declara voluntariamente ante la Fiscal\u00eda Nacional.<\/li>\n\n\n\n<li><strong>Posterior a Febrero 2024:<\/strong> Jackson viaja a Espa\u00f1a.<\/li>\n\n\n\n<li><strong>28 de Febrero de 2025:<\/strong> Se desactiva formalmente la vigilancia.<\/li>\n<\/ol>\n\n\n\n<h2 class=\"wp-block-heading\">Otros Implicados<\/h2>\n\n\n\n<p class=\"wp-block-paragraph\">Junto a Jackson, la lista inclu\u00eda a Alberto Larra\u00edn (fundador de ProCultura), Alberto Larra\u00edn Lohmayer, y otros exfuncionarios y colaboradores de la fundaci\u00f3n.<\/p>\n\n\n\n<h2 class=\"wp-block-heading\">Relevancia del Caso<\/h2>\n\n\n\n<p class=\"wp-block-paragraph\">Aunque Jackson no enfrenta cargos formales, su inclusi\u00f3n en la investigaci\u00f3n subraya el escrutinio sobre figuras del Frente Amplio en relaci\u00f3n con el Caso Convenios y las presuntas irregularidades en la entrega de fondos p\u00fablicos.<\/p>\n\n\n\n<p class=\"wp-block-paragraph\"><strong>Palabras Clave:<\/strong> Caso ProCultura, Giorgio Jackson, Fiscal\u00eda, Vigilancia, Corrupci\u00f3n<\/p>\n\n\n\n<p class=\"wp-block-paragraph\"><strong>SEO de Imagen Destacada:<\/strong><\/p>\n\n\n\n<ul class=\"wp-block-list\">\n<li><strong>Texto Alternativo:<\/strong> Giorgio Jackson bajo investigaci\u00f3n en el Caso ProCultura<\/li>\n\n\n\n<li><strong>T\u00edtulo:<\/strong> giorgio-jackson-caso-procultura<\/li>\n\n\n\n<li><strong>Subt\u00edtulo:<\/strong> Investigaci\u00f3n de la Fiscal\u00eda<\/li>\n\n\n\n<li><strong>Descripci\u00f3n:<\/strong> Giorgio Jackson en la mira de la Fiscal\u00eda por el Caso ProCultura.<\/li>\n<\/ul>\n","protected":false},"excerpt":{"rendered":"<p>El exministro de Desarrollo Social, Giorgio Jackson, figura en la lista de &#8220;personas de inter\u00e9s&#8221; dentro de la<\/p>\n","protected":false},"author":5,"featured_media":7896,"comment_status":"open","ping_status":"open","sticky":false,"template":"","format":"standard","meta":{"_crdt_document":"","_uag_custom_page_level_css":"","_sitemap_exclude":false,"_sitemap_priority":"","_sitemap_frequency":"","_joinchat":[],"footnotes":""},"categories":[14],"tags":[],"class_list":["post-7895","post","type-post","status-publish","format-standard","has-post-thumbnail","hentry","category-nacional"],"featured_image_urls":{"full":["https:\/\/www.koncevisiontv.cl\/web\/wp-content\/uploads\/2025\/05\/A_UNO_1491067-740x430-1.jpg",740,430,false],"thumbnail":["https:\/\/www.koncevisiontv.cl\/web\/wp-content\/uploads\/2025\/05\/A_UNO_1491067-740x430-1-150x150.jpg",150,150,true],"medium":["https:\/\/www.koncevisiontv.cl\/web\/wp-content\/uploads\/2025\/05\/A_UNO_1491067-740x430-1-300x174.jpg",300,174,true],"medium_large":["https:\/\/www.koncevisiontv.cl\/web\/wp-content\/uploads\/2025\/05\/A_UNO_1491067-740x430-1.jpg",640,372,false],"large":["https:\/\/www.koncevisiontv.cl\/web\/wp-content\/uploads\/2025\/05\/A_UNO_1491067-740x430-1.jpg",640,372,false],"1536x1536":["https:\/\/www.koncevisiontv.cl\/web\/wp-content\/uploads\/2025\/05\/A_UNO_1491067-740x430-1.jpg",740,430,false],"2048x2048":["https:\/\/www.koncevisiontv.cl\/web\/wp-content\/uploads\/2025\/05\/A_UNO_1491067-740x430-1.jpg",740,430,false],"darknews-featured":["https:\/\/www.koncevisiontv.cl\/web\/wp-content\/uploads\/2025\/05\/A_UNO_1491067-740x430-1.jpg",740,430,false],"darknews-large":["https:\/\/www.koncevisiontv.cl\/web\/wp-content\/uploads\/2025\/05\/A_UNO_1491067-740x430-1.jpg",740,430,false],"darknews-medium":["https:\/\/www.koncevisiontv.cl\/web\/wp-content\/uploads\/2025\/05\/A_UNO_1491067-740x430-1-590x410.jpg",590,410,true]},"author_info":{"info":["Web-Master"]},"category_info":"<a href=\"https:\/\/www.koncevisiontv.cl\/web\/category\/nacional\/\" rel=\"category tag\">Nacional<\/a>","tag_info":"Nacional","comment_count":"0","uagb_featured_image_src":{"full":["https:\/\/www.koncevisiontv.cl\/web\/wp-content\/uploads\/2025\/05\/A_UNO_1491067-740x430-1.jpg",740,430,false],"thumbnail":["https:\/\/www.koncevisiontv.cl\/web\/wp-content\/uploads\/2025\/05\/A_UNO_1491067-740x430-1-150x150.jpg",150,150,true],"medium":["https:\/\/www.koncevisiontv.cl\/web\/wp-content\/uploads\/2025\/05\/A_UNO_1491067-740x430-1-300x174.jpg",300,174,true],"medium_large":["https:\/\/www.koncevisiontv.cl\/web\/wp-content\/uploads\/2025\/05\/A_UNO_1491067-740x430-1.jpg",640,372,false],"large":["https:\/\/www.koncevisiontv.cl\/web\/wp-content\/uploads\/2025\/05\/A_UNO_1491067-740x430-1.jpg",640,372,false],"1536x1536":["https:\/\/www.koncevisiontv.cl\/web\/wp-content\/uploads\/2025\/05\/A_UNO_1491067-740x430-1.jpg",740,430,false],"2048x2048":["https:\/\/www.koncevisiontv.cl\/web\/wp-content\/uploads\/2025\/05\/A_UNO_1491067-740x430-1.jpg",740,430,false],"darknews-featured":["https:\/\/www.koncevisiontv.cl\/web\/wp-content\/uploads\/2025\/05\/A_UNO_1491067-740x430-1.jpg",740,430,false],"darknews-large":["https:\/\/www.koncevisiontv.cl\/web\/wp-content\/uploads\/2025\/05\/A_UNO_1491067-740x430-1.jpg",740,430,false],"darknews-medium":["https:\/\/www.koncevisiontv.cl\/web\/wp-content\/uploads\/2025\/05\/A_UNO_1491067-740x430-1-590x410.jpg",590,410,true]},"uagb_author_info":{"display_name":"Web-Master","author_link":"https:\/\/www.koncevisiontv.cl\/web\/author\/koncevision\/"},"uagb_comment_info":0,"uagb_excerpt":"El exministro de Desarrollo Social, Giorgio Jackson, figura en la lista de &#8220;personas de inter\u00e9s&#8221; dentro de la","_links":{"self":[{"href":"https:\/\/www.koncevisiontv.cl\/web\/wp-json\/wp\/v2\/posts\/7895","targetHints":{"allow":["GET"]}}],"collection":[{"href":"https:\/\/www.koncevisiontv.cl\/web\/wp-json\/wp\/v2\/posts"}],"about":[{"href":"https:\/\/www.koncevisiontv.cl\/web\/wp-json\/wp\/v2\/types\/post"}],"author":[{"embeddable":true,"href":"https:\/\/www.koncevisiontv.cl\/web\/wp-json\/wp\/v2\/users\/5"}],"replies":[{"embeddable":true,"href":"https:\/\/www.koncevisiontv.cl\/web\/wp-json\/wp\/v2\/comments?post=7895"}],"version-history":[{"count":1,"href":"https:\/\/www.koncevisiontv.cl\/web\/wp-json\/wp\/v2\/posts\/7895\/revisions"}],"predecessor-version":[{"id":7897,"href":"https:\/\/www.koncevisiontv.cl\/web\/wp-json\/wp\/v2\/posts\/7895\/revisions\/7897"}],"wp:featuredmedia":[{"embeddable":true,"href":"https:\/\/www.koncevisiontv.cl\/web\/wp-json\/wp\/v2\/media\/7896"}],"wp:attachment":[{"href":"https:\/\/www.koncevisiontv.cl\/web\/wp-json\/wp\/v2\/media?parent=7895"}],"wp:term":[{"taxonomy":"category","embeddable":true,"href":"https:\/\/www.koncevisiontv.cl\/web\/wp-json\/wp\/v2\/categories?post=7895"},{"taxonomy":"post_tag","embeddable":true,"href":"https:\/\/www.koncevisiontv.cl\/web\/wp-json\/wp\/v2\/tags?post=7895"}],"curies":[{"name":"wp","href":"https:\/\/api.w.org\/{rel}","templated":true}]}}