{"id":7899,"date":"2025-05-13T13:20:27","date_gmt":"2025-05-13T17:20:27","guid":{"rendered":"https:\/\/www.koncevisiontv.cl\/web\/?p=7899"},"modified":"2025-05-13T13:20:33","modified_gmt":"2025-05-13T17:20:33","slug":"alberto-larrain-niega-financiamiento-procultura-campana-boric","status":"publish","type":"post","link":"https:\/\/www.koncevisiontv.cl\/web\/alberto-larrain-niega-financiamiento-procultura-campana-boric\/","title":{"rendered":"Alberto Larra\u00edn Niega Financiamiento de ProCultura a Campa\u00f1a de Boric"},"content":{"rendered":"\n<p class=\"wp-block-paragraph\">El exl\u00edder de la fundaci\u00f3n ProCultura, Alberto Larra\u00edn, ha emitido un comunicado p\u00fablico en el que aborda las acusaciones que lo vinculan con el caso Convenios, incluyendo las que sugieren un presunto financiamiento ilegal a la campa\u00f1a presidencial de Gabriel Boric.<\/p>\n\n\n\n<h3 class=\"wp-block-heading\">&#8220;Nunca se gener\u00f3 financiamiento&#8221;<\/h3>\n\n\n\n<p class=\"wp-block-paragraph\">Larra\u00edn fue enf\u00e1tico al se\u00f1alar que &#8220;nunca se gener\u00f3 financiamiento desde la Fundaci\u00f3n ProCultura a la campa\u00f1a presidencial de Gabriel<sup><\/sup> Boric, ni a ninguna otra campa\u00f1a pol\u00edtica&#8221;. Adem\u00e1s, destac\u00f3 que la fundaci\u00f3n no ten\u00eda adherencia pol\u00edtica y que su trabajo se basaba en la colaboraci\u00f3n con diversas sensibilidades para trabajar en las zonas m\u00e1s vulnerables. &nbsp;<\/p>\n\n\n\n<h3 class=\"wp-block-heading\">Proyectos bajo la administraci\u00f3n Pi\u00f1era<\/h3>\n\n\n\n<p class=\"wp-block-paragraph\">El psiquiatra tambi\u00e9n se refiri\u00f3 a los proyectos investigados, indicando que &#8220;varios de los proyectos hoy investigados, como aquellos del Ministerio de Vivienda y Urbanismo y el proyecto de recuperaci\u00f3n de fachadas en Antofagasta, fueron promovidos bajo la administraci\u00f3n<sup><\/sup> del ex Pdte. Sebasti\u00e1n Pi\u00f1era&#8221;. Subray\u00f3 que fue el Estado o los Gobiernos Regionales quienes solicitaron a la Fundaci\u00f3n ProCultura como ejecutor. &nbsp;<\/p>\n\n\n\n<h3 class=\"wp-block-heading\">Negativa de enriquecimiento personal<\/h3>\n\n\n\n<p class=\"wp-block-paragraph\">En su declaraci\u00f3n, Larra\u00edn tambi\u00e9n neg\u00f3 haberse enriquecido con este proceso. &#8220;Por el contrario, cuando se desat\u00f3 la crisis y el Estado decidi\u00f3 cancelar convenios, desestimar licitaciones ya adjudicadas e incluso impedir la recepci\u00f3n de donaciones privadas, esto produjo su quiebra. En ese momento, nuestra prioridad fue proteger a los trabajadores, y muchos de nosotros suspendimos<sup><\/sup> nuestras remuneraciones&#8221;, afirm\u00f3. &nbsp;<\/p>\n\n\n\n<h3 class=\"wp-block-heading\">Llamado a la prudencia<\/h3>\n\n\n\n<p class=\"wp-block-paragraph\">Finalmente, Alberto Larra\u00edn solicit\u00f3 que &#8220;las opiniones sean m\u00e1s informadas, menos descontextualizadas, y as\u00ed quienes tienen la misi\u00f3n de informar casos complejos a la ciudadan\u00eda respeten principios b\u00e1sicos de nuestro ordenamiento jur\u00eddico, c\u00f3mo<sup><\/sup> son, entre otros, el principio de inocencia&#8221;<\/p>\n","protected":false},"excerpt":{"rendered":"<p>El exl\u00edder de la fundaci\u00f3n ProCultura, Alberto Larra\u00edn, ha emitido un comunicado p\u00fablico en el que aborda las<\/p>\n","protected":false},"author":5,"featured_media":7900,"comment_status":"open","ping_status":"open","sticky":false,"template":"","format":"standard","meta":{"_crdt_document":"","_uag_custom_page_level_css":"","_sitemap_exclude":false,"_sitemap_priority":"","_sitemap_frequency":"","_joinchat":[],"footnotes":""},"categories":[14],"tags":[],"class_list":["post-7899","post","type-post","status-publish","format-standard","has-post-thumbnail","hentry","category-nacional"],"featured_image_urls":{"full":["https:\/\/www.koncevisiontv.cl\/web\/wp-content\/uploads\/2025\/05\/Alberto-Larrain-740x430-1.jpeg",740,430,false],"thumbnail":["https:\/\/www.koncevisiontv.cl\/web\/wp-content\/uploads\/2025\/05\/Alberto-Larrain-740x430-1-150x150.jpeg",150,150,true],"medium":["https:\/\/www.koncevisiontv.cl\/web\/wp-content\/uploads\/2025\/05\/Alberto-Larrain-740x430-1-300x174.jpeg",300,174,true],"medium_large":["https:\/\/www.koncevisiontv.cl\/web\/wp-content\/uploads\/2025\/05\/Alberto-Larrain-740x430-1.jpeg",640,372,false],"large":["https:\/\/www.koncevisiontv.cl\/web\/wp-content\/uploads\/2025\/05\/Alberto-Larrain-740x430-1.jpeg",640,372,false],"1536x1536":["https:\/\/www.koncevisiontv.cl\/web\/wp-content\/uploads\/2025\/05\/Alberto-Larrain-740x430-1.jpeg",740,430,false],"2048x2048":["https:\/\/www.koncevisiontv.cl\/web\/wp-content\/uploads\/2025\/05\/Alberto-Larrain-740x430-1.jpeg",740,430,false],"darknews-featured":["https:\/\/www.koncevisiontv.cl\/web\/wp-content\/uploads\/2025\/05\/Alberto-Larrain-740x430-1.jpeg",740,430,false],"darknews-large":["https:\/\/www.koncevisiontv.cl\/web\/wp-content\/uploads\/2025\/05\/Alberto-Larrain-740x430-1.jpeg",740,430,false],"darknews-medium":["https:\/\/www.koncevisiontv.cl\/web\/wp-content\/uploads\/2025\/05\/Alberto-Larrain-740x430-1-590x410.jpeg",590,410,true]},"author_info":{"info":["Web-Master"]},"category_info":"<a href=\"https:\/\/www.koncevisiontv.cl\/web\/category\/nacional\/\" rel=\"category tag\">Nacional<\/a>","tag_info":"Nacional","comment_count":"0","uagb_featured_image_src":{"full":["https:\/\/www.koncevisiontv.cl\/web\/wp-content\/uploads\/2025\/05\/Alberto-Larrain-740x430-1.jpeg",740,430,false],"thumbnail":["https:\/\/www.koncevisiontv.cl\/web\/wp-content\/uploads\/2025\/05\/Alberto-Larrain-740x430-1-150x150.jpeg",150,150,true],"medium":["https:\/\/www.koncevisiontv.cl\/web\/wp-content\/uploads\/2025\/05\/Alberto-Larrain-740x430-1-300x174.jpeg",300,174,true],"medium_large":["https:\/\/www.koncevisiontv.cl\/web\/wp-content\/uploads\/2025\/05\/Alberto-Larrain-740x430-1.jpeg",640,372,false],"large":["https:\/\/www.koncevisiontv.cl\/web\/wp-content\/uploads\/2025\/05\/Alberto-Larrain-740x430-1.jpeg",640,372,false],"1536x1536":["https:\/\/www.koncevisiontv.cl\/web\/wp-content\/uploads\/2025\/05\/Alberto-Larrain-740x430-1.jpeg",740,430,false],"2048x2048":["https:\/\/www.koncevisiontv.cl\/web\/wp-content\/uploads\/2025\/05\/Alberto-Larrain-740x430-1.jpeg",740,430,false],"darknews-featured":["https:\/\/www.koncevisiontv.cl\/web\/wp-content\/uploads\/2025\/05\/Alberto-Larrain-740x430-1.jpeg",740,430,false],"darknews-large":["https:\/\/www.koncevisiontv.cl\/web\/wp-content\/uploads\/2025\/05\/Alberto-Larrain-740x430-1.jpeg",740,430,false],"darknews-medium":["https:\/\/www.koncevisiontv.cl\/web\/wp-content\/uploads\/2025\/05\/Alberto-Larrain-740x430-1-590x410.jpeg",590,410,true]},"uagb_author_info":{"display_name":"Web-Master","author_link":"https:\/\/www.koncevisiontv.cl\/web\/author\/koncevision\/"},"uagb_comment_info":0,"uagb_excerpt":"El exl\u00edder de la fundaci\u00f3n ProCultura, Alberto Larra\u00edn, ha emitido un comunicado p\u00fablico en el que aborda las","_links":{"self":[{"href":"https:\/\/www.koncevisiontv.cl\/web\/wp-json\/wp\/v2\/posts\/7899","targetHints":{"allow":["GET"]}}],"collection":[{"href":"https:\/\/www.koncevisiontv.cl\/web\/wp-json\/wp\/v2\/posts"}],"about":[{"href":"https:\/\/www.koncevisiontv.cl\/web\/wp-json\/wp\/v2\/types\/post"}],"author":[{"embeddable":true,"href":"https:\/\/www.koncevisiontv.cl\/web\/wp-json\/wp\/v2\/users\/5"}],"replies":[{"embeddable":true,"href":"https:\/\/www.koncevisiontv.cl\/web\/wp-json\/wp\/v2\/comments?post=7899"}],"version-history":[{"count":1,"href":"https:\/\/www.koncevisiontv.cl\/web\/wp-json\/wp\/v2\/posts\/7899\/revisions"}],"predecessor-version":[{"id":7901,"href":"https:\/\/www.koncevisiontv.cl\/web\/wp-json\/wp\/v2\/posts\/7899\/revisions\/7901"}],"wp:featuredmedia":[{"embeddable":true,"href":"https:\/\/www.koncevisiontv.cl\/web\/wp-json\/wp\/v2\/media\/7900"}],"wp:attachment":[{"href":"https:\/\/www.koncevisiontv.cl\/web\/wp-json\/wp\/v2\/media?parent=7899"}],"wp:term":[{"taxonomy":"category","embeddable":true,"href":"https:\/\/www.koncevisiontv.cl\/web\/wp-json\/wp\/v2\/categories?post=7899"},{"taxonomy":"post_tag","embeddable":true,"href":"https:\/\/www.koncevisiontv.cl\/web\/wp-json\/wp\/v2\/tags?post=7899"}],"curies":[{"name":"wp","href":"https:\/\/api.w.org\/{rel}","templated":true}]}}