{"id":7902,"date":"2025-05-13T13:27:43","date_gmt":"2025-05-13T17:27:43","guid":{"rendered":"https:\/\/www.koncevisiontv.cl\/web\/?p=7902"},"modified":"2025-05-13T13:27:47","modified_gmt":"2025-05-13T17:27:47","slug":"caso-procultura-soto-cifras-actores","status":"publish","type":"post","link":"https:\/\/www.koncevisiontv.cl\/web\/caso-procultura-soto-cifras-actores\/","title":{"rendered":"Caso ProCultura: Latife Soto Revela Cifras Significativas y Posibles Actores Clave"},"content":{"rendered":"\n<p class=\"wp-block-paragraph\">La m\u00e9dium Latife Soto no solo ha alertado sobre la salud del Presidente Boric y un posible pacto pol\u00edtico, sino que tambi\u00e9n ha ofrecido detalles sobre la magnitud de los fondos involucrados en el caso ProCultura y ha insinuado la participaci\u00f3n de actores relevantes en el escenario pol\u00edtico.<\/p>\n\n\n\n<h2 class=\"wp-block-heading\">Cifras Millonarias en el Caso ProCultura<\/h2>\n\n\n\n<p class=\"wp-block-paragraph\">Seg\u00fan las revelaciones de Latife Soto, el caso ProCultura podr\u00eda implicar una suma considerable de dinero. Si bien no especific\u00f3 montos exactos, habl\u00f3 de &#8220;grandes sumas&#8221; y un impacto financiero significativo que podr\u00eda remecer las arcas fiscales y la confianza p\u00fablica. Esta magnitud de recursos en cuesti\u00f3n a\u00f1ade gravedad al esc\u00e1ndalo y aumenta la expectaci\u00f3n sobre las investigaciones en curso.<\/p>\n\n\n\n<h2 class=\"wp-block-heading\">Posibles Actores Bajo la Lupa<\/h2>\n\n\n\n<p class=\"wp-block-paragraph\">Aunque Latife Soto no proporcion\u00f3 nombres concretos, s\u00ed sugiri\u00f3 que varios actores del mundo pol\u00edtico podr\u00edan estar implicados o verse afectados por el desarrollo del caso ProCultura. Mencion\u00f3 la posibilidad de &#8220;traiciones&#8221; y &#8220;enga\u00f1os&#8221; dentro de los partidos y alianzas, lo que abre la puerta a especulaciones sobre qu\u00e9 figuras podr\u00edan ser objeto de investigaci\u00f3n o escrutinio p\u00fablico en el futuro cercano. Sus palabras insin\u00faan que el esc\u00e1ndalo podr\u00eda extenderse m\u00e1s all\u00e1 de los nombres que han salido a la luz hasta ahora.<\/p>\n\n\n\n<h2 class=\"wp-block-heading\">Implicaciones Pol\u00edticas y Sociales<\/h2>\n\n\n\n<p class=\"wp-block-paragraph\">Las predicciones de Latife Soto sobre las cifras millonarias y los posibles actores involucrados intensifican la crisis pol\u00edtica generada por el caso ProCultura. La ciudadan\u00eda observa con atenci\u00f3n el desarrollo de los acontecimientos, exigiendo transparencia y justicia. La revelaci\u00f3n de montos significativos podr\u00eda exacerbar la indignaci\u00f3n p\u00fablica, mientras que la insinuaci\u00f3n de la participaci\u00f3n de actores clave a\u00f1ade incertidumbre y tensi\u00f3n al panorama pol\u00edtico nacional.<\/p>\n","protected":false},"excerpt":{"rendered":"<p>La m\u00e9dium Latife Soto no solo ha alertado sobre la salud del Presidente Boric y un posible pacto<\/p>\n","protected":false},"author":5,"featured_media":7903,"comment_status":"open","ping_status":"open","sticky":false,"template":"","format":"standard","meta":{"_crdt_document":"","_uag_custom_page_level_css":"","_sitemap_exclude":false,"_sitemap_priority":"","_sitemap_frequency":"","_joinchat":[],"footnotes":""},"categories":[14],"tags":[],"class_list":["post-7902","post","type-post","status-publish","format-standard","has-post-thumbnail","hentry","category-nacional"],"featured_image_urls":{"full":["https:\/\/www.koncevisiontv.cl\/web\/wp-content\/uploads\/2025\/05\/V6VRH6F4LZD5RDVZP2AWKG7RLY.avif",1023,682,false],"thumbnail":["https:\/\/www.koncevisiontv.cl\/web\/wp-content\/uploads\/2025\/05\/V6VRH6F4LZD5RDVZP2AWKG7RLY-150x150.avif",150,150,true],"medium":["https:\/\/www.koncevisiontv.cl\/web\/wp-content\/uploads\/2025\/05\/V6VRH6F4LZD5RDVZP2AWKG7RLY-300x200.avif",300,200,true],"medium_large":["https:\/\/www.koncevisiontv.cl\/web\/wp-content\/uploads\/2025\/05\/V6VRH6F4LZD5RDVZP2AWKG7RLY-768x512.avif",640,427,true],"large":["https:\/\/www.koncevisiontv.cl\/web\/wp-content\/uploads\/2025\/05\/V6VRH6F4LZD5RDVZP2AWKG7RLY.avif",640,427,false],"1536x1536":["https:\/\/www.koncevisiontv.cl\/web\/wp-content\/uploads\/2025\/05\/V6VRH6F4LZD5RDVZP2AWKG7RLY.avif",1023,682,false],"2048x2048":["https:\/\/www.koncevisiontv.cl\/web\/wp-content\/uploads\/2025\/05\/V6VRH6F4LZD5RDVZP2AWKG7RLY.avif",1023,682,false],"darknews-featured":["https:\/\/www.koncevisiontv.cl\/web\/wp-content\/uploads\/2025\/05\/V6VRH6F4LZD5RDVZP2AWKG7RLY.avif",1023,682,false],"darknews-large":["https:\/\/www.koncevisiontv.cl\/web\/wp-content\/uploads\/2025\/05\/V6VRH6F4LZD5RDVZP2AWKG7RLY-825x575.avif",825,575,true],"darknews-medium":["https:\/\/www.koncevisiontv.cl\/web\/wp-content\/uploads\/2025\/05\/V6VRH6F4LZD5RDVZP2AWKG7RLY-590x410.avif",590,410,true]},"author_info":{"info":["Web-Master"]},"category_info":"<a href=\"https:\/\/www.koncevisiontv.cl\/web\/category\/nacional\/\" rel=\"category tag\">Nacional<\/a>","tag_info":"Nacional","comment_count":"0","uagb_featured_image_src":{"full":["https:\/\/www.koncevisiontv.cl\/web\/wp-content\/uploads\/2025\/05\/V6VRH6F4LZD5RDVZP2AWKG7RLY.avif",1023,682,false],"thumbnail":["https:\/\/www.koncevisiontv.cl\/web\/wp-content\/uploads\/2025\/05\/V6VRH6F4LZD5RDVZP2AWKG7RLY-150x150.avif",150,150,true],"medium":["https:\/\/www.koncevisiontv.cl\/web\/wp-content\/uploads\/2025\/05\/V6VRH6F4LZD5RDVZP2AWKG7RLY-300x200.avif",300,200,true],"medium_large":["https:\/\/www.koncevisiontv.cl\/web\/wp-content\/uploads\/2025\/05\/V6VRH6F4LZD5RDVZP2AWKG7RLY-768x512.avif",640,427,true],"large":["https:\/\/www.koncevisiontv.cl\/web\/wp-content\/uploads\/2025\/05\/V6VRH6F4LZD5RDVZP2AWKG7RLY.avif",640,427,false],"1536x1536":["https:\/\/www.koncevisiontv.cl\/web\/wp-content\/uploads\/2025\/05\/V6VRH6F4LZD5RDVZP2AWKG7RLY.avif",1023,682,false],"2048x2048":["https:\/\/www.koncevisiontv.cl\/web\/wp-content\/uploads\/2025\/05\/V6VRH6F4LZD5RDVZP2AWKG7RLY.avif",1023,682,false],"darknews-featured":["https:\/\/www.koncevisiontv.cl\/web\/wp-content\/uploads\/2025\/05\/V6VRH6F4LZD5RDVZP2AWKG7RLY.avif",1023,682,false],"darknews-large":["https:\/\/www.koncevisiontv.cl\/web\/wp-content\/uploads\/2025\/05\/V6VRH6F4LZD5RDVZP2AWKG7RLY-825x575.avif",825,575,true],"darknews-medium":["https:\/\/www.koncevisiontv.cl\/web\/wp-content\/uploads\/2025\/05\/V6VRH6F4LZD5RDVZP2AWKG7RLY-590x410.avif",590,410,true]},"uagb_author_info":{"display_name":"Web-Master","author_link":"https:\/\/www.koncevisiontv.cl\/web\/author\/koncevision\/"},"uagb_comment_info":0,"uagb_excerpt":"La m\u00e9dium Latife Soto no solo ha alertado sobre la salud del Presidente Boric y un posible pacto","_links":{"self":[{"href":"https:\/\/www.koncevisiontv.cl\/web\/wp-json\/wp\/v2\/posts\/7902","targetHints":{"allow":["GET"]}}],"collection":[{"href":"https:\/\/www.koncevisiontv.cl\/web\/wp-json\/wp\/v2\/posts"}],"about":[{"href":"https:\/\/www.koncevisiontv.cl\/web\/wp-json\/wp\/v2\/types\/post"}],"author":[{"embeddable":true,"href":"https:\/\/www.koncevisiontv.cl\/web\/wp-json\/wp\/v2\/users\/5"}],"replies":[{"embeddable":true,"href":"https:\/\/www.koncevisiontv.cl\/web\/wp-json\/wp\/v2\/comments?post=7902"}],"version-history":[{"count":1,"href":"https:\/\/www.koncevisiontv.cl\/web\/wp-json\/wp\/v2\/posts\/7902\/revisions"}],"predecessor-version":[{"id":7904,"href":"https:\/\/www.koncevisiontv.cl\/web\/wp-json\/wp\/v2\/posts\/7902\/revisions\/7904"}],"wp:featuredmedia":[{"embeddable":true,"href":"https:\/\/www.koncevisiontv.cl\/web\/wp-json\/wp\/v2\/media\/7903"}],"wp:attachment":[{"href":"https:\/\/www.koncevisiontv.cl\/web\/wp-json\/wp\/v2\/media?parent=7902"}],"wp:term":[{"taxonomy":"category","embeddable":true,"href":"https:\/\/www.koncevisiontv.cl\/web\/wp-json\/wp\/v2\/categories?post=7902"},{"taxonomy":"post_tag","embeddable":true,"href":"https:\/\/www.koncevisiontv.cl\/web\/wp-json\/wp\/v2\/tags?post=7902"}],"curies":[{"name":"wp","href":"https:\/\/api.w.org\/{rel}","templated":true}]}}