{"id":7905,"date":"2025-05-13T13:43:38","date_gmt":"2025-05-13T17:43:38","guid":{"rendered":"https:\/\/www.koncevisiontv.cl\/web\/?p=7905"},"modified":"2025-05-13T15:36:55","modified_gmt":"2025-05-13T19:36:55","slug":"pelea-entre-choferes-valparaiso-escandalo","status":"publish","type":"post","link":"https:\/\/www.koncevisiontv.cl\/web\/pelea-entre-choferes-valparaiso-escandalo\/","title":{"rendered":"Pelea entre Choferes en Valpara\u00edso: Pasajeros Graban Esc\u00e1ndalo"},"content":{"rendered":"\n<p class=\"wp-block-paragraph\">Una pelea entre choferes de transporte p\u00fablico en la Regi\u00f3n de Valpara\u00edso se ha viralizado, capturado en video por los propios pasajeros. El incidente, que involucr\u00f3 a conductores de la l\u00ednea 307 (Conc\u00f3n &#8211; Villa Alemana), escal\u00f3 r\u00e1pidamente hasta la agresi\u00f3n f\u00edsica, dejando a los usuarios at\u00f3nitos y preocupados.<\/p>\n\n\n\n<h3 class=\"wp-block-heading\">\u00bfQu\u00e9 Desencaden\u00f3 la Pelea?<\/h3>\n\n\n\n<figure class=\"wp-block-embed is-type-rich is-provider-twitter wp-block-embed-twitter\"><div class=\"wp-block-embed__wrapper\">\n<blockquote class=\"twitter-tweet\" data-width=\"550\" data-dnt=\"true\"><p lang=\"es\" dir=\"ltr\">En la regi\u00f3n, ninguna autoridad fiscaliza ni entrega soluci\u00f3n efectiva a la grave crisis del transporte p\u00fablico.Esta vez, lectores nos comparten un nuevo hecho ocurrido en Vi\u00f1a del Mar: conductores de la l\u00ednea 307 protagonizaron una violenta pelea por diferencias en los tiempos\u2026 <a href=\"https:\/\/t.co\/M9gYvcAE6j\">pic.twitter.com\/M9gYvcAE6j<\/a><\/p>&mdash; Alerta Noticias Valpara\u00edso (@AlertaNoticiasV) <a href=\"https:\/\/twitter.com\/AlertaNoticiasV\/status\/1921656094184669288?ref_src=twsrc%5Etfw\" target=\"_blank\" rel=\"noopener\">May 11, 2025<\/a><\/blockquote><script async src=\"https:\/\/platform.twitter.com\/widgets.js\" charset=\"utf-8\"><\/script>\n<\/div><\/figure>\n\n\n\n<p class=\"wp-block-paragraph\">Seg\u00fan los registros, la disputa se origin\u00f3 por una maniobra de adelantamiento. Uno de los choferes acus\u00f3 al otro de &#8220;atravesarle la m\u00e1quina&#8221; y doblarle el espejo, lo que provoc\u00f3 una acalorada discusi\u00f3n que termin\u00f3 con ambos conductores baj\u00e1ndose de sus veh\u00edculos en pleno viaje para enfrentarse a golpes. Frases como &#8220;\u00a1P\u00e9game ahora!&#8221; y fuertes insultos se escuchan en el video, que r\u00e1pidamente se difundi\u00f3 en redes sociales.<\/p>\n\n\n\n<h3 class=\"wp-block-heading\">Reacci\u00f3n de las Autoridades<\/h3>\n\n\n\n<p class=\"wp-block-paragraph\">El seremi de Transporte regional, Benigno Retamal, calific\u00f3 el hecho como &#8220;inaceptable&#8221; y anunci\u00f3 que se present\u00f3 una denuncia ante el Ministerio P\u00fablico para que se investigue lo sucedido. Adem\u00e1s, solicit\u00f3 a la empresa operadora de la l\u00ednea de buses los antecedentes del caso. &#8220;Rechazamos cualquier acto de violencia que afecte a usuarios o trabajadores del transporte p\u00fablico. Actuaremos para que este tipo de conductas sean sancionadas y evitar que se normalicen&#8221;, declar\u00f3 Retamal.<\/p>\n\n\n\n<h3 class=\"wp-block-heading\">Impacto en el Transporte P\u00fablico<\/h3>\n\n\n\n<p class=\"wp-block-paragraph\">Este incidente pone de manifiesto, una vez m\u00e1s, la tensi\u00f3n que se vive en el transporte p\u00fablico de la Regi\u00f3n de Valpara\u00edso. La falta de fiscalizaci\u00f3n y una soluci\u00f3n efectiva a la crisis del sector son temas recurrentes, seg\u00fan reportan los usuarios.<\/p>\n\n\n\n<p class=\"wp-block-paragraph\"><\/p>\n","protected":false},"excerpt":{"rendered":"<p>Una pelea entre choferes de transporte p\u00fablico en la Regi\u00f3n de Valpara\u00edso se ha viralizado, capturado en video<\/p>\n","protected":false},"author":5,"featured_media":7906,"comment_status":"open","ping_status":"open","sticky":false,"template":"","format":"standard","meta":{"_crdt_document":"","_uag_custom_page_level_css":"","_sitemap_exclude":false,"_sitemap_priority":"","_sitemap_frequency":"","_joinchat":[],"footnotes":""},"categories":[14],"tags":[],"class_list":["post-7905","post","type-post","status-publish","format-standard","has-post-thumbnail","hentry","category-nacional"],"featured_image_urls":{"full":["https:\/\/www.koncevisiontv.cl\/web\/wp-content\/uploads\/2025\/05\/S6KXV23S4FAGNKCUTPATKDS3EY.avif",1023,682,false],"thumbnail":["https:\/\/www.koncevisiontv.cl\/web\/wp-content\/uploads\/2025\/05\/S6KXV23S4FAGNKCUTPATKDS3EY-150x150.avif",150,150,true],"medium":["https:\/\/www.koncevisiontv.cl\/web\/wp-content\/uploads\/2025\/05\/S6KXV23S4FAGNKCUTPATKDS3EY-300x200.avif",300,200,true],"medium_large":["https:\/\/www.koncevisiontv.cl\/web\/wp-content\/uploads\/2025\/05\/S6KXV23S4FAGNKCUTPATKDS3EY-768x512.avif",640,427,true],"large":["https:\/\/www.koncevisiontv.cl\/web\/wp-content\/uploads\/2025\/05\/S6KXV23S4FAGNKCUTPATKDS3EY.avif",640,427,false],"1536x1536":["https:\/\/www.koncevisiontv.cl\/web\/wp-content\/uploads\/2025\/05\/S6KXV23S4FAGNKCUTPATKDS3EY.avif",1023,682,false],"2048x2048":["https:\/\/www.koncevisiontv.cl\/web\/wp-content\/uploads\/2025\/05\/S6KXV23S4FAGNKCUTPATKDS3EY.avif",1023,682,false],"darknews-featured":["https:\/\/www.koncevisiontv.cl\/web\/wp-content\/uploads\/2025\/05\/S6KXV23S4FAGNKCUTPATKDS3EY.avif",1023,682,false],"darknews-large":["https:\/\/www.koncevisiontv.cl\/web\/wp-content\/uploads\/2025\/05\/S6KXV23S4FAGNKCUTPATKDS3EY-825x575.avif",825,575,true],"darknews-medium":["https:\/\/www.koncevisiontv.cl\/web\/wp-content\/uploads\/2025\/05\/S6KXV23S4FAGNKCUTPATKDS3EY-590x410.avif",590,410,true]},"author_info":{"info":["Web-Master"]},"category_info":"<a href=\"https:\/\/www.koncevisiontv.cl\/web\/category\/nacional\/\" rel=\"category tag\">Nacional<\/a>","tag_info":"Nacional","comment_count":"0","uagb_featured_image_src":{"full":["https:\/\/www.koncevisiontv.cl\/web\/wp-content\/uploads\/2025\/05\/S6KXV23S4FAGNKCUTPATKDS3EY.avif",1023,682,false],"thumbnail":["https:\/\/www.koncevisiontv.cl\/web\/wp-content\/uploads\/2025\/05\/S6KXV23S4FAGNKCUTPATKDS3EY-150x150.avif",150,150,true],"medium":["https:\/\/www.koncevisiontv.cl\/web\/wp-content\/uploads\/2025\/05\/S6KXV23S4FAGNKCUTPATKDS3EY-300x200.avif",300,200,true],"medium_large":["https:\/\/www.koncevisiontv.cl\/web\/wp-content\/uploads\/2025\/05\/S6KXV23S4FAGNKCUTPATKDS3EY-768x512.avif",640,427,true],"large":["https:\/\/www.koncevisiontv.cl\/web\/wp-content\/uploads\/2025\/05\/S6KXV23S4FAGNKCUTPATKDS3EY.avif",640,427,false],"1536x1536":["https:\/\/www.koncevisiontv.cl\/web\/wp-content\/uploads\/2025\/05\/S6KXV23S4FAGNKCUTPATKDS3EY.avif",1023,682,false],"2048x2048":["https:\/\/www.koncevisiontv.cl\/web\/wp-content\/uploads\/2025\/05\/S6KXV23S4FAGNKCUTPATKDS3EY.avif",1023,682,false],"darknews-featured":["https:\/\/www.koncevisiontv.cl\/web\/wp-content\/uploads\/2025\/05\/S6KXV23S4FAGNKCUTPATKDS3EY.avif",1023,682,false],"darknews-large":["https:\/\/www.koncevisiontv.cl\/web\/wp-content\/uploads\/2025\/05\/S6KXV23S4FAGNKCUTPATKDS3EY-825x575.avif",825,575,true],"darknews-medium":["https:\/\/www.koncevisiontv.cl\/web\/wp-content\/uploads\/2025\/05\/S6KXV23S4FAGNKCUTPATKDS3EY-590x410.avif",590,410,true]},"uagb_author_info":{"display_name":"Web-Master","author_link":"https:\/\/www.koncevisiontv.cl\/web\/author\/koncevision\/"},"uagb_comment_info":0,"uagb_excerpt":"Una pelea entre choferes de transporte p\u00fablico en la Regi\u00f3n de Valpara\u00edso se ha viralizado, capturado en video","_links":{"self":[{"href":"https:\/\/www.koncevisiontv.cl\/web\/wp-json\/wp\/v2\/posts\/7905","targetHints":{"allow":["GET"]}}],"collection":[{"href":"https:\/\/www.koncevisiontv.cl\/web\/wp-json\/wp\/v2\/posts"}],"about":[{"href":"https:\/\/www.koncevisiontv.cl\/web\/wp-json\/wp\/v2\/types\/post"}],"author":[{"embeddable":true,"href":"https:\/\/www.koncevisiontv.cl\/web\/wp-json\/wp\/v2\/users\/5"}],"replies":[{"embeddable":true,"href":"https:\/\/www.koncevisiontv.cl\/web\/wp-json\/wp\/v2\/comments?post=7905"}],"version-history":[{"count":2,"href":"https:\/\/www.koncevisiontv.cl\/web\/wp-json\/wp\/v2\/posts\/7905\/revisions"}],"predecessor-version":[{"id":7909,"href":"https:\/\/www.koncevisiontv.cl\/web\/wp-json\/wp\/v2\/posts\/7905\/revisions\/7909"}],"wp:featuredmedia":[{"embeddable":true,"href":"https:\/\/www.koncevisiontv.cl\/web\/wp-json\/wp\/v2\/media\/7906"}],"wp:attachment":[{"href":"https:\/\/www.koncevisiontv.cl\/web\/wp-json\/wp\/v2\/media?parent=7905"}],"wp:term":[{"taxonomy":"category","embeddable":true,"href":"https:\/\/www.koncevisiontv.cl\/web\/wp-json\/wp\/v2\/categories?post=7905"},{"taxonomy":"post_tag","embeddable":true,"href":"https:\/\/www.koncevisiontv.cl\/web\/wp-json\/wp\/v2\/tags?post=7905"}],"curies":[{"name":"wp","href":"https:\/\/api.w.org\/{rel}","templated":true}]}}