{"id":7910,"date":"2025-05-13T15:53:54","date_gmt":"2025-05-13T19:53:54","guid":{"rendered":"https:\/\/www.koncevisiontv.cl\/web\/?p=7910"},"modified":"2025-05-13T15:53:57","modified_gmt":"2025-05-13T19:53:57","slug":"fallece-jose-mujica-legado-reacciones-expresidente-uruguayo","status":"publish","type":"post","link":"https:\/\/www.koncevisiontv.cl\/web\/fallece-jose-mujica-legado-reacciones-expresidente-uruguayo\/","title":{"rendered":"Fallece Jos\u00e9 Mujica: Legado y Reacciones del Expresidente Uruguayo"},"content":{"rendered":"\n<p class=\"wp-block-paragraph\">A los 89 a\u00f1os, el mundo se despide de Jos\u00e9  Mujica, el expresidente de Uruguay cuyo legado trascendi\u00f3 fronteras. Su fallecimiento, confirmado por el actual presidente Yamand\u00fa Orsi, ha generado una ola de reacciones a nivel internacional.<\/p>\n\n\n\n<p class=\"wp-block-paragraph\"><strong>Un L\u00edder Progresista y Referente Regional<\/strong><\/p>\n\n\n\n<p class=\"wp-block-paragraph\">Orsi expres\u00f3 su profundo pesar por la p\u00e9rdida, destacando a Mujica como presidente, militante, referente y l\u00edder. Mujica fue una figura clave del progresismo latinoamericano, un pol\u00edtico que marc\u00f3 una era y cuya influencia se extendi\u00f3 por toda la regi\u00f3n. <a target=\"_blank\" rel=\"noreferrer noopener\" href=\"https:\/\/www.infobae.com\/colombia\/2025\/05\/13\/fallecio-pepe-mujica-este-fue-el-legado-de-un-defensor-del-dialogo-y-la-paz-de-colombia-yo-tambien-crei-que-la-violencia-era-el-camino\/\">Enlace a art\u00edculo de Infobae sobre el legado de Mujica<\/a><\/p>\n\n\n\n<p class=\"wp-block-paragraph\"><strong>El Legado de &#8220;Pepe&#8221; Mujica<\/strong><\/p>\n\n\n\n<p class=\"wp-block-paragraph\">M\u00e1s all\u00e1 de su cargo como presidente entre 2010 y 2015, Mujica dej\u00f3 una huella imborrable por su estilo de vida austero y su compromiso con las causas sociales. Su figura se convirti\u00f3 en un s\u00edmbolo de la izquierda latinoamericana. <a target=\"_blank\" rel=\"noreferrer noopener\" href=\"https:\/\/www.bbc.com\/mundo\/articles\/cd11qpqdz2ko\">Enlace a art\u00edculo de BBC Mundo sobre Mujica<\/a><\/p>\n\n\n\n<p class=\"wp-block-paragraph\"><strong>Reacciones ante su Fallecimiento<\/strong><\/p>\n\n\n\n<p class=\"wp-block-paragraph\">La noticia de su muerte ha provocado numerosas reacciones de l\u00edderes pol\u00edticos y figuras p\u00fablicas de todo el mundo, quienes han destacado su integridad, su lucha por la justicia social y su incansable defensa de los derechos humanos.<\/p>\n","protected":false},"excerpt":{"rendered":"<p>A los 89 a\u00f1os, el mundo se despide de Jos\u00e9 Mujica, el expresidente de Uruguay cuyo legado trascendi\u00f3<\/p>\n","protected":false},"author":5,"featured_media":7911,"comment_status":"open","ping_status":"open","sticky":false,"template":"","format":"standard","meta":{"_crdt_document":"","_uag_custom_page_level_css":"","_sitemap_exclude":false,"_sitemap_priority":"","_sitemap_frequency":"","_joinchat":[],"footnotes":""},"categories":[14],"tags":[],"class_list":["post-7910","post","type-post","status-publish","format-standard","has-post-thumbnail","hentry","category-nacional"],"featured_image_urls":{"full":["https:\/\/www.koncevisiontv.cl\/web\/wp-content\/uploads\/2025\/05\/20250513073919_expresidenteuruguayjosemu_amp_w1200.jpg",1200,800,false],"thumbnail":["https:\/\/www.koncevisiontv.cl\/web\/wp-content\/uploads\/2025\/05\/20250513073919_expresidenteuruguayjosemu_amp_w1200-150x150.jpg",150,150,true],"medium":["https:\/\/www.koncevisiontv.cl\/web\/wp-content\/uploads\/2025\/05\/20250513073919_expresidenteuruguayjosemu_amp_w1200-300x200.jpg",300,200,true],"medium_large":["https:\/\/www.koncevisiontv.cl\/web\/wp-content\/uploads\/2025\/05\/20250513073919_expresidenteuruguayjosemu_amp_w1200-768x512.jpg",640,427,true],"large":["https:\/\/www.koncevisiontv.cl\/web\/wp-content\/uploads\/2025\/05\/20250513073919_expresidenteuruguayjosemu_amp_w1200-1024x683.jpg",640,427,true],"1536x1536":["https:\/\/www.koncevisiontv.cl\/web\/wp-content\/uploads\/2025\/05\/20250513073919_expresidenteuruguayjosemu_amp_w1200.jpg",1200,800,false],"2048x2048":["https:\/\/www.koncevisiontv.cl\/web\/wp-content\/uploads\/2025\/05\/20250513073919_expresidenteuruguayjosemu_amp_w1200.jpg",1200,800,false],"darknews-featured":["https:\/\/www.koncevisiontv.cl\/web\/wp-content\/uploads\/2025\/05\/20250513073919_expresidenteuruguayjosemu_amp_w1200-1024x683.jpg",1024,683,true],"darknews-large":["https:\/\/www.koncevisiontv.cl\/web\/wp-content\/uploads\/2025\/05\/20250513073919_expresidenteuruguayjosemu_amp_w1200-825x575.jpg",825,575,true],"darknews-medium":["https:\/\/www.koncevisiontv.cl\/web\/wp-content\/uploads\/2025\/05\/20250513073919_expresidenteuruguayjosemu_amp_w1200-590x410.jpg",590,410,true]},"author_info":{"info":["Web-Master"]},"category_info":"<a href=\"https:\/\/www.koncevisiontv.cl\/web\/category\/nacional\/\" rel=\"category tag\">Nacional<\/a>","tag_info":"Nacional","comment_count":"0","uagb_featured_image_src":{"full":["https:\/\/www.koncevisiontv.cl\/web\/wp-content\/uploads\/2025\/05\/20250513073919_expresidenteuruguayjosemu_amp_w1200.jpg",1200,800,false],"thumbnail":["https:\/\/www.koncevisiontv.cl\/web\/wp-content\/uploads\/2025\/05\/20250513073919_expresidenteuruguayjosemu_amp_w1200-150x150.jpg",150,150,true],"medium":["https:\/\/www.koncevisiontv.cl\/web\/wp-content\/uploads\/2025\/05\/20250513073919_expresidenteuruguayjosemu_amp_w1200-300x200.jpg",300,200,true],"medium_large":["https:\/\/www.koncevisiontv.cl\/web\/wp-content\/uploads\/2025\/05\/20250513073919_expresidenteuruguayjosemu_amp_w1200-768x512.jpg",640,427,true],"large":["https:\/\/www.koncevisiontv.cl\/web\/wp-content\/uploads\/2025\/05\/20250513073919_expresidenteuruguayjosemu_amp_w1200-1024x683.jpg",640,427,true],"1536x1536":["https:\/\/www.koncevisiontv.cl\/web\/wp-content\/uploads\/2025\/05\/20250513073919_expresidenteuruguayjosemu_amp_w1200.jpg",1200,800,false],"2048x2048":["https:\/\/www.koncevisiontv.cl\/web\/wp-content\/uploads\/2025\/05\/20250513073919_expresidenteuruguayjosemu_amp_w1200.jpg",1200,800,false],"darknews-featured":["https:\/\/www.koncevisiontv.cl\/web\/wp-content\/uploads\/2025\/05\/20250513073919_expresidenteuruguayjosemu_amp_w1200-1024x683.jpg",1024,683,true],"darknews-large":["https:\/\/www.koncevisiontv.cl\/web\/wp-content\/uploads\/2025\/05\/20250513073919_expresidenteuruguayjosemu_amp_w1200-825x575.jpg",825,575,true],"darknews-medium":["https:\/\/www.koncevisiontv.cl\/web\/wp-content\/uploads\/2025\/05\/20250513073919_expresidenteuruguayjosemu_amp_w1200-590x410.jpg",590,410,true]},"uagb_author_info":{"display_name":"Web-Master","author_link":"https:\/\/www.koncevisiontv.cl\/web\/author\/koncevision\/"},"uagb_comment_info":0,"uagb_excerpt":"A los 89 a\u00f1os, el mundo se despide de Jos\u00e9 Mujica, el expresidente de Uruguay cuyo legado trascendi\u00f3","_links":{"self":[{"href":"https:\/\/www.koncevisiontv.cl\/web\/wp-json\/wp\/v2\/posts\/7910","targetHints":{"allow":["GET"]}}],"collection":[{"href":"https:\/\/www.koncevisiontv.cl\/web\/wp-json\/wp\/v2\/posts"}],"about":[{"href":"https:\/\/www.koncevisiontv.cl\/web\/wp-json\/wp\/v2\/types\/post"}],"author":[{"embeddable":true,"href":"https:\/\/www.koncevisiontv.cl\/web\/wp-json\/wp\/v2\/users\/5"}],"replies":[{"embeddable":true,"href":"https:\/\/www.koncevisiontv.cl\/web\/wp-json\/wp\/v2\/comments?post=7910"}],"version-history":[{"count":1,"href":"https:\/\/www.koncevisiontv.cl\/web\/wp-json\/wp\/v2\/posts\/7910\/revisions"}],"predecessor-version":[{"id":7912,"href":"https:\/\/www.koncevisiontv.cl\/web\/wp-json\/wp\/v2\/posts\/7910\/revisions\/7912"}],"wp:featuredmedia":[{"embeddable":true,"href":"https:\/\/www.koncevisiontv.cl\/web\/wp-json\/wp\/v2\/media\/7911"}],"wp:attachment":[{"href":"https:\/\/www.koncevisiontv.cl\/web\/wp-json\/wp\/v2\/media?parent=7910"}],"wp:term":[{"taxonomy":"category","embeddable":true,"href":"https:\/\/www.koncevisiontv.cl\/web\/wp-json\/wp\/v2\/categories?post=7910"},{"taxonomy":"post_tag","embeddable":true,"href":"https:\/\/www.koncevisiontv.cl\/web\/wp-json\/wp\/v2\/tags?post=7910"}],"curies":[{"name":"wp","href":"https:\/\/api.w.org\/{rel}","templated":true}]}}