{"id":7913,"date":"2025-05-13T15:58:28","date_gmt":"2025-05-13T19:58:28","guid":{"rendered":"https:\/\/www.koncevisiontv.cl\/web\/?p=7913"},"modified":"2025-05-13T15:58:32","modified_gmt":"2025-05-13T19:58:32","slug":"jeannette-jara-carolina-toha-debate-anticomunismo","status":"publish","type":"post","link":"https:\/\/www.koncevisiontv.cl\/web\/jeannette-jara-carolina-toha-debate-anticomunismo\/","title":{"rendered":"Jeannette Jara y Carolina Toh\u00e1: Debate Oficialista sobre el Anticomunismo"},"content":{"rendered":"\n<p class=\"wp-block-paragraph\">Un comentado cruce se ha producido en el escenario de las primarias oficialistas, involucrando a la candidata del Partido Comunista, Jeannette Jara, la abanderada del Socialismo Democr\u00e1tico, Carolina Toh\u00e1, y figuras del PPD. La pol\u00e9mica surgi\u00f3 a ra\u00edz de declaraciones del exsenador Guido Girardi, quien describi\u00f3 al PC como un proyecto &#8220;del pasado&#8221;.<\/p>\n\n\n\n<h2 class=\"wp-block-heading\">La Respuesta de Jeannette Jara<\/h2>\n\n\n\n<p class=\"wp-block-paragraph\">Jeannette Jara no tard\u00f3 en responder a estas declaraciones, cuestionando el resurgimiento del &#8220;anticomunismo&#8221; por parte de algunos personeros del PPD. En sus declaraciones a Radio U. de Chile, Jara se pregunt\u00f3 sobre la conveniencia electoral de estas cr\u00edticas, se\u00f1alando que ha notado a &#8220;analistas del antiguo PPD hablando mal del comunismo, incluso del Frente Amplio&#8221;.<\/p>\n\n\n\n<h2 class=\"wp-block-heading\">La Postura de Carolina Toh\u00e1<\/h2>\n\n\n\n<p class=\"wp-block-paragraph\">Carolina Toh\u00e1, por su parte, busc\u00f3 bajar el tono a la controversia. Descart\u00f3 ser &#8220;anticomunista&#8221; y afirm\u00f3 que, si bien mantiene diferencias con el PC, prefiere debatirlas en lugar de sobredimensionarlas. En declaraciones recogidas por La Tercera, Toh\u00e1 expres\u00f3 que &#8220;es muy v\u00e1lido y leg\u00edtimo tener diferencias. Y no cada vez que hay una diferencia hay que ponerles una etiqueta. Es parte del debate que haya diferencias&#8221;.<sup> <\/sup><\/p>\n\n\n\n<h3 class=\"wp-block-heading\">Implicaciones Pol\u00edticas<\/h3>\n\n\n\n<p class=\"wp-block-paragraph\">Este cruce de declaraciones pone de manifiesto las tensiones existentes dentro del oficialismo, en un momento clave de cara a las primarias. La discusi\u00f3n sobre el anticomunismo y las diferencias ideol\u00f3gicas entre los partidos podr\u00eda influir en el electorado y en el desarrollo de la contienda electoral.<\/p>\n","protected":false},"excerpt":{"rendered":"<p>Un comentado cruce se ha producido en el escenario de las primarias oficialistas, involucrando a la candidata del<\/p>\n","protected":false},"author":5,"featured_media":7914,"comment_status":"open","ping_status":"open","sticky":false,"template":"","format":"standard","meta":{"_crdt_document":"","_uag_custom_page_level_css":"","_sitemap_exclude":false,"_sitemap_priority":"","_sitemap_frequency":"","_joinchat":[],"footnotes":""},"categories":[14],"tags":[],"class_list":["post-7913","post","type-post","status-publish","format-standard","has-post-thumbnail","hentry","category-nacional"],"featured_image_urls":{"full":["https:\/\/www.koncevisiontv.cl\/web\/wp-content\/uploads\/2025\/05\/ZNXOXTNSDNHEVA3FVUFWFH2JPI.avif",1023,682,false],"thumbnail":["https:\/\/www.koncevisiontv.cl\/web\/wp-content\/uploads\/2025\/05\/ZNXOXTNSDNHEVA3FVUFWFH2JPI-150x150.avif",150,150,true],"medium":["https:\/\/www.koncevisiontv.cl\/web\/wp-content\/uploads\/2025\/05\/ZNXOXTNSDNHEVA3FVUFWFH2JPI-300x200.avif",300,200,true],"medium_large":["https:\/\/www.koncevisiontv.cl\/web\/wp-content\/uploads\/2025\/05\/ZNXOXTNSDNHEVA3FVUFWFH2JPI-768x512.avif",640,427,true],"large":["https:\/\/www.koncevisiontv.cl\/web\/wp-content\/uploads\/2025\/05\/ZNXOXTNSDNHEVA3FVUFWFH2JPI.avif",640,427,false],"1536x1536":["https:\/\/www.koncevisiontv.cl\/web\/wp-content\/uploads\/2025\/05\/ZNXOXTNSDNHEVA3FVUFWFH2JPI.avif",1023,682,false],"2048x2048":["https:\/\/www.koncevisiontv.cl\/web\/wp-content\/uploads\/2025\/05\/ZNXOXTNSDNHEVA3FVUFWFH2JPI.avif",1023,682,false],"darknews-featured":["https:\/\/www.koncevisiontv.cl\/web\/wp-content\/uploads\/2025\/05\/ZNXOXTNSDNHEVA3FVUFWFH2JPI.avif",1023,682,false],"darknews-large":["https:\/\/www.koncevisiontv.cl\/web\/wp-content\/uploads\/2025\/05\/ZNXOXTNSDNHEVA3FVUFWFH2JPI-825x575.avif",825,575,true],"darknews-medium":["https:\/\/www.koncevisiontv.cl\/web\/wp-content\/uploads\/2025\/05\/ZNXOXTNSDNHEVA3FVUFWFH2JPI-590x410.avif",590,410,true]},"author_info":{"info":["Web-Master"]},"category_info":"<a href=\"https:\/\/www.koncevisiontv.cl\/web\/category\/nacional\/\" rel=\"category tag\">Nacional<\/a>","tag_info":"Nacional","comment_count":"0","uagb_featured_image_src":{"full":["https:\/\/www.koncevisiontv.cl\/web\/wp-content\/uploads\/2025\/05\/ZNXOXTNSDNHEVA3FVUFWFH2JPI.avif",1023,682,false],"thumbnail":["https:\/\/www.koncevisiontv.cl\/web\/wp-content\/uploads\/2025\/05\/ZNXOXTNSDNHEVA3FVUFWFH2JPI-150x150.avif",150,150,true],"medium":["https:\/\/www.koncevisiontv.cl\/web\/wp-content\/uploads\/2025\/05\/ZNXOXTNSDNHEVA3FVUFWFH2JPI-300x200.avif",300,200,true],"medium_large":["https:\/\/www.koncevisiontv.cl\/web\/wp-content\/uploads\/2025\/05\/ZNXOXTNSDNHEVA3FVUFWFH2JPI-768x512.avif",640,427,true],"large":["https:\/\/www.koncevisiontv.cl\/web\/wp-content\/uploads\/2025\/05\/ZNXOXTNSDNHEVA3FVUFWFH2JPI.avif",640,427,false],"1536x1536":["https:\/\/www.koncevisiontv.cl\/web\/wp-content\/uploads\/2025\/05\/ZNXOXTNSDNHEVA3FVUFWFH2JPI.avif",1023,682,false],"2048x2048":["https:\/\/www.koncevisiontv.cl\/web\/wp-content\/uploads\/2025\/05\/ZNXOXTNSDNHEVA3FVUFWFH2JPI.avif",1023,682,false],"darknews-featured":["https:\/\/www.koncevisiontv.cl\/web\/wp-content\/uploads\/2025\/05\/ZNXOXTNSDNHEVA3FVUFWFH2JPI.avif",1023,682,false],"darknews-large":["https:\/\/www.koncevisiontv.cl\/web\/wp-content\/uploads\/2025\/05\/ZNXOXTNSDNHEVA3FVUFWFH2JPI-825x575.avif",825,575,true],"darknews-medium":["https:\/\/www.koncevisiontv.cl\/web\/wp-content\/uploads\/2025\/05\/ZNXOXTNSDNHEVA3FVUFWFH2JPI-590x410.avif",590,410,true]},"uagb_author_info":{"display_name":"Web-Master","author_link":"https:\/\/www.koncevisiontv.cl\/web\/author\/koncevision\/"},"uagb_comment_info":0,"uagb_excerpt":"Un comentado cruce se ha producido en el escenario de las primarias oficialistas, involucrando a la candidata del","_links":{"self":[{"href":"https:\/\/www.koncevisiontv.cl\/web\/wp-json\/wp\/v2\/posts\/7913","targetHints":{"allow":["GET"]}}],"collection":[{"href":"https:\/\/www.koncevisiontv.cl\/web\/wp-json\/wp\/v2\/posts"}],"about":[{"href":"https:\/\/www.koncevisiontv.cl\/web\/wp-json\/wp\/v2\/types\/post"}],"author":[{"embeddable":true,"href":"https:\/\/www.koncevisiontv.cl\/web\/wp-json\/wp\/v2\/users\/5"}],"replies":[{"embeddable":true,"href":"https:\/\/www.koncevisiontv.cl\/web\/wp-json\/wp\/v2\/comments?post=7913"}],"version-history":[{"count":1,"href":"https:\/\/www.koncevisiontv.cl\/web\/wp-json\/wp\/v2\/posts\/7913\/revisions"}],"predecessor-version":[{"id":7915,"href":"https:\/\/www.koncevisiontv.cl\/web\/wp-json\/wp\/v2\/posts\/7913\/revisions\/7915"}],"wp:featuredmedia":[{"embeddable":true,"href":"https:\/\/www.koncevisiontv.cl\/web\/wp-json\/wp\/v2\/media\/7914"}],"wp:attachment":[{"href":"https:\/\/www.koncevisiontv.cl\/web\/wp-json\/wp\/v2\/media?parent=7913"}],"wp:term":[{"taxonomy":"category","embeddable":true,"href":"https:\/\/www.koncevisiontv.cl\/web\/wp-json\/wp\/v2\/categories?post=7913"},{"taxonomy":"post_tag","embeddable":true,"href":"https:\/\/www.koncevisiontv.cl\/web\/wp-json\/wp\/v2\/tags?post=7913"}],"curies":[{"name":"wp","href":"https:\/\/api.w.org\/{rel}","templated":true}]}}