{"id":7985,"date":"2025-05-14T12:40:21","date_gmt":"2025-05-14T16:40:21","guid":{"rendered":"https:\/\/www.koncevisiontv.cl\/web\/?p=7985"},"modified":"2025-05-14T12:44:23","modified_gmt":"2025-05-14T16:44:23","slug":"diputada-catalina-perez-recibe-dieta-parlamentaria-arresto-domiciliario","status":"publish","type":"post","link":"https:\/\/www.koncevisiontv.cl\/web\/diputada-catalina-perez-recibe-dieta-parlamentaria-arresto-domiciliario\/","title":{"rendered":"Diputada P\u00e9rez Recibe Dieta Parlamentaria Pese a Arresto Domiciliario Total"},"content":{"rendered":"\n<p class=\"wp-block-paragraph\">La diputada Catalina P\u00e9rez, actualmente bajo arresto domiciliario total en la casa de sus padres en Santiago, contin\u00faa percibiendo su dieta parlamentaria. Esta situaci\u00f3n se da a pesar de que P\u00e9rez no puede asistir a las sesiones del Congreso ni cumplir con las funciones inherentes a su cargo.<\/p>\n\n\n\n<h3 class=\"wp-block-heading\"><strong>Contexto del Caso Democracia Viva<\/strong><\/h3>\n\n\n\n<p class=\"wp-block-paragraph\">P\u00e9rez enfrenta acusaciones del Ministerio P\u00fablico por tres delitos de fraude al fisco en el marco del caso Democracia Viva. El Juzgado de Garant\u00eda de Antofagasta dictamin\u00f3 el arresto domiciliario total, con un plazo de investigaci\u00f3n de 45 d\u00edas.<\/p>\n\n\n\n<h3 class=\"wp-block-heading\"><strong>\u00bfC\u00f3mo Afecta Esto a Su Trabajo Parlamentario?<\/strong><\/h3>\n\n\n\n<p class=\"wp-block-paragraph\">Aunque la diputada no puede participar en el Congreso, su equipo distrital sigue operando. Los funcionarios fueron contratados de forma permanente y no se ven afectados por la investigaci\u00f3n judicial. Adem\u00e1s, el tribunal dict\u00f3 arraigo nacional en contra de la congresista.<\/p>\n\n\n\n<h3 class=\"wp-block-heading\"><strong>La Defensa de P\u00e9rez<\/strong><\/h3>\n\n\n\n<p class=\"wp-block-paragraph\">El abogado defensor de P\u00e9rez, Gonzalo Medina, ha declarado que la investigaci\u00f3n est\u00e1 &#8220;pr\u00e1cticamente agotada&#8221; y sostiene la inocencia de su cliente.<\/p>\n\n\n\n<h3 class=\"wp-block-heading\"><strong>Antecedentes del Caso<\/strong><\/h3>\n\n\n\n<p class=\"wp-block-paragraph\">La formalizaci\u00f3n de P\u00e9rez se produce tras una investigaci\u00f3n por presuntas irregularidades en convenios entre la fundaci\u00f3n Democracia Viva y el Estado. Este caso ha generado gran controversia y debate p\u00fablico.<\/p>\n","protected":false},"excerpt":{"rendered":"<p>La diputada Catalina P\u00e9rez, actualmente bajo arresto domiciliario total en la casa de sus padres en Santiago, contin\u00faa<\/p>\n","protected":false},"author":5,"featured_media":7986,"comment_status":"open","ping_status":"open","sticky":false,"template":"","format":"standard","meta":{"_crdt_document":"","_uag_custom_page_level_css":"","_sitemap_exclude":false,"_sitemap_priority":"","_sitemap_frequency":"","_joinchat":[],"footnotes":""},"categories":[16],"tags":[],"class_list":["post-7985","post","type-post","status-publish","format-standard","has-post-thumbnail","hentry","category-politica"],"featured_image_urls":{"full":["https:\/\/www.koncevisiontv.cl\/web\/wp-content\/uploads\/2025\/05\/file_20250514105357.jpg",710,399,false],"thumbnail":["https:\/\/www.koncevisiontv.cl\/web\/wp-content\/uploads\/2025\/05\/file_20250514105357-150x150.jpg",150,150,true],"medium":["https:\/\/www.koncevisiontv.cl\/web\/wp-content\/uploads\/2025\/05\/file_20250514105357-300x169.jpg",300,169,true],"medium_large":["https:\/\/www.koncevisiontv.cl\/web\/wp-content\/uploads\/2025\/05\/file_20250514105357.jpg",640,360,false],"large":["https:\/\/www.koncevisiontv.cl\/web\/wp-content\/uploads\/2025\/05\/file_20250514105357.jpg",640,360,false],"1536x1536":["https:\/\/www.koncevisiontv.cl\/web\/wp-content\/uploads\/2025\/05\/file_20250514105357.jpg",710,399,false],"2048x2048":["https:\/\/www.koncevisiontv.cl\/web\/wp-content\/uploads\/2025\/05\/file_20250514105357.jpg",710,399,false],"darknews-featured":["https:\/\/www.koncevisiontv.cl\/web\/wp-content\/uploads\/2025\/05\/file_20250514105357.jpg",710,399,false],"darknews-large":["https:\/\/www.koncevisiontv.cl\/web\/wp-content\/uploads\/2025\/05\/file_20250514105357.jpg",710,399,false],"darknews-medium":["https:\/\/www.koncevisiontv.cl\/web\/wp-content\/uploads\/2025\/05\/file_20250514105357-590x399.jpg",590,399,true]},"author_info":{"info":["Web-Master"]},"category_info":"<a href=\"https:\/\/www.koncevisiontv.cl\/web\/category\/politica\/\" rel=\"category tag\">Politica<\/a>","tag_info":"Politica","comment_count":"0","uagb_featured_image_src":{"full":["https:\/\/www.koncevisiontv.cl\/web\/wp-content\/uploads\/2025\/05\/file_20250514105357.jpg",710,399,false],"thumbnail":["https:\/\/www.koncevisiontv.cl\/web\/wp-content\/uploads\/2025\/05\/file_20250514105357-150x150.jpg",150,150,true],"medium":["https:\/\/www.koncevisiontv.cl\/web\/wp-content\/uploads\/2025\/05\/file_20250514105357-300x169.jpg",300,169,true],"medium_large":["https:\/\/www.koncevisiontv.cl\/web\/wp-content\/uploads\/2025\/05\/file_20250514105357.jpg",640,360,false],"large":["https:\/\/www.koncevisiontv.cl\/web\/wp-content\/uploads\/2025\/05\/file_20250514105357.jpg",640,360,false],"1536x1536":["https:\/\/www.koncevisiontv.cl\/web\/wp-content\/uploads\/2025\/05\/file_20250514105357.jpg",710,399,false],"2048x2048":["https:\/\/www.koncevisiontv.cl\/web\/wp-content\/uploads\/2025\/05\/file_20250514105357.jpg",710,399,false],"darknews-featured":["https:\/\/www.koncevisiontv.cl\/web\/wp-content\/uploads\/2025\/05\/file_20250514105357.jpg",710,399,false],"darknews-large":["https:\/\/www.koncevisiontv.cl\/web\/wp-content\/uploads\/2025\/05\/file_20250514105357.jpg",710,399,false],"darknews-medium":["https:\/\/www.koncevisiontv.cl\/web\/wp-content\/uploads\/2025\/05\/file_20250514105357-590x399.jpg",590,399,true]},"uagb_author_info":{"display_name":"Web-Master","author_link":"https:\/\/www.koncevisiontv.cl\/web\/author\/koncevision\/"},"uagb_comment_info":0,"uagb_excerpt":"La diputada Catalina P\u00e9rez, actualmente bajo arresto domiciliario total en la casa de sus padres en Santiago, contin\u00faa","_links":{"self":[{"href":"https:\/\/www.koncevisiontv.cl\/web\/wp-json\/wp\/v2\/posts\/7985","targetHints":{"allow":["GET"]}}],"collection":[{"href":"https:\/\/www.koncevisiontv.cl\/web\/wp-json\/wp\/v2\/posts"}],"about":[{"href":"https:\/\/www.koncevisiontv.cl\/web\/wp-json\/wp\/v2\/types\/post"}],"author":[{"embeddable":true,"href":"https:\/\/www.koncevisiontv.cl\/web\/wp-json\/wp\/v2\/users\/5"}],"replies":[{"embeddable":true,"href":"https:\/\/www.koncevisiontv.cl\/web\/wp-json\/wp\/v2\/comments?post=7985"}],"version-history":[{"count":2,"href":"https:\/\/www.koncevisiontv.cl\/web\/wp-json\/wp\/v2\/posts\/7985\/revisions"}],"predecessor-version":[{"id":7988,"href":"https:\/\/www.koncevisiontv.cl\/web\/wp-json\/wp\/v2\/posts\/7985\/revisions\/7988"}],"wp:featuredmedia":[{"embeddable":true,"href":"https:\/\/www.koncevisiontv.cl\/web\/wp-json\/wp\/v2\/media\/7986"}],"wp:attachment":[{"href":"https:\/\/www.koncevisiontv.cl\/web\/wp-json\/wp\/v2\/media?parent=7985"}],"wp:term":[{"taxonomy":"category","embeddable":true,"href":"https:\/\/www.koncevisiontv.cl\/web\/wp-json\/wp\/v2\/categories?post=7985"},{"taxonomy":"post_tag","embeddable":true,"href":"https:\/\/www.koncevisiontv.cl\/web\/wp-json\/wp\/v2\/tags?post=7985"}],"curies":[{"name":"wp","href":"https:\/\/api.w.org\/{rel}","templated":true}]}}