{"id":8019,"date":"2025-05-18T14:06:07","date_gmt":"2025-05-18T18:06:07","guid":{"rendered":"https:\/\/www.koncevisiontv.cl\/web\/?p=8019"},"modified":"2025-05-18T14:16:05","modified_gmt":"2025-05-18T18:16:05","slug":"desmitificando-lactancia-materna-hualpen","status":"publish","type":"post","link":"https:\/\/www.koncevisiontv.cl\/web\/desmitificando-lactancia-materna-hualpen\/","title":{"rendered":"Desmitificando la Lactancia Materna: Una Gu\u00eda Esencial para Madres Informadas"},"content":{"rendered":"\n<p class=\"wp-block-paragraph\">La lactancia materna es un pilar fundamental para el desarrollo saludable de los reci\u00e9n nacidos, sin embargo, a su alrededor circulan diversas creencias que pueden generar confusi\u00f3n e incertidumbre en las madres. En esta gu\u00eda, desentra\u00f1aremos algunos de los mitos m\u00e1s comunes, ofreciendo informaci\u00f3n clara y basada en evidencia para apoyar una experiencia de lactancia exitosa.<\/p>\n\n\n\n<h3 class=\"wp-block-heading\">Mitos Comunes sobre la Lactancia Materna y la Salud Oral del Beb\u00e9<\/h3>\n\n\n\n<figure class=\"wp-block-video\"><video height=\"1080\" style=\"aspect-ratio: 1920 \/ 1080;\" width=\"1920\" controls src=\"https:\/\/www.koncevisiontv.cl\/web\/wp-content\/uploads\/2025\/05\/Muni-Hualpen-Salud-Capsula-Mitos-Lactancia-Materna.mp4\"><\/video><\/figure>\n\n\n\n<p class=\"wp-block-paragraph\">Uno de los mitos m\u00e1s extendidos sugiere que los beb\u00e9s amamantados tienen mayor predisposici\u00f3n a desarrollar problemas en la cavidad oral. Sin embargo, la realidad es que <strong>la lactancia materna favorece activamente el desarrollo oral y muscular del beb\u00e9<\/strong>, fortaleciendo los m\u00fasculos faciales y promoviendo una correcta alineaci\u00f3n dental a largo plazo.<\/p>\n\n\n\n<p class=\"wp-block-paragraph\">Otro interrogante frecuente surge en torno al frenillo corto. \u00bfImplica necesariamente el cese de la lactancia? La respuesta es un rotundo no. En muchos casos, <strong>los beb\u00e9s con frenillo corto pueden amamantar eficazmente con ajustes en la postura y el apoyo de profesionales de la salud<\/strong>. La lactancia sigue siendo crucial para su crecimiento y bienestar.<\/p>\n\n\n\n<h3 class=\"wp-block-heading\">Succi\u00f3n, Desarrollo y el Uso del Chupete<\/h3>\n\n\n\n<p class=\"wp-block-paragraph\">Es importante comprender que los problemas de succi\u00f3n durante la lactancia no siempre son indicativos de dificultades de desarrollo subyacentes en el beb\u00e9. <strong>Muchos problemas de succi\u00f3n son temporales y pueden corregirse con las t\u00e9cnicas adecuadas<\/strong>. No deben ser autom\u00e1ticamente interpretados como se\u00f1ales de un problema mayor.<\/p>\n\n\n\n<p class=\"wp-block-paragraph\">Respecto al uso del chupete en beb\u00e9s que tambi\u00e9n son amamantados, existe la creencia de que no afecta el desarrollo oral. No obstante, <strong>el uso prolongado del chupete puede interferir con el desarrollo oral y muscular<\/strong>, incluso en aquellos beb\u00e9s que reciben leche materna. Se recomienda moderar su uso para evitar posibles complicaciones.<\/p>\n\n\n\n<h3 class=\"wp-block-heading\">Ruidos al Succionar y Balbuceo: \u00bfIndicadores de Problemas?<\/h3>\n\n\n\n<p class=\"wp-block-paragraph\">Los ruidos que un beb\u00e9 pueda hacer al succionar a menudo generan preocupaci\u00f3n en los padres, quienes pueden interpretarlos como una mala t\u00e9cnica de alimentaci\u00f3n. Si bien ciertos sonidos podr\u00edan sugerir un problema de succi\u00f3n que amerita evaluaci\u00f3n profesional, <strong>no todos los ruidos indican una alimentaci\u00f3n deficiente<\/strong>. Algunos beb\u00e9s simplemente hacen ruido al succionar sin que esto represente un inconveniente.<\/p>\n\n\n\n<p class=\"wp-block-paragraph\">Finalmente, la ausencia de balbuceo durante la lactancia no es un predictor directo de futuros problemas de lenguaje. <strong>El desarrollo del lenguaje es un proceso complejo influenciado por m\u00faltiples factores<\/strong>. Aunque la lactancia apoya el desarrollo oral, no determina las habilidades ling\u00fc\u00edsticas de forma inmediata.<\/p>\n","protected":false},"excerpt":{"rendered":"<p>La lactancia materna es un pilar fundamental para el desarrollo saludable de los reci\u00e9n nacidos, sin embargo, a<\/p>\n","protected":false},"author":5,"featured_media":8020,"comment_status":"open","ping_status":"open","sticky":false,"template":"","format":"standard","meta":{"_crdt_document":"","_uag_custom_page_level_css":"","_sitemap_exclude":false,"_sitemap_priority":"","_sitemap_frequency":"","_joinchat":[],"footnotes":""},"categories":[435],"tags":[],"class_list":["post-8019","post","type-post","status-publish","format-standard","has-post-thumbnail","hentry","category-municipalidad-de-hualpen"],"featured_image_urls":{"full":["https:\/\/www.koncevisiontv.cl\/web\/wp-content\/uploads\/2025\/05\/Captura-de-pantalla-2025-05-18-140228-scaled.png",2560,1247,false],"thumbnail":["https:\/\/www.koncevisiontv.cl\/web\/wp-content\/uploads\/2025\/05\/Captura-de-pantalla-2025-05-18-140228-150x150.png",150,150,true],"medium":["https:\/\/www.koncevisiontv.cl\/web\/wp-content\/uploads\/2025\/05\/Captura-de-pantalla-2025-05-18-140228-300x146.png",300,146,true],"medium_large":["https:\/\/www.koncevisiontv.cl\/web\/wp-content\/uploads\/2025\/05\/Captura-de-pantalla-2025-05-18-140228-768x374.png",640,312,true],"large":["https:\/\/www.koncevisiontv.cl\/web\/wp-content\/uploads\/2025\/05\/Captura-de-pantalla-2025-05-18-140228-1024x499.png",640,312,true],"1536x1536":["https:\/\/www.koncevisiontv.cl\/web\/wp-content\/uploads\/2025\/05\/Captura-de-pantalla-2025-05-18-140228-1536x748.png",1536,748,true],"2048x2048":["https:\/\/www.koncevisiontv.cl\/web\/wp-content\/uploads\/2025\/05\/Captura-de-pantalla-2025-05-18-140228-2048x998.png",2048,998,true],"darknews-featured":["https:\/\/www.koncevisiontv.cl\/web\/wp-content\/uploads\/2025\/05\/Captura-de-pantalla-2025-05-18-140228-1024x499.png",1024,499,true],"darknews-large":["https:\/\/www.koncevisiontv.cl\/web\/wp-content\/uploads\/2025\/05\/Captura-de-pantalla-2025-05-18-140228-825x575.png",825,575,true],"darknews-medium":["https:\/\/www.koncevisiontv.cl\/web\/wp-content\/uploads\/2025\/05\/Captura-de-pantalla-2025-05-18-140228-590x410.png",590,410,true]},"author_info":{"info":["Web-Master"]},"category_info":"<a href=\"https:\/\/www.koncevisiontv.cl\/web\/category\/municipalidad-de-hualpen\/\" rel=\"category tag\">Municipalidad de Hualp\u00e9n<\/a>","tag_info":"Municipalidad de Hualp\u00e9n","comment_count":"0","uagb_featured_image_src":{"full":["https:\/\/www.koncevisiontv.cl\/web\/wp-content\/uploads\/2025\/05\/Captura-de-pantalla-2025-05-18-140228-scaled.png",2560,1247,false],"thumbnail":["https:\/\/www.koncevisiontv.cl\/web\/wp-content\/uploads\/2025\/05\/Captura-de-pantalla-2025-05-18-140228-150x150.png",150,150,true],"medium":["https:\/\/www.koncevisiontv.cl\/web\/wp-content\/uploads\/2025\/05\/Captura-de-pantalla-2025-05-18-140228-300x146.png",300,146,true],"medium_large":["https:\/\/www.koncevisiontv.cl\/web\/wp-content\/uploads\/2025\/05\/Captura-de-pantalla-2025-05-18-140228-768x374.png",640,312,true],"large":["https:\/\/www.koncevisiontv.cl\/web\/wp-content\/uploads\/2025\/05\/Captura-de-pantalla-2025-05-18-140228-1024x499.png",640,312,true],"1536x1536":["https:\/\/www.koncevisiontv.cl\/web\/wp-content\/uploads\/2025\/05\/Captura-de-pantalla-2025-05-18-140228-1536x748.png",1536,748,true],"2048x2048":["https:\/\/www.koncevisiontv.cl\/web\/wp-content\/uploads\/2025\/05\/Captura-de-pantalla-2025-05-18-140228-2048x998.png",2048,998,true],"darknews-featured":["https:\/\/www.koncevisiontv.cl\/web\/wp-content\/uploads\/2025\/05\/Captura-de-pantalla-2025-05-18-140228-1024x499.png",1024,499,true],"darknews-large":["https:\/\/www.koncevisiontv.cl\/web\/wp-content\/uploads\/2025\/05\/Captura-de-pantalla-2025-05-18-140228-825x575.png",825,575,true],"darknews-medium":["https:\/\/www.koncevisiontv.cl\/web\/wp-content\/uploads\/2025\/05\/Captura-de-pantalla-2025-05-18-140228-590x410.png",590,410,true]},"uagb_author_info":{"display_name":"Web-Master","author_link":"https:\/\/www.koncevisiontv.cl\/web\/author\/koncevision\/"},"uagb_comment_info":0,"uagb_excerpt":"La lactancia materna es un pilar fundamental para el desarrollo saludable de los reci\u00e9n nacidos, sin embargo, a","_links":{"self":[{"href":"https:\/\/www.koncevisiontv.cl\/web\/wp-json\/wp\/v2\/posts\/8019","targetHints":{"allow":["GET"]}}],"collection":[{"href":"https:\/\/www.koncevisiontv.cl\/web\/wp-json\/wp\/v2\/posts"}],"about":[{"href":"https:\/\/www.koncevisiontv.cl\/web\/wp-json\/wp\/v2\/types\/post"}],"author":[{"embeddable":true,"href":"https:\/\/www.koncevisiontv.cl\/web\/wp-json\/wp\/v2\/users\/5"}],"replies":[{"embeddable":true,"href":"https:\/\/www.koncevisiontv.cl\/web\/wp-json\/wp\/v2\/comments?post=8019"}],"version-history":[{"count":1,"href":"https:\/\/www.koncevisiontv.cl\/web\/wp-json\/wp\/v2\/posts\/8019\/revisions"}],"predecessor-version":[{"id":8022,"href":"https:\/\/www.koncevisiontv.cl\/web\/wp-json\/wp\/v2\/posts\/8019\/revisions\/8022"}],"wp:featuredmedia":[{"embeddable":true,"href":"https:\/\/www.koncevisiontv.cl\/web\/wp-json\/wp\/v2\/media\/8020"}],"wp:attachment":[{"href":"https:\/\/www.koncevisiontv.cl\/web\/wp-json\/wp\/v2\/media?parent=8019"}],"wp:term":[{"taxonomy":"category","embeddable":true,"href":"https:\/\/www.koncevisiontv.cl\/web\/wp-json\/wp\/v2\/categories?post=8019"},{"taxonomy":"post_tag","embeddable":true,"href":"https:\/\/www.koncevisiontv.cl\/web\/wp-json\/wp\/v2\/tags?post=8019"}],"curies":[{"name":"wp","href":"https:\/\/api.w.org\/{rel}","templated":true}]}}