{"id":8175,"date":"2025-05-27T14:52:58","date_gmt":"2025-05-27T18:52:58","guid":{"rendered":"https:\/\/www.koncevisiontv.cl\/web\/?p=8175"},"modified":"2025-05-27T14:53:00","modified_gmt":"2025-05-27T18:53:00","slug":"johannes-kaiser-debate-aborto-violacion-justicia","status":"publish","type":"post","link":"https:\/\/www.koncevisiontv.cl\/web\/johannes-kaiser-debate-aborto-violacion-justicia\/","title":{"rendered":"Debate Nacional: Las Controversiales Reflexiones de Johannes Kaiser sobre el Aborto y la Justicia"},"content":{"rendered":"\n<h2 class=\"wp-block-heading\"><strong>El Pol\u00e9mico Posicionamiento de Johannes Kaiser sobre el Aborto Legal<\/strong><\/h2>\n\n\n\n<p class=\"wp-block-paragraph\">El candidato presidencial del Partido Nacional Libertario, Johannes Kaiser, ha generado un intenso debate en la esfera p\u00fablica tras sus recientes declaraciones sobre la Ley de Aborto en Chile. En una entrevista en el programa Tolerancia Cero, Kaiser expres\u00f3 su oposici\u00f3n a una de las causales de la interrupci\u00f3n legal del embarazo, a pesar de reconocer la complejidad \u00e9tica del tema.<\/p>\n\n\n\n<p class=\"wp-block-paragraph\">Durante la discusi\u00f3n, Kaiser plante\u00f3 una modificaci\u00f3n a la tercera causal, argumentando la ausencia de una obligaci\u00f3n de denuncia generalizada. Sin embargo, la periodista M\u00f3nica Rinc\u00f3n le corrigi\u00f3, aclarando que en el caso de menores s\u00ed existe esta obligaci\u00f3n. El &#8220;libertario&#8221; admiti\u00f3 su error y profundiz\u00f3 en su visi\u00f3n, estableciendo una controvertida analog\u00eda entre la pena de muerte y el aborto en casos de agresi\u00f3n sexual.<\/p>\n\n\n\n<h3 class=\"wp-block-heading\"><strong>Persiguiendo la Justicia: M\u00e1s all\u00e1 de la Interrupci\u00f3n del Embarazo<\/strong><\/h3>\n\n\n\n<p class=\"wp-block-paragraph\">Kaiser manifest\u00f3 su comprensi\u00f3n ante la dif\u00edcil situaci\u00f3n de una mujer v\u00edctima de violaci\u00f3n que queda embarazada. No obstante, sugiri\u00f3 que, desde una perspectiva \u00e9tica y moral, &#8220;lo correcto ser\u00eda no matar a la guagua, sino fusilar al violador&#8221;. Esta afirmaci\u00f3n, que vincula directamente la interrupci\u00f3n del embarazo con la pena capital para el agresor, provoc\u00f3 una inmediata reacci\u00f3n. Rinc\u00f3n, por su parte, se desmarc\u00f3 de la pena de muerte, proponiendo cadena perpetua para los violadores.<\/p>\n\n\n\n<p class=\"wp-block-paragraph\">El candidato insisti\u00f3 en su punto, declarando: &#8220;Si no estamos a favor de la pena de muerte, no podemos estar a favor del aborto&#8221;. Finalmente, Kaiser reconoci\u00f3 la &#8220;super complejidad \u00e9tica&#8221; de la causal de violaci\u00f3n, enfatizando la necesidad de que, si se permite el aborto en estas circunstancias, el violador debe ser perseguido legalmente sin excepciones. &#8220;Lo que no podemos tener es una legislaci\u00f3n que permita el aborto al mismo tiempo que permite que el violador se vaya libre, sin ninguna persecuci\u00f3n\u201d,<sup><\/sup> concluy\u00f3. Sus declaraciones han reabierto el debate sobre los l\u00edmites de la ley, la justicia para las v\u00edctimas y la complejidad de las decisiones \u00e9ticas en torno a un tema tan sensible.<\/p>\n","protected":false},"excerpt":{"rendered":"<p>El Pol\u00e9mico Posicionamiento de Johannes Kaiser sobre el Aborto Legal El candidato presidencial del Partido Nacional Libertario, Johannes<\/p>\n","protected":false},"author":5,"featured_media":8176,"comment_status":"open","ping_status":"open","sticky":false,"template":"","format":"standard","meta":{"_crdt_document":"","_uag_custom_page_level_css":"","_sitemap_exclude":false,"_sitemap_priority":"","_sitemap_frequency":"","_joinchat":[],"footnotes":""},"categories":[16],"tags":[],"class_list":["post-8175","post","type-post","status-publish","format-standard","has-post-thumbnail","hentry","category-politica"],"featured_image_urls":{"full":["https:\/\/www.koncevisiontv.cl\/web\/wp-content\/uploads\/2025\/05\/3QUGOREGANDZJM6JCC62B63SIQ.avif",1023,682,false],"thumbnail":["https:\/\/www.koncevisiontv.cl\/web\/wp-content\/uploads\/2025\/05\/3QUGOREGANDZJM6JCC62B63SIQ-150x150.avif",150,150,true],"medium":["https:\/\/www.koncevisiontv.cl\/web\/wp-content\/uploads\/2025\/05\/3QUGOREGANDZJM6JCC62B63SIQ-300x200.avif",300,200,true],"medium_large":["https:\/\/www.koncevisiontv.cl\/web\/wp-content\/uploads\/2025\/05\/3QUGOREGANDZJM6JCC62B63SIQ-768x512.avif",640,427,true],"large":["https:\/\/www.koncevisiontv.cl\/web\/wp-content\/uploads\/2025\/05\/3QUGOREGANDZJM6JCC62B63SIQ.avif",640,427,false],"1536x1536":["https:\/\/www.koncevisiontv.cl\/web\/wp-content\/uploads\/2025\/05\/3QUGOREGANDZJM6JCC62B63SIQ.avif",1023,682,false],"2048x2048":["https:\/\/www.koncevisiontv.cl\/web\/wp-content\/uploads\/2025\/05\/3QUGOREGANDZJM6JCC62B63SIQ.avif",1023,682,false],"darknews-featured":["https:\/\/www.koncevisiontv.cl\/web\/wp-content\/uploads\/2025\/05\/3QUGOREGANDZJM6JCC62B63SIQ.avif",1023,682,false],"darknews-large":["https:\/\/www.koncevisiontv.cl\/web\/wp-content\/uploads\/2025\/05\/3QUGOREGANDZJM6JCC62B63SIQ-825x575.avif",825,575,true],"darknews-medium":["https:\/\/www.koncevisiontv.cl\/web\/wp-content\/uploads\/2025\/05\/3QUGOREGANDZJM6JCC62B63SIQ-590x410.avif",590,410,true]},"author_info":{"info":["Web-Master"]},"category_info":"<a href=\"https:\/\/www.koncevisiontv.cl\/web\/category\/politica\/\" rel=\"category tag\">Politica<\/a>","tag_info":"Politica","comment_count":"0","uagb_featured_image_src":{"full":["https:\/\/www.koncevisiontv.cl\/web\/wp-content\/uploads\/2025\/05\/3QUGOREGANDZJM6JCC62B63SIQ.avif",1023,682,false],"thumbnail":["https:\/\/www.koncevisiontv.cl\/web\/wp-content\/uploads\/2025\/05\/3QUGOREGANDZJM6JCC62B63SIQ-150x150.avif",150,150,true],"medium":["https:\/\/www.koncevisiontv.cl\/web\/wp-content\/uploads\/2025\/05\/3QUGOREGANDZJM6JCC62B63SIQ-300x200.avif",300,200,true],"medium_large":["https:\/\/www.koncevisiontv.cl\/web\/wp-content\/uploads\/2025\/05\/3QUGOREGANDZJM6JCC62B63SIQ-768x512.avif",640,427,true],"large":["https:\/\/www.koncevisiontv.cl\/web\/wp-content\/uploads\/2025\/05\/3QUGOREGANDZJM6JCC62B63SIQ.avif",640,427,false],"1536x1536":["https:\/\/www.koncevisiontv.cl\/web\/wp-content\/uploads\/2025\/05\/3QUGOREGANDZJM6JCC62B63SIQ.avif",1023,682,false],"2048x2048":["https:\/\/www.koncevisiontv.cl\/web\/wp-content\/uploads\/2025\/05\/3QUGOREGANDZJM6JCC62B63SIQ.avif",1023,682,false],"darknews-featured":["https:\/\/www.koncevisiontv.cl\/web\/wp-content\/uploads\/2025\/05\/3QUGOREGANDZJM6JCC62B63SIQ.avif",1023,682,false],"darknews-large":["https:\/\/www.koncevisiontv.cl\/web\/wp-content\/uploads\/2025\/05\/3QUGOREGANDZJM6JCC62B63SIQ-825x575.avif",825,575,true],"darknews-medium":["https:\/\/www.koncevisiontv.cl\/web\/wp-content\/uploads\/2025\/05\/3QUGOREGANDZJM6JCC62B63SIQ-590x410.avif",590,410,true]},"uagb_author_info":{"display_name":"Web-Master","author_link":"https:\/\/www.koncevisiontv.cl\/web\/author\/koncevision\/"},"uagb_comment_info":0,"uagb_excerpt":"El Pol\u00e9mico Posicionamiento de Johannes Kaiser sobre el Aborto Legal El candidato presidencial del Partido Nacional Libertario, Johannes","_links":{"self":[{"href":"https:\/\/www.koncevisiontv.cl\/web\/wp-json\/wp\/v2\/posts\/8175","targetHints":{"allow":["GET"]}}],"collection":[{"href":"https:\/\/www.koncevisiontv.cl\/web\/wp-json\/wp\/v2\/posts"}],"about":[{"href":"https:\/\/www.koncevisiontv.cl\/web\/wp-json\/wp\/v2\/types\/post"}],"author":[{"embeddable":true,"href":"https:\/\/www.koncevisiontv.cl\/web\/wp-json\/wp\/v2\/users\/5"}],"replies":[{"embeddable":true,"href":"https:\/\/www.koncevisiontv.cl\/web\/wp-json\/wp\/v2\/comments?post=8175"}],"version-history":[{"count":1,"href":"https:\/\/www.koncevisiontv.cl\/web\/wp-json\/wp\/v2\/posts\/8175\/revisions"}],"predecessor-version":[{"id":8177,"href":"https:\/\/www.koncevisiontv.cl\/web\/wp-json\/wp\/v2\/posts\/8175\/revisions\/8177"}],"wp:featuredmedia":[{"embeddable":true,"href":"https:\/\/www.koncevisiontv.cl\/web\/wp-json\/wp\/v2\/media\/8176"}],"wp:attachment":[{"href":"https:\/\/www.koncevisiontv.cl\/web\/wp-json\/wp\/v2\/media?parent=8175"}],"wp:term":[{"taxonomy":"category","embeddable":true,"href":"https:\/\/www.koncevisiontv.cl\/web\/wp-json\/wp\/v2\/categories?post=8175"},{"taxonomy":"post_tag","embeddable":true,"href":"https:\/\/www.koncevisiontv.cl\/web\/wp-json\/wp\/v2\/tags?post=8175"}],"curies":[{"name":"wp","href":"https:\/\/api.w.org\/{rel}","templated":true}]}}