{"id":8968,"date":"2025-07-04T16:03:44","date_gmt":"2025-07-04T20:03:44","guid":{"rendered":"https:\/\/www.koncevisiontv.cl\/web\/?p=8968"},"modified":"2025-07-04T16:03:47","modified_gmt":"2025-07-04T20:03:47","slug":"poder-judicial-licencias-medicas-viajes-jueces-investigacion","status":"publish","type":"post","link":"https:\/\/www.koncevisiontv.cl\/web\/poder-judicial-licencias-medicas-viajes-jueces-investigacion\/","title":{"rendered":"Corte Suprema Inicia Sumarios por Licencias Irregulares"},"content":{"rendered":"\n<p class=\"wp-block-paragraph\">Una revelaci\u00f3n de gran impacto sacude al Poder Judicial: un informe ha confirmado que <strong>1.029 funcionarios salieron de Chile mientras se encontraban con licencia m\u00e9dica<\/strong>. Ante esta alarmante cifra, la <strong>Corte Suprema<\/strong> ha tomado una dr\u00e1stica decisi\u00f3n: remitir la n\u00f3mina de los trabajadores involucrados a las Cortes de Apelaciones para dar inicio a los procedimientos disciplinarios correspondientes.<\/p>\n\n\n\n<p class=\"wp-block-paragraph\">Este esc\u00e1ndalo sali\u00f3 a la luz tras un informe de <strong>Contralor\u00eda<\/strong>. En respuesta, el M\u00e1ximo Tribunal, mediante resoluci\u00f3n del 23 de mayo, hab\u00eda ordenado a su Fiscal Judicial recopilar todos los antecedentes de los funcionarios del Poder Judicial implicados en esta grave irregularidad.<\/p>\n\n\n\n<hr class=\"wp-block-separator has-alpha-channel-opacity\"\/>\n\n\n\n<h2 class=\"wp-block-heading\">Cifras Alarmantes: Ministros, Fiscales y Jueces Bajo la Lupa<\/h2>\n\n\n\n<p class=\"wp-block-paragraph\">Con el apoyo de la Polic\u00eda de Investigaciones de Chile (PDI) y la Contralor\u00eda Interna de la Corporaci\u00f3n Administrativa del Poder Judicial, la investigaci\u00f3n logr\u00f3 detectar un total de <strong>1.029 casos de salidas del pa\u00eds durante periodos de licencia m\u00e9dica, en un lapso de 5 a\u00f1os<\/strong>. Estos casos se asocian a <strong>692 funcionarios distintos<\/strong>, de los cuales 571 se encuentran actualmente activos.<\/p>\n\n\n\n<p class=\"wp-block-paragraph\">La revisi\u00f3n del escalaf\u00f3n primario del Poder Judicial arroj\u00f3 cifras preocupantes: si bien no se encontr\u00f3 ning\u00fan Ministro o Fiscal de la Corte Suprema en esta situaci\u00f3n, s\u00ed se detectaron <strong>4 Ministros y 1 Fiscal Judicial de Cortes de Apelaciones, y 84 jueces<\/strong> que salieron del pa\u00eds con licencia.<\/p>\n\n\n\n<hr class=\"wp-block-separator has-alpha-channel-opacity\"\/>\n\n\n\n<h2 class=\"wp-block-heading\">Sanciones y Proceso Disciplinario en Marcha<\/h2>\n\n\n\n<p class=\"wp-block-paragraph\">Frente a estos antecedentes, la Corte Suprema derivar\u00e1 todos los casos identificados para que se inicien los respectivos <strong>procedimientos disciplinarios<\/strong>. Una de las decisiones clave es que estas investigaciones se aplicar\u00e1n tanto a los <strong>funcionarios activos como a aquellos que ya hayan cesado en sus funciones<\/strong>, buscando establecer responsabilidades sin importar su actual estatus laboral. Adem\u00e1s, se ha determinado que un \u00fanico Fiscal Judicial por cada Corte ser\u00e1 el encargado de llevar adelante estas indagatorias, lo que busca agilizar y estandarizar el proceso.<\/p>\n\n\n\n<p class=\"wp-block-paragraph\">Finalmente, desde el m\u00e1ximo tribunal se destaca que, entre los casos informados, podr\u00eda existir una <strong>superposici\u00f3n de licencia m\u00e9dica y feriado<\/strong>. Esta posibilidad ser\u00e1 un punto crucial de investigaci\u00f3n en cada procedimiento disciplinario, para determinar si hubo un uso indebido de los beneficios o si existieron situaciones particulares que justifiquen las salidas del pa\u00eds. Este proceso marca un esfuerzo del Poder Judicial por fortalecer la transparencia y la probidad en sus filas.<\/p>\n","protected":false},"excerpt":{"rendered":"<p>Una revelaci\u00f3n de gran impacto sacude al Poder Judicial: un informe ha confirmado que 1.029 funcionarios salieron de<\/p>\n","protected":false},"author":5,"featured_media":8969,"comment_status":"open","ping_status":"open","sticky":false,"template":"","format":"standard","meta":{"_crdt_document":"","_uag_custom_page_level_css":"","_sitemap_exclude":false,"_sitemap_priority":"","_sitemap_frequency":"","_joinchat":[],"footnotes":""},"categories":[14],"tags":[],"class_list":["post-8968","post","type-post","status-publish","format-standard","has-post-thumbnail","hentry","category-nacional"],"featured_image_urls":{"full":["https:\/\/www.koncevisiontv.cl\/web\/wp-content\/uploads\/2025\/07\/revelan-que-1029-funcionarios-del-poder-judicial-salieron-de-chile-con-licencia-entre-ellos-84-jueces-750x400-1.png",750,400,false],"thumbnail":["https:\/\/www.koncevisiontv.cl\/web\/wp-content\/uploads\/2025\/07\/revelan-que-1029-funcionarios-del-poder-judicial-salieron-de-chile-con-licencia-entre-ellos-84-jueces-750x400-1-150x150.png",150,150,true],"medium":["https:\/\/www.koncevisiontv.cl\/web\/wp-content\/uploads\/2025\/07\/revelan-que-1029-funcionarios-del-poder-judicial-salieron-de-chile-con-licencia-entre-ellos-84-jueces-750x400-1-300x160.png",300,160,true],"medium_large":["https:\/\/www.koncevisiontv.cl\/web\/wp-content\/uploads\/2025\/07\/revelan-que-1029-funcionarios-del-poder-judicial-salieron-de-chile-con-licencia-entre-ellos-84-jueces-750x400-1.png",640,341,false],"large":["https:\/\/www.koncevisiontv.cl\/web\/wp-content\/uploads\/2025\/07\/revelan-que-1029-funcionarios-del-poder-judicial-salieron-de-chile-con-licencia-entre-ellos-84-jueces-750x400-1.png",640,341,false],"1536x1536":["https:\/\/www.koncevisiontv.cl\/web\/wp-content\/uploads\/2025\/07\/revelan-que-1029-funcionarios-del-poder-judicial-salieron-de-chile-con-licencia-entre-ellos-84-jueces-750x400-1.png",750,400,false],"2048x2048":["https:\/\/www.koncevisiontv.cl\/web\/wp-content\/uploads\/2025\/07\/revelan-que-1029-funcionarios-del-poder-judicial-salieron-de-chile-con-licencia-entre-ellos-84-jueces-750x400-1.png",750,400,false],"darknews-featured":["https:\/\/www.koncevisiontv.cl\/web\/wp-content\/uploads\/2025\/07\/revelan-que-1029-funcionarios-del-poder-judicial-salieron-de-chile-con-licencia-entre-ellos-84-jueces-750x400-1.png",750,400,false],"darknews-large":["https:\/\/www.koncevisiontv.cl\/web\/wp-content\/uploads\/2025\/07\/revelan-que-1029-funcionarios-del-poder-judicial-salieron-de-chile-con-licencia-entre-ellos-84-jueces-750x400-1.png",750,400,false],"darknews-medium":["https:\/\/www.koncevisiontv.cl\/web\/wp-content\/uploads\/2025\/07\/revelan-que-1029-funcionarios-del-poder-judicial-salieron-de-chile-con-licencia-entre-ellos-84-jueces-750x400-1-590x400.png",590,400,true]},"author_info":{"info":["Web-Master"]},"category_info":"<a href=\"https:\/\/www.koncevisiontv.cl\/web\/category\/nacional\/\" rel=\"category tag\">Nacional<\/a>","tag_info":"Nacional","comment_count":"0","uagb_featured_image_src":{"full":["https:\/\/www.koncevisiontv.cl\/web\/wp-content\/uploads\/2025\/07\/revelan-que-1029-funcionarios-del-poder-judicial-salieron-de-chile-con-licencia-entre-ellos-84-jueces-750x400-1.png",750,400,false],"thumbnail":["https:\/\/www.koncevisiontv.cl\/web\/wp-content\/uploads\/2025\/07\/revelan-que-1029-funcionarios-del-poder-judicial-salieron-de-chile-con-licencia-entre-ellos-84-jueces-750x400-1-150x150.png",150,150,true],"medium":["https:\/\/www.koncevisiontv.cl\/web\/wp-content\/uploads\/2025\/07\/revelan-que-1029-funcionarios-del-poder-judicial-salieron-de-chile-con-licencia-entre-ellos-84-jueces-750x400-1-300x160.png",300,160,true],"medium_large":["https:\/\/www.koncevisiontv.cl\/web\/wp-content\/uploads\/2025\/07\/revelan-que-1029-funcionarios-del-poder-judicial-salieron-de-chile-con-licencia-entre-ellos-84-jueces-750x400-1.png",640,341,false],"large":["https:\/\/www.koncevisiontv.cl\/web\/wp-content\/uploads\/2025\/07\/revelan-que-1029-funcionarios-del-poder-judicial-salieron-de-chile-con-licencia-entre-ellos-84-jueces-750x400-1.png",640,341,false],"1536x1536":["https:\/\/www.koncevisiontv.cl\/web\/wp-content\/uploads\/2025\/07\/revelan-que-1029-funcionarios-del-poder-judicial-salieron-de-chile-con-licencia-entre-ellos-84-jueces-750x400-1.png",750,400,false],"2048x2048":["https:\/\/www.koncevisiontv.cl\/web\/wp-content\/uploads\/2025\/07\/revelan-que-1029-funcionarios-del-poder-judicial-salieron-de-chile-con-licencia-entre-ellos-84-jueces-750x400-1.png",750,400,false],"darknews-featured":["https:\/\/www.koncevisiontv.cl\/web\/wp-content\/uploads\/2025\/07\/revelan-que-1029-funcionarios-del-poder-judicial-salieron-de-chile-con-licencia-entre-ellos-84-jueces-750x400-1.png",750,400,false],"darknews-large":["https:\/\/www.koncevisiontv.cl\/web\/wp-content\/uploads\/2025\/07\/revelan-que-1029-funcionarios-del-poder-judicial-salieron-de-chile-con-licencia-entre-ellos-84-jueces-750x400-1.png",750,400,false],"darknews-medium":["https:\/\/www.koncevisiontv.cl\/web\/wp-content\/uploads\/2025\/07\/revelan-que-1029-funcionarios-del-poder-judicial-salieron-de-chile-con-licencia-entre-ellos-84-jueces-750x400-1-590x400.png",590,400,true]},"uagb_author_info":{"display_name":"Web-Master","author_link":"https:\/\/www.koncevisiontv.cl\/web\/author\/koncevision\/"},"uagb_comment_info":0,"uagb_excerpt":"Una revelaci\u00f3n de gran impacto sacude al Poder Judicial: un informe ha confirmado que 1.029 funcionarios salieron de","_links":{"self":[{"href":"https:\/\/www.koncevisiontv.cl\/web\/wp-json\/wp\/v2\/posts\/8968","targetHints":{"allow":["GET"]}}],"collection":[{"href":"https:\/\/www.koncevisiontv.cl\/web\/wp-json\/wp\/v2\/posts"}],"about":[{"href":"https:\/\/www.koncevisiontv.cl\/web\/wp-json\/wp\/v2\/types\/post"}],"author":[{"embeddable":true,"href":"https:\/\/www.koncevisiontv.cl\/web\/wp-json\/wp\/v2\/users\/5"}],"replies":[{"embeddable":true,"href":"https:\/\/www.koncevisiontv.cl\/web\/wp-json\/wp\/v2\/comments?post=8968"}],"version-history":[{"count":1,"href":"https:\/\/www.koncevisiontv.cl\/web\/wp-json\/wp\/v2\/posts\/8968\/revisions"}],"predecessor-version":[{"id":8970,"href":"https:\/\/www.koncevisiontv.cl\/web\/wp-json\/wp\/v2\/posts\/8968\/revisions\/8970"}],"wp:featuredmedia":[{"embeddable":true,"href":"https:\/\/www.koncevisiontv.cl\/web\/wp-json\/wp\/v2\/media\/8969"}],"wp:attachment":[{"href":"https:\/\/www.koncevisiontv.cl\/web\/wp-json\/wp\/v2\/media?parent=8968"}],"wp:term":[{"taxonomy":"category","embeddable":true,"href":"https:\/\/www.koncevisiontv.cl\/web\/wp-json\/wp\/v2\/categories?post=8968"},{"taxonomy":"post_tag","embeddable":true,"href":"https:\/\/www.koncevisiontv.cl\/web\/wp-json\/wp\/v2\/tags?post=8968"}],"curies":[{"name":"wp","href":"https:\/\/api.w.org\/{rel}","templated":true}]}}