{"id":8971,"date":"2025-07-04T18:43:08","date_gmt":"2025-07-04T22:43:08","guid":{"rendered":"https:\/\/www.koncevisiontv.cl\/web\/?p=8971"},"modified":"2025-07-04T18:45:14","modified_gmt":"2025-07-04T22:45:14","slug":"camila-polizzi-show-diosas-club-millonaria-suma","status":"publish","type":"post","link":"https:\/\/www.koncevisiontv.cl\/web\/camila-polizzi-show-diosas-club-millonaria-suma\/","title":{"rendered":"El Sorprendente Debut de Camila Polizzi en la Bohemia Capitalina"},"content":{"rendered":"\n<p class=\"wp-block-paragraph\">En un movimiento inesperado que ha generado amplio debate, <strong>Camila Polizzi<\/strong> est\u00e1 lista para su debut de alto impacto en la bohemia santiaguina. La imputada en el &#8220;Caso Lencer\u00eda&#8221; ha obtenido permiso judicial para interrumpir su arresto domiciliario y ya se encuentra en Santiago para cumplir con sus dos presentaciones en el <strong>Diosas Club<\/strong>.<\/p>\n\n\n\n<p class=\"wp-block-paragraph\">La cifra de sus ganancias ha causado particular revuelo: seg\u00fan trascendidos, Polizzi se embolsar\u00e1 nada menos que <strong>8 millones de pesos por sus dos presentaciones<\/strong>, agendadas para este viernes y s\u00e1bado en el conocido local de la comuna de Recoleta.<\/p>\n\n\n\n<hr class=\"wp-block-separator has-alpha-channel-opacity\"\/>\n\n\n\n<h2 class=\"wp-block-heading\">Los Detalles del Show: Corta Duraci\u00f3n y Altos Ingresos<\/h2>\n\n\n\n<p class=\"wp-block-paragraph\">El programa &#8220;La Tarde es Nuestra&#8221; (Canal 13) ventil\u00f3 algunos detalles hasta ahora desconocidos sobre el espect\u00e1culo de Camila Polizzi. La periodista Roc\u00edo Villalobos, quien sigui\u00f3 el rastro de Polizzi hasta las oficinas de Arsmate en La Dehesa (la plataforma de contenido para adultos donde la excandidata brilla), se enter\u00f3 de un dato que sorprendi\u00f3 al panel televisivo: cada show <strong>&#8220;va a durar solo 20 minutos&#8221;<\/strong>.<\/p>\n\n\n\n<p class=\"wp-block-paragraph\">La reacci\u00f3n en el estudio fue inmediata. Alfonso Concha exclam\u00f3: &#8220;\u00a1\u00bfC\u00f3mo?! Esp\u00e9rame, por 20 minutos, 4 millones de pesos&#8230; \u00bfQu\u00e9 me dices?&#8221;. La conductora Chantal Aguilar respondi\u00f3 con humor: &#8220;La fortuna de algunos nom\u00e1s, poh&#8221;.<\/p>\n\n\n\n<p class=\"wp-block-paragraph\">En un breve di\u00e1logo previo con 24 Horas, Polizzi confirm\u00f3 que presentar\u00e1 al menos dos personajes sobre el escenario. &#8220;Viernes Cleopatra, s\u00e1bado Harley Quinn y el resto tienen que ir a verlo all\u00e1&#8221;, coment\u00f3, a\u00f1adiendo que &#8220;es un desaf\u00edo grande, nunca hab\u00eda hecho algo como esto&#8221;. El valor del ticket para cada noche fue de <strong>$39.990<\/strong>.<\/p>\n\n\n\n<p class=\"wp-block-paragraph\">Fue a mediados de junio cuando se supo que la estrella de Arsmate logr\u00f3 que un tribunal suspendiera temporalmente sus medidas cautelares para poder realizar estas presentaciones en la capital. El argumento de su defensa fue la oportunidad de generar ingresos para mantener a sus dos hijas, considerando que su arresto domiciliario total le impide salir a trabajar de manera convencional.<\/p>\n","protected":false},"excerpt":{"rendered":"<p>En un movimiento inesperado que ha generado amplio debate, Camila Polizzi est\u00e1 lista para su debut de alto<\/p>\n","protected":false},"author":5,"featured_media":8972,"comment_status":"open","ping_status":"open","sticky":false,"template":"","format":"standard","meta":{"_crdt_document":"","_uag_custom_page_level_css":"","_sitemap_exclude":false,"_sitemap_priority":"","_sitemap_frequency":"","_joinchat":[],"footnotes":""},"categories":[14],"tags":[],"class_list":["post-8971","post","type-post","status-publish","format-standard","has-post-thumbnail","hentry","category-nacional"],"featured_image_urls":{"full":["https:\/\/www.koncevisiontv.cl\/web\/wp-content\/uploads\/2025\/07\/TR2AYSHE4JABZIQAHGA5Z4RFRY.avif",800,533,false],"thumbnail":["https:\/\/www.koncevisiontv.cl\/web\/wp-content\/uploads\/2025\/07\/TR2AYSHE4JABZIQAHGA5Z4RFRY-150x150.avif",150,150,true],"medium":["https:\/\/www.koncevisiontv.cl\/web\/wp-content\/uploads\/2025\/07\/TR2AYSHE4JABZIQAHGA5Z4RFRY-300x200.avif",300,200,true],"medium_large":["https:\/\/www.koncevisiontv.cl\/web\/wp-content\/uploads\/2025\/07\/TR2AYSHE4JABZIQAHGA5Z4RFRY-768x512.avif",640,427,true],"large":["https:\/\/www.koncevisiontv.cl\/web\/wp-content\/uploads\/2025\/07\/TR2AYSHE4JABZIQAHGA5Z4RFRY.avif",640,426,false],"1536x1536":["https:\/\/www.koncevisiontv.cl\/web\/wp-content\/uploads\/2025\/07\/TR2AYSHE4JABZIQAHGA5Z4RFRY.avif",800,533,false],"2048x2048":["https:\/\/www.koncevisiontv.cl\/web\/wp-content\/uploads\/2025\/07\/TR2AYSHE4JABZIQAHGA5Z4RFRY.avif",800,533,false],"darknews-featured":["https:\/\/www.koncevisiontv.cl\/web\/wp-content\/uploads\/2025\/07\/TR2AYSHE4JABZIQAHGA5Z4RFRY.avif",800,533,false],"darknews-large":["https:\/\/www.koncevisiontv.cl\/web\/wp-content\/uploads\/2025\/07\/TR2AYSHE4JABZIQAHGA5Z4RFRY.avif",800,533,false],"darknews-medium":["https:\/\/www.koncevisiontv.cl\/web\/wp-content\/uploads\/2025\/07\/TR2AYSHE4JABZIQAHGA5Z4RFRY-590x410.avif",590,410,true]},"author_info":{"info":["Web-Master"]},"category_info":"<a href=\"https:\/\/www.koncevisiontv.cl\/web\/category\/nacional\/\" rel=\"category tag\">Nacional<\/a>","tag_info":"Nacional","comment_count":"0","uagb_featured_image_src":{"full":["https:\/\/www.koncevisiontv.cl\/web\/wp-content\/uploads\/2025\/07\/TR2AYSHE4JABZIQAHGA5Z4RFRY.avif",800,533,false],"thumbnail":["https:\/\/www.koncevisiontv.cl\/web\/wp-content\/uploads\/2025\/07\/TR2AYSHE4JABZIQAHGA5Z4RFRY-150x150.avif",150,150,true],"medium":["https:\/\/www.koncevisiontv.cl\/web\/wp-content\/uploads\/2025\/07\/TR2AYSHE4JABZIQAHGA5Z4RFRY-300x200.avif",300,200,true],"medium_large":["https:\/\/www.koncevisiontv.cl\/web\/wp-content\/uploads\/2025\/07\/TR2AYSHE4JABZIQAHGA5Z4RFRY-768x512.avif",640,427,true],"large":["https:\/\/www.koncevisiontv.cl\/web\/wp-content\/uploads\/2025\/07\/TR2AYSHE4JABZIQAHGA5Z4RFRY.avif",640,426,false],"1536x1536":["https:\/\/www.koncevisiontv.cl\/web\/wp-content\/uploads\/2025\/07\/TR2AYSHE4JABZIQAHGA5Z4RFRY.avif",800,533,false],"2048x2048":["https:\/\/www.koncevisiontv.cl\/web\/wp-content\/uploads\/2025\/07\/TR2AYSHE4JABZIQAHGA5Z4RFRY.avif",800,533,false],"darknews-featured":["https:\/\/www.koncevisiontv.cl\/web\/wp-content\/uploads\/2025\/07\/TR2AYSHE4JABZIQAHGA5Z4RFRY.avif",800,533,false],"darknews-large":["https:\/\/www.koncevisiontv.cl\/web\/wp-content\/uploads\/2025\/07\/TR2AYSHE4JABZIQAHGA5Z4RFRY.avif",800,533,false],"darknews-medium":["https:\/\/www.koncevisiontv.cl\/web\/wp-content\/uploads\/2025\/07\/TR2AYSHE4JABZIQAHGA5Z4RFRY-590x410.avif",590,410,true]},"uagb_author_info":{"display_name":"Web-Master","author_link":"https:\/\/www.koncevisiontv.cl\/web\/author\/koncevision\/"},"uagb_comment_info":0,"uagb_excerpt":"En un movimiento inesperado que ha generado amplio debate, Camila Polizzi est\u00e1 lista para su debut de alto","_links":{"self":[{"href":"https:\/\/www.koncevisiontv.cl\/web\/wp-json\/wp\/v2\/posts\/8971","targetHints":{"allow":["GET"]}}],"collection":[{"href":"https:\/\/www.koncevisiontv.cl\/web\/wp-json\/wp\/v2\/posts"}],"about":[{"href":"https:\/\/www.koncevisiontv.cl\/web\/wp-json\/wp\/v2\/types\/post"}],"author":[{"embeddable":true,"href":"https:\/\/www.koncevisiontv.cl\/web\/wp-json\/wp\/v2\/users\/5"}],"replies":[{"embeddable":true,"href":"https:\/\/www.koncevisiontv.cl\/web\/wp-json\/wp\/v2\/comments?post=8971"}],"version-history":[{"count":2,"href":"https:\/\/www.koncevisiontv.cl\/web\/wp-json\/wp\/v2\/posts\/8971\/revisions"}],"predecessor-version":[{"id":8978,"href":"https:\/\/www.koncevisiontv.cl\/web\/wp-json\/wp\/v2\/posts\/8971\/revisions\/8978"}],"wp:featuredmedia":[{"embeddable":true,"href":"https:\/\/www.koncevisiontv.cl\/web\/wp-json\/wp\/v2\/media\/8972"}],"wp:attachment":[{"href":"https:\/\/www.koncevisiontv.cl\/web\/wp-json\/wp\/v2\/media?parent=8971"}],"wp:term":[{"taxonomy":"category","embeddable":true,"href":"https:\/\/www.koncevisiontv.cl\/web\/wp-json\/wp\/v2\/categories?post=8971"},{"taxonomy":"post_tag","embeddable":true,"href":"https:\/\/www.koncevisiontv.cl\/web\/wp-json\/wp\/v2\/tags?post=8971"}],"curies":[{"name":"wp","href":"https:\/\/api.w.org\/{rel}","templated":true}]}}