{"id":8974,"date":"2025-07-04T18:48:08","date_gmt":"2025-07-04T22:48:08","guid":{"rendered":"https:\/\/www.koncevisiontv.cl\/web\/?p=8974"},"modified":"2025-07-04T18:48:36","modified_gmt":"2025-07-04T22:48:36","slug":"detencion-venezolano-secuestro-montoya-maleta-lista","status":"publish","type":"post","link":"https:\/\/www.koncevisiontv.cl\/web\/detencion-venezolano-secuestro-montoya-maleta-lista\/","title":{"rendered":"Captura Clave en Caso de Secuestro del Exalcalde de Macul"},"content":{"rendered":"\n<p class=\"wp-block-paragraph\">Un importante golpe a la criminalidad se concret\u00f3 con la detenci\u00f3n de uno de los presuntos autores del secuestro del exalcalde de Macul, <strong>Gonzalo Montoya<\/strong>. El operativo, llevado a cabo por la Brigada Antisecuestros de la Polic\u00eda de Investigaciones (PDI), permiti\u00f3 la captura de <strong>Israel Useche Galue<\/strong>, un ciudadano venezolano de 18 a\u00f1os, quien ingres\u00f3 de forma irregular al pa\u00eds.<\/p>\n\n\n\n<p class=\"wp-block-paragraph\">Montoya estuvo retenido entre el 26 y el 29 de junio en la comuna de Renca. La PDI inform\u00f3 que Useche Galue habr\u00eda tenido una participaci\u00f3n activa en diversas etapas del crimen, incluyendo la captura, retenci\u00f3n y la posterior extorsi\u00f3n a la v\u00edctima.<\/p>\n\n\n\n<hr class=\"wp-block-separator has-alpha-channel-opacity\"\/>\n\n\n\n<h2 class=\"wp-block-heading\">Detenci\u00f3n en Hostal y V\u00ednculo con &#8220;Los Mapaches&#8221;<\/h2>\n\n\n\n<p class=\"wp-block-paragraph\">Seg\u00fan informaci\u00f3n de La Tercera, Useche Galue fue arrestado en un hostal del Barrio Yungay, en Santiago. Al momento de su captura, no portaba armas, pero lo que s\u00ed llam\u00f3 la atenci\u00f3n de los investigadores fue que <strong>ten\u00eda su equipaje listo para escapar hacia el sur del pa\u00eds<\/strong>, lo que precipit\u00f3 su detenci\u00f3n.<\/p>\n\n\n\n<p class=\"wp-block-paragraph\">La PDI ha revelado que el joven formar\u00eda parte de los \u00faltimos remanentes de una peligrosa banda criminal conocida como <strong>&#8220;Los Mapaches&#8221;<\/strong>. Esta organizaci\u00f3n ha sido vinculada a una serie de secuestros extorsivos, principalmente concentrados en el sector del Parque Almagro. De sus miembros, quince ya se encuentran en prisi\u00f3n preventiva, lo que sugiere que la detenci\u00f3n de Useche Galue es crucial para desarticular por completo la estructura. Las autoridades policiales han se\u00f1alado que el resto de los implicados ya est\u00e1n identificados y se presume que tambi\u00e9n podr\u00edan estar intentando huir del pa\u00eds.<\/p>\n\n\n\n<p class=\"wp-block-paragraph\">El control de detenci\u00f3n de Israel Useche Galue se realizar\u00e1 durante la tarde de este viernes, instancia donde se presentar\u00e1n los cargos en su contra y se determinar\u00e1n las medidas cautelares pertinentes.<\/p>\n","protected":false},"excerpt":{"rendered":"<p>Un importante golpe a la criminalidad se concret\u00f3 con la detenci\u00f3n de uno de los presuntos autores del<\/p>\n","protected":false},"author":5,"featured_media":8975,"comment_status":"open","ping_status":"open","sticky":false,"template":"","format":"standard","meta":{"_crdt_document":"","_uag_custom_page_level_css":"","_sitemap_exclude":false,"_sitemap_priority":"","_sitemap_frequency":"","_joinchat":[],"footnotes":""},"categories":[14],"tags":[],"class_list":["post-8974","post","type-post","status-publish","format-standard","has-post-thumbnail","hentry","category-nacional"],"featured_image_urls":{"full":["https:\/\/www.koncevisiontv.cl\/web\/wp-content\/uploads\/2025\/07\/VGSEZCJ45RA6HGXYXI5QW4LFTA.avif",800,450,false],"thumbnail":["https:\/\/www.koncevisiontv.cl\/web\/wp-content\/uploads\/2025\/07\/VGSEZCJ45RA6HGXYXI5QW4LFTA-150x150.avif",150,150,true],"medium":["https:\/\/www.koncevisiontv.cl\/web\/wp-content\/uploads\/2025\/07\/VGSEZCJ45RA6HGXYXI5QW4LFTA-300x169.avif",300,169,true],"medium_large":["https:\/\/www.koncevisiontv.cl\/web\/wp-content\/uploads\/2025\/07\/VGSEZCJ45RA6HGXYXI5QW4LFTA-768x432.avif",640,360,true],"large":["https:\/\/www.koncevisiontv.cl\/web\/wp-content\/uploads\/2025\/07\/VGSEZCJ45RA6HGXYXI5QW4LFTA.avif",640,360,false],"1536x1536":["https:\/\/www.koncevisiontv.cl\/web\/wp-content\/uploads\/2025\/07\/VGSEZCJ45RA6HGXYXI5QW4LFTA.avif",800,450,false],"2048x2048":["https:\/\/www.koncevisiontv.cl\/web\/wp-content\/uploads\/2025\/07\/VGSEZCJ45RA6HGXYXI5QW4LFTA.avif",800,450,false],"darknews-featured":["https:\/\/www.koncevisiontv.cl\/web\/wp-content\/uploads\/2025\/07\/VGSEZCJ45RA6HGXYXI5QW4LFTA.avif",800,450,false],"darknews-large":["https:\/\/www.koncevisiontv.cl\/web\/wp-content\/uploads\/2025\/07\/VGSEZCJ45RA6HGXYXI5QW4LFTA.avif",800,450,false],"darknews-medium":["https:\/\/www.koncevisiontv.cl\/web\/wp-content\/uploads\/2025\/07\/VGSEZCJ45RA6HGXYXI5QW4LFTA-590x410.avif",590,410,true]},"author_info":{"info":["Web-Master"]},"category_info":"<a href=\"https:\/\/www.koncevisiontv.cl\/web\/category\/nacional\/\" rel=\"category tag\">Nacional<\/a>","tag_info":"Nacional","comment_count":"0","uagb_featured_image_src":{"full":["https:\/\/www.koncevisiontv.cl\/web\/wp-content\/uploads\/2025\/07\/VGSEZCJ45RA6HGXYXI5QW4LFTA.avif",800,450,false],"thumbnail":["https:\/\/www.koncevisiontv.cl\/web\/wp-content\/uploads\/2025\/07\/VGSEZCJ45RA6HGXYXI5QW4LFTA-150x150.avif",150,150,true],"medium":["https:\/\/www.koncevisiontv.cl\/web\/wp-content\/uploads\/2025\/07\/VGSEZCJ45RA6HGXYXI5QW4LFTA-300x169.avif",300,169,true],"medium_large":["https:\/\/www.koncevisiontv.cl\/web\/wp-content\/uploads\/2025\/07\/VGSEZCJ45RA6HGXYXI5QW4LFTA-768x432.avif",640,360,true],"large":["https:\/\/www.koncevisiontv.cl\/web\/wp-content\/uploads\/2025\/07\/VGSEZCJ45RA6HGXYXI5QW4LFTA.avif",640,360,false],"1536x1536":["https:\/\/www.koncevisiontv.cl\/web\/wp-content\/uploads\/2025\/07\/VGSEZCJ45RA6HGXYXI5QW4LFTA.avif",800,450,false],"2048x2048":["https:\/\/www.koncevisiontv.cl\/web\/wp-content\/uploads\/2025\/07\/VGSEZCJ45RA6HGXYXI5QW4LFTA.avif",800,450,false],"darknews-featured":["https:\/\/www.koncevisiontv.cl\/web\/wp-content\/uploads\/2025\/07\/VGSEZCJ45RA6HGXYXI5QW4LFTA.avif",800,450,false],"darknews-large":["https:\/\/www.koncevisiontv.cl\/web\/wp-content\/uploads\/2025\/07\/VGSEZCJ45RA6HGXYXI5QW4LFTA.avif",800,450,false],"darknews-medium":["https:\/\/www.koncevisiontv.cl\/web\/wp-content\/uploads\/2025\/07\/VGSEZCJ45RA6HGXYXI5QW4LFTA-590x410.avif",590,410,true]},"uagb_author_info":{"display_name":"Web-Master","author_link":"https:\/\/www.koncevisiontv.cl\/web\/author\/koncevision\/"},"uagb_comment_info":0,"uagb_excerpt":"Un importante golpe a la criminalidad se concret\u00f3 con la detenci\u00f3n de uno de los presuntos autores del","_links":{"self":[{"href":"https:\/\/www.koncevisiontv.cl\/web\/wp-json\/wp\/v2\/posts\/8974","targetHints":{"allow":["GET"]}}],"collection":[{"href":"https:\/\/www.koncevisiontv.cl\/web\/wp-json\/wp\/v2\/posts"}],"about":[{"href":"https:\/\/www.koncevisiontv.cl\/web\/wp-json\/wp\/v2\/types\/post"}],"author":[{"embeddable":true,"href":"https:\/\/www.koncevisiontv.cl\/web\/wp-json\/wp\/v2\/users\/5"}],"replies":[{"embeddable":true,"href":"https:\/\/www.koncevisiontv.cl\/web\/wp-json\/wp\/v2\/comments?post=8974"}],"version-history":[{"count":1,"href":"https:\/\/www.koncevisiontv.cl\/web\/wp-json\/wp\/v2\/posts\/8974\/revisions"}],"predecessor-version":[{"id":8976,"href":"https:\/\/www.koncevisiontv.cl\/web\/wp-json\/wp\/v2\/posts\/8974\/revisions\/8976"}],"wp:featuredmedia":[{"embeddable":true,"href":"https:\/\/www.koncevisiontv.cl\/web\/wp-json\/wp\/v2\/media\/8975"}],"wp:attachment":[{"href":"https:\/\/www.koncevisiontv.cl\/web\/wp-json\/wp\/v2\/media?parent=8974"}],"wp:term":[{"taxonomy":"category","embeddable":true,"href":"https:\/\/www.koncevisiontv.cl\/web\/wp-json\/wp\/v2\/categories?post=8974"},{"taxonomy":"post_tag","embeddable":true,"href":"https:\/\/www.koncevisiontv.cl\/web\/wp-json\/wp\/v2\/tags?post=8974"}],"curies":[{"name":"wp","href":"https:\/\/api.w.org\/{rel}","templated":true}]}}