{"id":8979,"date":"2025-07-05T12:59:32","date_gmt":"2025-07-05T16:59:32","guid":{"rendered":"https:\/\/www.koncevisiontv.cl\/web\/?p=8979"},"modified":"2025-07-05T12:59:36","modified_gmt":"2025-07-05T16:59:36","slug":"camila-polizzi-debut-diosas-club-espectaculo-entusiasmo","status":"publish","type":"post","link":"https:\/\/www.koncevisiontv.cl\/web\/camila-polizzi-debut-diosas-club-espectaculo-entusiasmo\/","title":{"rendered":"El Explosivo Debut de Camila Polizzi en la Noche Capitalina"},"content":{"rendered":"\n<p class=\"wp-block-paragraph\">El escenario de la bohemia santiaguina fue testigo la madrugada de este s\u00e1bado del esperado debut de <strong>Camila Polizzi<\/strong> en el <strong>Diosas Club<\/strong>. La creadora de contenido er\u00f3tico, conocida por su implicaci\u00f3n en la arista Lencer\u00eda del Caso Convenios, obtuvo una suspensi\u00f3n temporal de su arresto domiciliario para cumplir con estas presentaciones laborales.<\/p>\n\n\n\n<p class=\"wp-block-paragraph\">Polizzi se transform\u00f3 en Cleopatra para un espect\u00e1culo que agot\u00f3 la capacidad del recinto nocturno, reuniendo a 250 personas. El show, dividido en dos partes, no dej\u00f3 indiferente a nadie: Polizzi se sumergi\u00f3 en un jacuzzi lleno de leche e interactu\u00f3 con serpientes, un detalle que ya conoc\u00eda &#8220;desde hace un tiempo atr\u00e1s&#8221;, seg\u00fan sus propias palabras.<\/p>\n\n\n\n<p class=\"wp-block-paragraph\">Al bajar del escenario, Polizzi expres\u00f3 su satisfacci\u00f3n: &#8220;Creo que sali\u00f3 incre\u00edble, el p\u00fablico estaba muy contento, hicieron barra, quer\u00edan m\u00e1s, as\u00ed que me voy muy contenta. Me voy a preparar para ma\u00f1ana&#8221;. Daniela Maluenda, gerenta de marketing de Diosas Club, confirm\u00f3 el entusiasmo del p\u00fablico: &#8220;La recepci\u00f3n fue incre\u00edble, estaban todos s\u00faper contentos, ped\u00edan otra&#8221;. Maluenda adelant\u00f3 que &#8220;se vienen muchas sorpresas&#8221; en futuras presentaciones.<\/p>\n\n\n\n<hr class=\"wp-block-separator has-alpha-channel-opacity\"\/>\n\n\n\n<h2 class=\"wp-block-heading\">De Confinamiento a Escenario: El Desaf\u00edo Profesional de Polizzi<\/h2>\n\n\n\n<p class=\"wp-block-paragraph\">Este espect\u00e1culo fue preparado por Camila Polizzi desde su domicilio. Ella misma reconoci\u00f3 que &#8220;es la primera vez que estoy en un escenario bailando, fue un desaf\u00edo importante&#8221;. Una afirmaci\u00f3n respaldada por Maluenda, quien a\u00f1adi\u00f3 que &#8220;Camila jam\u00e1s se hab\u00eda presentado en un escenario. Ella no ten\u00eda nada que ver con el mundo art\u00edstico&#8221;, lo que subraya el esfuerzo y la novedad de su performance.<\/p>\n\n\n\n<p class=\"wp-block-paragraph\">Paola Rojas, gerente general de <strong>Arsmate<\/strong> \u2014la plataforma de contenido para adultos que respalda a Polizzi\u2014, explic\u00f3 c\u00f3mo han apoyado a la imputada, especialmente tras la retenci\u00f3n de sus ingresos. &#8220;Nosotros como plataforma tratamos de generar alguna posibilidad de negocio para que ella pudiese seguir solvent\u00e1ndose, hasta que su situaci\u00f3n judicial se resolviera&#8221;, detall\u00f3 Rojas, quien acompa\u00f1\u00f3 a Polizzi en la capital.<\/p>\n\n\n\n<p class=\"wp-block-paragraph\">Rojas no dud\u00f3 en destacar el profesionalismo de Polizzi, revelando que &#8220;ella lo prepar\u00f3 en dos horas&#8221;. Adem\u00e1s, valor\u00f3 su &#8220;templanza para lograr hacer un show de esta calidad despu\u00e9s de tener una entrevista tan poco amigable&#8221;, refiri\u00e9ndose a su reciente participaci\u00f3n en el programa &#8220;Podemos Hablar&#8221; de Chilevisi\u00f3n. &#8220;Hay que destacar que es s\u00faper profesional, lo dio todo. En definitiva ella logr\u00f3 plasmar su personalidad en el show y eso es lo que nosotros destacamos de ella&#8221;, concluy\u00f3 la gerente de Arsmate, subrayando el \u00e9xito de esta incursi\u00f3n en el mundo del espect\u00e1culo.<\/p>\n","protected":false},"excerpt":{"rendered":"<p>El escenario de la bohemia santiaguina fue testigo la madrugada de este s\u00e1bado del esperado debut de Camila<\/p>\n","protected":false},"author":5,"featured_media":8980,"comment_status":"open","ping_status":"open","sticky":false,"template":"","format":"standard","meta":{"_crdt_document":"","_uag_custom_page_level_css":"","_sitemap_exclude":false,"_sitemap_priority":"","_sitemap_frequency":"","_joinchat":[],"footnotes":""},"categories":[14],"tags":[],"class_list":["post-8979","post","type-post","status-publish","format-standard","has-post-thumbnail","hentry","category-nacional"],"featured_image_urls":{"full":["https:\/\/www.koncevisiontv.cl\/web\/wp-content\/uploads\/2025\/07\/AA1I0Vob.png",600,338,false],"thumbnail":["https:\/\/www.koncevisiontv.cl\/web\/wp-content\/uploads\/2025\/07\/AA1I0Vob-150x150.png",150,150,true],"medium":["https:\/\/www.koncevisiontv.cl\/web\/wp-content\/uploads\/2025\/07\/AA1I0Vob-300x169.png",300,169,true],"medium_large":["https:\/\/www.koncevisiontv.cl\/web\/wp-content\/uploads\/2025\/07\/AA1I0Vob.png",600,338,false],"large":["https:\/\/www.koncevisiontv.cl\/web\/wp-content\/uploads\/2025\/07\/AA1I0Vob.png",600,338,false],"1536x1536":["https:\/\/www.koncevisiontv.cl\/web\/wp-content\/uploads\/2025\/07\/AA1I0Vob.png",600,338,false],"2048x2048":["https:\/\/www.koncevisiontv.cl\/web\/wp-content\/uploads\/2025\/07\/AA1I0Vob.png",600,338,false],"darknews-featured":["https:\/\/www.koncevisiontv.cl\/web\/wp-content\/uploads\/2025\/07\/AA1I0Vob.png",600,338,false],"darknews-large":["https:\/\/www.koncevisiontv.cl\/web\/wp-content\/uploads\/2025\/07\/AA1I0Vob.png",600,338,false],"darknews-medium":["https:\/\/www.koncevisiontv.cl\/web\/wp-content\/uploads\/2025\/07\/AA1I0Vob-590x338.png",590,338,true]},"author_info":{"info":["Web-Master"]},"category_info":"<a href=\"https:\/\/www.koncevisiontv.cl\/web\/category\/nacional\/\" rel=\"category tag\">Nacional<\/a>","tag_info":"Nacional","comment_count":"0","uagb_featured_image_src":{"full":["https:\/\/www.koncevisiontv.cl\/web\/wp-content\/uploads\/2025\/07\/AA1I0Vob.png",600,338,false],"thumbnail":["https:\/\/www.koncevisiontv.cl\/web\/wp-content\/uploads\/2025\/07\/AA1I0Vob-150x150.png",150,150,true],"medium":["https:\/\/www.koncevisiontv.cl\/web\/wp-content\/uploads\/2025\/07\/AA1I0Vob-300x169.png",300,169,true],"medium_large":["https:\/\/www.koncevisiontv.cl\/web\/wp-content\/uploads\/2025\/07\/AA1I0Vob.png",600,338,false],"large":["https:\/\/www.koncevisiontv.cl\/web\/wp-content\/uploads\/2025\/07\/AA1I0Vob.png",600,338,false],"1536x1536":["https:\/\/www.koncevisiontv.cl\/web\/wp-content\/uploads\/2025\/07\/AA1I0Vob.png",600,338,false],"2048x2048":["https:\/\/www.koncevisiontv.cl\/web\/wp-content\/uploads\/2025\/07\/AA1I0Vob.png",600,338,false],"darknews-featured":["https:\/\/www.koncevisiontv.cl\/web\/wp-content\/uploads\/2025\/07\/AA1I0Vob.png",600,338,false],"darknews-large":["https:\/\/www.koncevisiontv.cl\/web\/wp-content\/uploads\/2025\/07\/AA1I0Vob.png",600,338,false],"darknews-medium":["https:\/\/www.koncevisiontv.cl\/web\/wp-content\/uploads\/2025\/07\/AA1I0Vob-590x338.png",590,338,true]},"uagb_author_info":{"display_name":"Web-Master","author_link":"https:\/\/www.koncevisiontv.cl\/web\/author\/koncevision\/"},"uagb_comment_info":0,"uagb_excerpt":"El escenario de la bohemia santiaguina fue testigo la madrugada de este s\u00e1bado del esperado debut de Camila","_links":{"self":[{"href":"https:\/\/www.koncevisiontv.cl\/web\/wp-json\/wp\/v2\/posts\/8979","targetHints":{"allow":["GET"]}}],"collection":[{"href":"https:\/\/www.koncevisiontv.cl\/web\/wp-json\/wp\/v2\/posts"}],"about":[{"href":"https:\/\/www.koncevisiontv.cl\/web\/wp-json\/wp\/v2\/types\/post"}],"author":[{"embeddable":true,"href":"https:\/\/www.koncevisiontv.cl\/web\/wp-json\/wp\/v2\/users\/5"}],"replies":[{"embeddable":true,"href":"https:\/\/www.koncevisiontv.cl\/web\/wp-json\/wp\/v2\/comments?post=8979"}],"version-history":[{"count":1,"href":"https:\/\/www.koncevisiontv.cl\/web\/wp-json\/wp\/v2\/posts\/8979\/revisions"}],"predecessor-version":[{"id":8981,"href":"https:\/\/www.koncevisiontv.cl\/web\/wp-json\/wp\/v2\/posts\/8979\/revisions\/8981"}],"wp:featuredmedia":[{"embeddable":true,"href":"https:\/\/www.koncevisiontv.cl\/web\/wp-json\/wp\/v2\/media\/8980"}],"wp:attachment":[{"href":"https:\/\/www.koncevisiontv.cl\/web\/wp-json\/wp\/v2\/media?parent=8979"}],"wp:term":[{"taxonomy":"category","embeddable":true,"href":"https:\/\/www.koncevisiontv.cl\/web\/wp-json\/wp\/v2\/categories?post=8979"},{"taxonomy":"post_tag","embeddable":true,"href":"https:\/\/www.koncevisiontv.cl\/web\/wp-json\/wp\/v2\/tags?post=8979"}],"curies":[{"name":"wp","href":"https:\/\/api.w.org\/{rel}","templated":true}]}}