{"id":8982,"date":"2025-07-05T14:52:23","date_gmt":"2025-07-05T18:52:23","guid":{"rendered":"https:\/\/www.koncevisiontv.cl\/web\/?p=8982"},"modified":"2025-07-05T14:52:26","modified_gmt":"2025-07-05T18:52:26","slug":"ataque-a-tiros-en-san-pedro-de-la-paz-deja-herido-grave","status":"publish","type":"post","link":"https:\/\/www.koncevisiontv.cl\/web\/ataque-a-tiros-en-san-pedro-de-la-paz-deja-herido-grave\/","title":{"rendered":"Ataque a tiros en San Pedro de la Paz deja hombre en riesgo vital"},"content":{"rendered":"\n<p class=\"wp-block-paragraph\">Un grave incidente de violencia se registr\u00f3 durante la madrugada de este s\u00e1bado, cuando un conductor fue v\u00edctima de un brutal atentado mientras transitaba en su veh\u00edculo. El hombre, de nacionalidad chilena, se encuentra en estado cr\u00edtico y con riesgo vital tras recibir un disparo directo en la cabeza.<\/p>\n\n\n\n<p class=\"wp-block-paragraph\">El violento suceso tuvo lugar en una de las arterias m\u00e1s transitadas de la intercomuna, el puente Juan Pablo II, que conecta San Pedro de la Paz con Concepci\u00f3n. La v\u00edctima se desplazaba en su autom\u00f3vil particular cuando fue interceptado por un segundo veh\u00edculo desde el cual se efectuaron m\u00faltiples disparos.<\/p>\n\n\n\n<p class=\"wp-block-paragraph\">Equipos especializados de la Polic\u00eda de Investigaciones (PDI) y el Equipo de Crimen Organizado y Homicidios (ECOH) de la Fiscal\u00eda se han desplegado en el sitio del suceso para realizar las pericias correspondientes y levantar toda la evidencia bal\u00edstica y biol\u00f3gica que permita esclarecer la din\u00e1mica de los hechos.<\/p>\n\n\n\n<h2 class=\"wp-block-heading\">Investigaci\u00f3n en curso por ataque a tiros en San Pedro de la Paz<\/h2>\n\n\n\n<p class=\"wp-block-paragraph\">Seg\u00fan las declaraciones preliminares del comisario Fabrizio Z\u00fa\u00f1iga, de la Brigada de Homicidios de Concepci\u00f3n, la v\u00edctima fue atacada directamente y sin mediar provocaci\u00f3n aparente. El r\u00e1pido accionar de los servicios de emergencia permiti\u00f3 su traslado inmediato al hospital regional, donde permanece internado con pron\u00f3stico reservado debido a la gravedad de sus lesiones.<\/p>\n\n\n\n<p class=\"wp-block-paragraph\">Las diligencias est\u00e1n a cargo de la <a target=\"_blank\" rel=\"noreferrer noopener\" href=\"https:\/\/www.pdichile.cl\/\">Brigada de Homicidios de Concepci\u00f3n<\/a> y el equipo <a target=\"_blank\" rel=\"noreferrer noopener\" href=\"https:\/\/www.fiscaliadechile.cl\/\">ECOH de la Fiscal\u00eda<\/a>, quienes trabajan intensamente en la revisi\u00f3n de c\u00e1maras de seguridad y en la b\u00fasqueda de testigos que puedan aportar antecedentes clave. Hasta el momento, la identidad de la v\u00edctima no ha sido confirmada oficialmente y los responsables del ataque permanecen pr\u00f3fugos, lo que ha activado un amplio operativo para dar con su paradero.<\/p>\n","protected":false},"excerpt":{"rendered":"<p>Un grave incidente de violencia se registr\u00f3 durante la madrugada de este s\u00e1bado, cuando un conductor fue v\u00edctima<\/p>\n","protected":false},"author":5,"featured_media":8983,"comment_status":"open","ping_status":"open","sticky":false,"template":"","format":"standard","meta":{"_crdt_document":"","_uag_custom_page_level_css":"","_sitemap_exclude":false,"_sitemap_priority":"","_sitemap_frequency":"","_joinchat":[],"footnotes":""},"categories":[14],"tags":[],"class_list":["post-8982","post","type-post","status-publish","format-standard","has-post-thumbnail","hentry","category-nacional"],"featured_image_urls":{"full":["https:\/\/www.koncevisiontv.cl\/web\/wp-content\/uploads\/2025\/07\/pdi-2-740x430-1.jpg",740,430,false],"thumbnail":["https:\/\/www.koncevisiontv.cl\/web\/wp-content\/uploads\/2025\/07\/pdi-2-740x430-1-150x150.jpg",150,150,true],"medium":["https:\/\/www.koncevisiontv.cl\/web\/wp-content\/uploads\/2025\/07\/pdi-2-740x430-1-300x174.jpg",300,174,true],"medium_large":["https:\/\/www.koncevisiontv.cl\/web\/wp-content\/uploads\/2025\/07\/pdi-2-740x430-1.jpg",640,372,false],"large":["https:\/\/www.koncevisiontv.cl\/web\/wp-content\/uploads\/2025\/07\/pdi-2-740x430-1.jpg",640,372,false],"1536x1536":["https:\/\/www.koncevisiontv.cl\/web\/wp-content\/uploads\/2025\/07\/pdi-2-740x430-1.jpg",740,430,false],"2048x2048":["https:\/\/www.koncevisiontv.cl\/web\/wp-content\/uploads\/2025\/07\/pdi-2-740x430-1.jpg",740,430,false],"darknews-featured":["https:\/\/www.koncevisiontv.cl\/web\/wp-content\/uploads\/2025\/07\/pdi-2-740x430-1.jpg",740,430,false],"darknews-large":["https:\/\/www.koncevisiontv.cl\/web\/wp-content\/uploads\/2025\/07\/pdi-2-740x430-1.jpg",740,430,false],"darknews-medium":["https:\/\/www.koncevisiontv.cl\/web\/wp-content\/uploads\/2025\/07\/pdi-2-740x430-1-590x410.jpg",590,410,true]},"author_info":{"info":["Web-Master"]},"category_info":"<a href=\"https:\/\/www.koncevisiontv.cl\/web\/category\/nacional\/\" rel=\"category tag\">Nacional<\/a>","tag_info":"Nacional","comment_count":"0","uagb_featured_image_src":{"full":["https:\/\/www.koncevisiontv.cl\/web\/wp-content\/uploads\/2025\/07\/pdi-2-740x430-1.jpg",740,430,false],"thumbnail":["https:\/\/www.koncevisiontv.cl\/web\/wp-content\/uploads\/2025\/07\/pdi-2-740x430-1-150x150.jpg",150,150,true],"medium":["https:\/\/www.koncevisiontv.cl\/web\/wp-content\/uploads\/2025\/07\/pdi-2-740x430-1-300x174.jpg",300,174,true],"medium_large":["https:\/\/www.koncevisiontv.cl\/web\/wp-content\/uploads\/2025\/07\/pdi-2-740x430-1.jpg",640,372,false],"large":["https:\/\/www.koncevisiontv.cl\/web\/wp-content\/uploads\/2025\/07\/pdi-2-740x430-1.jpg",640,372,false],"1536x1536":["https:\/\/www.koncevisiontv.cl\/web\/wp-content\/uploads\/2025\/07\/pdi-2-740x430-1.jpg",740,430,false],"2048x2048":["https:\/\/www.koncevisiontv.cl\/web\/wp-content\/uploads\/2025\/07\/pdi-2-740x430-1.jpg",740,430,false],"darknews-featured":["https:\/\/www.koncevisiontv.cl\/web\/wp-content\/uploads\/2025\/07\/pdi-2-740x430-1.jpg",740,430,false],"darknews-large":["https:\/\/www.koncevisiontv.cl\/web\/wp-content\/uploads\/2025\/07\/pdi-2-740x430-1.jpg",740,430,false],"darknews-medium":["https:\/\/www.koncevisiontv.cl\/web\/wp-content\/uploads\/2025\/07\/pdi-2-740x430-1-590x410.jpg",590,410,true]},"uagb_author_info":{"display_name":"Web-Master","author_link":"https:\/\/www.koncevisiontv.cl\/web\/author\/koncevision\/"},"uagb_comment_info":0,"uagb_excerpt":"Un grave incidente de violencia se registr\u00f3 durante la madrugada de este s\u00e1bado, cuando un conductor fue v\u00edctima","_links":{"self":[{"href":"https:\/\/www.koncevisiontv.cl\/web\/wp-json\/wp\/v2\/posts\/8982","targetHints":{"allow":["GET"]}}],"collection":[{"href":"https:\/\/www.koncevisiontv.cl\/web\/wp-json\/wp\/v2\/posts"}],"about":[{"href":"https:\/\/www.koncevisiontv.cl\/web\/wp-json\/wp\/v2\/types\/post"}],"author":[{"embeddable":true,"href":"https:\/\/www.koncevisiontv.cl\/web\/wp-json\/wp\/v2\/users\/5"}],"replies":[{"embeddable":true,"href":"https:\/\/www.koncevisiontv.cl\/web\/wp-json\/wp\/v2\/comments?post=8982"}],"version-history":[{"count":1,"href":"https:\/\/www.koncevisiontv.cl\/web\/wp-json\/wp\/v2\/posts\/8982\/revisions"}],"predecessor-version":[{"id":8984,"href":"https:\/\/www.koncevisiontv.cl\/web\/wp-json\/wp\/v2\/posts\/8982\/revisions\/8984"}],"wp:featuredmedia":[{"embeddable":true,"href":"https:\/\/www.koncevisiontv.cl\/web\/wp-json\/wp\/v2\/media\/8983"}],"wp:attachment":[{"href":"https:\/\/www.koncevisiontv.cl\/web\/wp-json\/wp\/v2\/media?parent=8982"}],"wp:term":[{"taxonomy":"category","embeddable":true,"href":"https:\/\/www.koncevisiontv.cl\/web\/wp-json\/wp\/v2\/categories?post=8982"},{"taxonomy":"post_tag","embeddable":true,"href":"https:\/\/www.koncevisiontv.cl\/web\/wp-json\/wp\/v2\/tags?post=8982"}],"curies":[{"name":"wp","href":"https:\/\/api.w.org\/{rel}","templated":true}]}}