{"id":8985,"date":"2025-07-05T14:59:48","date_gmt":"2025-07-05T18:59:48","guid":{"rendered":"https:\/\/www.koncevisiontv.cl\/web\/?p=8985"},"modified":"2025-07-05T14:59:51","modified_gmt":"2025-07-05T18:59:51","slug":"fiscal-barros-tren-de-aragua-explotacion-sexual-delitos","status":"publish","type":"post","link":"https:\/\/www.koncevisiontv.cl\/web\/fiscal-barros-tren-de-aragua-explotacion-sexual-delitos\/","title":{"rendered":"La Dura Advertencia del Fiscal H\u00e9ctor Barros sobre el Consumo de Servicios Il\u00edcitos"},"content":{"rendered":"\n<p class=\"wp-block-paragraph\">Dura Advertencia del Fiscal Barros <\/p>\n\n\n\n<p class=\"wp-block-paragraph\">El fiscal regional Metropolitano Sur y jefe del Equipo de Crimen Organizado y Homicidios (ECOH), <strong>H\u00e9ctor Barros<\/strong>, ha emitido una contundente declaraci\u00f3n sobre la responsabilidad social en el auge del crimen organizado. Afirm\u00f3 que si alguien \u201cconsume servicios de ni\u00f1as explotadas sexualmente o compra un celular robado\u201d, esa persona <strong>\u201ctiene las manos con sangre igual que el Tren de Aragua\u201d<\/strong>.<\/p>\n\n\n\n<p class=\"wp-block-paragraph\">Estas declaraciones surgen de un an\u00e1lisis profundo sobre la evoluci\u00f3n del crimen organizado en Chile, que ha pasado de bandas nacionales enfocadas en el tr\u00e1fico de drogas, a la creciente presencia de la migraci\u00f3n irregular asociada al crimen transnacional. &#8220;Claramente, hay un antes y un despu\u00e9s con la llegada de extranjeros que vinieron a cometer delitos, se dio un paso al crimen organizado transnacional que est\u00e1 liderado por venezolanos, que es lo que estamos viendo ahora, y que se vinculan con el Tren de Aragua y sus diversos tent\u00e1culos\u201d, afirm\u00f3 Barros a La Tercera.<\/p>\n\n\n\n<p class=\"wp-block-paragraph\">El fiscal se\u00f1al\u00f3 que desde 2019, y tras la pandemia, &#8220;empieza a producirse la inmigraci\u00f3n ilegal y a partir de ah\u00ed hay un tremendo cambio en la relaci\u00f3n con el tipo de criminalidad que tenemos&#8221;.<\/p>\n\n\n\n<hr class=\"wp-block-separator has-alpha-channel-opacity\"\/>\n\n\n\n<h2 class=\"wp-block-heading\">La Evoluci\u00f3n del Crimen Organizado y los Nuevos Nichos Delictuales<\/h2>\n\n\n\n<p class=\"wp-block-paragraph\">Barros explic\u00f3 que, a diferencia de las bandas territoriales que operaban antes del COVID-19, ahora se observa &#8220;otro tipo de perfil, bandas que no tienen territorios determinados, que son inmigrantes, ilegales, no sabemos qui\u00e9nes son, sus familias, de d\u00f3nde vienen, solo sabemos que ingresaron al pa\u00eds, pero no a trabajar&#8230; son sujetos que vienen a cometer delitos, que son parte del Tren de Aragua o de alguna de las organizaciones que tributan al Tren de Aragua\u201d.<\/p>\n\n\n\n<p class=\"wp-block-paragraph\">El fiscal abord\u00f3 el delito de <strong>secuestro<\/strong>, que antes era espor\u00e1dico o ligado a disputas entre narcotraficantes. Ahora, han aparecido los <strong>\u201csecuestros con homicidios\u201d<\/strong>, donde el Tren de Aragua y sus facciones &#8220;empiezan a cobrar \u2018tributos\u2019&#8221;. Un ejemplo de esto es el secuestro del exalcalde de Macul, Gonzalo Montoya, donde se aplica la l\u00f3gica de &#8220;al que no \u2018tributa\u2019 o no paga, lo secuestran, y si no paga, lo matan&#8221;.<\/p>\n\n\n\n<p class=\"wp-block-paragraph\">Barros enfatiz\u00f3 que este tipo de secuestro extorsivo, antes escaso, se ha vuelto m\u00e1s com\u00fan, y ya no se limita a extranjeros.<\/p>\n\n\n\n<hr class=\"wp-block-separator has-alpha-channel-opacity\"\/>\n\n\n\n<h2 class=\"wp-block-heading\">La Corresponsabilidad del Consumidor en el Crimen Organizado<\/h2>\n\n\n\n<p class=\"wp-block-paragraph\">Respecto a c\u00f3mo combatir esta situaci\u00f3n, Barros destac\u00f3 la persecuci\u00f3n de estos delitos, un reforzamiento en la mirada supraterritorial y el enfoque en los mercados delictuales, el lavado de activos y el financiamiento. Sin embargo, hizo hincapi\u00e9 en un aspecto crucial: la demanda de estos &#8220;servicios&#8221;.<\/p>\n\n\n\n<p class=\"wp-block-paragraph\">&#8220;Algo que nos debe preocupar, tambi\u00e9n, ya con una mirada del sistema y del Estado, es que <strong>los chilenos son bastante consumidores de estos servicios o negocios il\u00edcitos que ofrecen estas organizaciones<\/strong>. Es un tema como de oferta y demanda\u201d, coment\u00f3.<\/p>\n\n\n\n<p class=\"wp-block-paragraph\">El fiscal fue tajante al afirmar que se cometen delitos directamente: <strong>\u201cSi usted consume servicios de ni\u00f1os, ni\u00f1as y adolescentes que son v\u00edctima de trata de personas, o si usted consume tusi, drogas, o incluso si usted est\u00e1 disponible para comprar tel\u00e9fonos robados, que es un delito, pues bien, usted tambi\u00e9n tiene las manos manchadas con sangre como el Tren de Aragua\u201d<\/strong>.<\/p>\n\n\n\n<p class=\"wp-block-paragraph\">Concluy\u00f3 que &#8220;de alguna forma usted est\u00e1 aportando a esa empresa delictual. La explotaci\u00f3n sexual y el mercado de la prostituci\u00f3n en Chile tambi\u00e9n est\u00e1 a cargo de una facci\u00f3n del Tren de Aragua y lo grave es que el consumidor de todo esto parece no darse cuenta que \u00e9l puede ser sujeto tambi\u00e9n de delito a trav\u00e9s de la extorsi\u00f3n\u201d, cerr\u00f3 el fiscal H\u00e9ctor Barros, haciendo un llamado a la conciencia ciudadana sobre el impacto de la demanda en el sostenimiento de estas redes criminales.<\/p>\n","protected":false},"excerpt":{"rendered":"<p>Dura Advertencia del Fiscal Barros El fiscal regional Metropolitano Sur y jefe del Equipo de Crimen Organizado y<\/p>\n","protected":false},"author":5,"featured_media":8986,"comment_status":"open","ping_status":"open","sticky":false,"template":"","format":"standard","meta":{"_crdt_document":"","_uag_custom_page_level_css":"","_sitemap_exclude":false,"_sitemap_priority":"","_sitemap_frequency":"","_joinchat":[],"footnotes":""},"categories":[14],"tags":[],"class_list":["post-8985","post","type-post","status-publish","format-standard","has-post-thumbnail","hentry","category-nacional"],"featured_image_urls":{"full":["https:\/\/www.koncevisiontv.cl\/web\/wp-content\/uploads\/2025\/07\/A_UNO_1669081-e1751721332108-740x430-1.jpg",740,430,false],"thumbnail":["https:\/\/www.koncevisiontv.cl\/web\/wp-content\/uploads\/2025\/07\/A_UNO_1669081-e1751721332108-740x430-1-150x150.jpg",150,150,true],"medium":["https:\/\/www.koncevisiontv.cl\/web\/wp-content\/uploads\/2025\/07\/A_UNO_1669081-e1751721332108-740x430-1-300x174.jpg",300,174,true],"medium_large":["https:\/\/www.koncevisiontv.cl\/web\/wp-content\/uploads\/2025\/07\/A_UNO_1669081-e1751721332108-740x430-1.jpg",640,372,false],"large":["https:\/\/www.koncevisiontv.cl\/web\/wp-content\/uploads\/2025\/07\/A_UNO_1669081-e1751721332108-740x430-1.jpg",640,372,false],"1536x1536":["https:\/\/www.koncevisiontv.cl\/web\/wp-content\/uploads\/2025\/07\/A_UNO_1669081-e1751721332108-740x430-1.jpg",740,430,false],"2048x2048":["https:\/\/www.koncevisiontv.cl\/web\/wp-content\/uploads\/2025\/07\/A_UNO_1669081-e1751721332108-740x430-1.jpg",740,430,false],"darknews-featured":["https:\/\/www.koncevisiontv.cl\/web\/wp-content\/uploads\/2025\/07\/A_UNO_1669081-e1751721332108-740x430-1.jpg",740,430,false],"darknews-large":["https:\/\/www.koncevisiontv.cl\/web\/wp-content\/uploads\/2025\/07\/A_UNO_1669081-e1751721332108-740x430-1.jpg",740,430,false],"darknews-medium":["https:\/\/www.koncevisiontv.cl\/web\/wp-content\/uploads\/2025\/07\/A_UNO_1669081-e1751721332108-740x430-1-590x410.jpg",590,410,true]},"author_info":{"info":["Web-Master"]},"category_info":"<a href=\"https:\/\/www.koncevisiontv.cl\/web\/category\/nacional\/\" rel=\"category tag\">Nacional<\/a>","tag_info":"Nacional","comment_count":"0","uagb_featured_image_src":{"full":["https:\/\/www.koncevisiontv.cl\/web\/wp-content\/uploads\/2025\/07\/A_UNO_1669081-e1751721332108-740x430-1.jpg",740,430,false],"thumbnail":["https:\/\/www.koncevisiontv.cl\/web\/wp-content\/uploads\/2025\/07\/A_UNO_1669081-e1751721332108-740x430-1-150x150.jpg",150,150,true],"medium":["https:\/\/www.koncevisiontv.cl\/web\/wp-content\/uploads\/2025\/07\/A_UNO_1669081-e1751721332108-740x430-1-300x174.jpg",300,174,true],"medium_large":["https:\/\/www.koncevisiontv.cl\/web\/wp-content\/uploads\/2025\/07\/A_UNO_1669081-e1751721332108-740x430-1.jpg",640,372,false],"large":["https:\/\/www.koncevisiontv.cl\/web\/wp-content\/uploads\/2025\/07\/A_UNO_1669081-e1751721332108-740x430-1.jpg",640,372,false],"1536x1536":["https:\/\/www.koncevisiontv.cl\/web\/wp-content\/uploads\/2025\/07\/A_UNO_1669081-e1751721332108-740x430-1.jpg",740,430,false],"2048x2048":["https:\/\/www.koncevisiontv.cl\/web\/wp-content\/uploads\/2025\/07\/A_UNO_1669081-e1751721332108-740x430-1.jpg",740,430,false],"darknews-featured":["https:\/\/www.koncevisiontv.cl\/web\/wp-content\/uploads\/2025\/07\/A_UNO_1669081-e1751721332108-740x430-1.jpg",740,430,false],"darknews-large":["https:\/\/www.koncevisiontv.cl\/web\/wp-content\/uploads\/2025\/07\/A_UNO_1669081-e1751721332108-740x430-1.jpg",740,430,false],"darknews-medium":["https:\/\/www.koncevisiontv.cl\/web\/wp-content\/uploads\/2025\/07\/A_UNO_1669081-e1751721332108-740x430-1-590x410.jpg",590,410,true]},"uagb_author_info":{"display_name":"Web-Master","author_link":"https:\/\/www.koncevisiontv.cl\/web\/author\/koncevision\/"},"uagb_comment_info":0,"uagb_excerpt":"Dura Advertencia del Fiscal Barros El fiscal regional Metropolitano Sur y jefe del Equipo de Crimen Organizado y","_links":{"self":[{"href":"https:\/\/www.koncevisiontv.cl\/web\/wp-json\/wp\/v2\/posts\/8985","targetHints":{"allow":["GET"]}}],"collection":[{"href":"https:\/\/www.koncevisiontv.cl\/web\/wp-json\/wp\/v2\/posts"}],"about":[{"href":"https:\/\/www.koncevisiontv.cl\/web\/wp-json\/wp\/v2\/types\/post"}],"author":[{"embeddable":true,"href":"https:\/\/www.koncevisiontv.cl\/web\/wp-json\/wp\/v2\/users\/5"}],"replies":[{"embeddable":true,"href":"https:\/\/www.koncevisiontv.cl\/web\/wp-json\/wp\/v2\/comments?post=8985"}],"version-history":[{"count":1,"href":"https:\/\/www.koncevisiontv.cl\/web\/wp-json\/wp\/v2\/posts\/8985\/revisions"}],"predecessor-version":[{"id":8987,"href":"https:\/\/www.koncevisiontv.cl\/web\/wp-json\/wp\/v2\/posts\/8985\/revisions\/8987"}],"wp:featuredmedia":[{"embeddable":true,"href":"https:\/\/www.koncevisiontv.cl\/web\/wp-json\/wp\/v2\/media\/8986"}],"wp:attachment":[{"href":"https:\/\/www.koncevisiontv.cl\/web\/wp-json\/wp\/v2\/media?parent=8985"}],"wp:term":[{"taxonomy":"category","embeddable":true,"href":"https:\/\/www.koncevisiontv.cl\/web\/wp-json\/wp\/v2\/categories?post=8985"},{"taxonomy":"post_tag","embeddable":true,"href":"https:\/\/www.koncevisiontv.cl\/web\/wp-json\/wp\/v2\/tags?post=8985"}],"curies":[{"name":"wp","href":"https:\/\/api.w.org\/{rel}","templated":true}]}}