{"id":9066,"date":"2025-07-08T16:26:32","date_gmt":"2025-07-08T20:26:32","guid":{"rendered":"https:\/\/www.koncevisiontv.cl\/web\/?p=9066"},"modified":"2025-07-08T16:26:35","modified_gmt":"2025-07-08T20:26:35","slug":"alza-de-la-luz-oficial-cuentas-luz-suben-7-1-por-ciento-julio","status":"publish","type":"post","link":"https:\/\/www.koncevisiontv.cl\/web\/alza-de-la-luz-oficial-cuentas-luz-suben-7-1-por-ciento-julio\/","title":{"rendered":"Es Oficial: Gobierno Formaliza Nueva Alza en las Cuentas de la Luz de un 7,1% Promedio"},"content":{"rendered":"\n<p class=\"wp-block-paragraph\">Alza de la luz: Un nuevo ajuste que impactar\u00e1 directamente en el presupuesto de las familias chilenas ha sido oficializado. Este martes, el Ministerio de Energ\u00eda public\u00f3 en el Diario Oficial el decreto que establece un <strong>alza promedio del 7,1% en las tarifas el\u00e9ctricas<\/strong> a nivel nacional, la cual comenzar\u00e1 a aplicarse a contar de este mes de julio.<\/p>\n\n\n\n<p class=\"wp-block-paragraph\">La medida, que ya cuenta con la toma de raz\u00f3n de la Contralor\u00eda, marca el inicio del ciclo regular de ajustes semestrales, tras el complejo proceso de descongelamiento tarifario vivido durante el \u00faltimo a\u00f1o.<\/p>\n\n\n\n<h2 class=\"wp-block-heading\"><strong>\u00bfPor Qu\u00e9 Sube la Luz Nuevamente? El Regreso a la Revisi\u00f3n Regular<\/strong><\/h2>\n\n\n\n<p class=\"wp-block-paragraph\">A diferencia de los fuertes aumentos anteriores, que llegaron hasta un 60% durante 2024, este nuevo incremento no responde al fin del congelamiento de precios. Seg\u00fan explicaron las autoridades, esta alza corresponde al <strong>proceso regular de revisi\u00f3n de tarifas que se realiza cada seis meses<\/strong>.<\/p>\n\n\n\n<p class=\"wp-block-paragraph\">Este ajuste se basa en el Informe T\u00e9cnico Definitivo elaborado en mayo por la <strong>Comisi\u00f3n Nacional de Energ\u00eda (CNE)<\/strong>. Dicho documento considera la variaci\u00f3n de factores clave que afectan el costo de la energ\u00eda, como el precio del d\u00f3lar y el \u00cdndice de Precios al Consumidor (IPC), para determinar el valor final que pagan los clientes regulados.<\/p>\n\n\n\n<h2 class=\"wp-block-heading\"><strong>El Fin del Descongelamiento y el Impacto en las Cuentas<\/strong><\/h2>\n\n\n\n<p class=\"wp-block-paragraph\">Es importante recordar que las tarifas el\u00e9ctricas se mantuvieron congeladas por decisi\u00f3n gubernamental desde 2019, como una medida para apoyar a las familias durante el estallido social y la pandemia. Esta pol\u00edtica gener\u00f3 una millonaria deuda con las empresas generadoras, la cual comenz\u00f3 a saldarse mediante un proceso de &#8220;descongelamiento&#8221; gradual aprobado por el Congreso a fines de 2023.<\/p>\n\n\n\n<p class=\"wp-block-paragraph\">Ese proceso de normalizaci\u00f3n fue el responsable de las alzas m\u00e1s significativas vistas durante este a\u00f1o. Con el reajuste actual del 7,1%, se da por cerrado aquel ciclo extraordinario y se retoma la modalidad de ajustes semestrales que estipula la ley energ\u00e9tica.<\/p>\n\n\n\n<h2 class=\"wp-block-heading\"><strong>El Subsidio El\u00e9ctrico como Herramienta de Mitigaci\u00f3n<\/strong><\/h2>\n\n\n\n<p class=\"wp-block-paragraph\">Conscientes del impacto que esta nueva alza puede generar, el Gobierno ha reforzado la importancia de las herramientas de ayuda disponibles. Actualmente, sigue abierto el proceso de postulaci\u00f3n al <strong>Subsidio El\u00e9ctrico<\/strong> para las familias que pertenecen al 40% m\u00e1s vulnerable del Registro Social de Hogares.<\/p>\n\n\n\n<p class=\"wp-block-paragraph\">Adem\u00e1s, y como una se\u00f1al de la preocupaci\u00f3n por el tema, el subsecretario de Energ\u00eda, Luis Felipe Ramos, confirm\u00f3 recientemente que <strong>el Ejecutivo se encuentra evaluando la posibilidad de ampliar este subsidio<\/strong> para incluir a familias que, aun estando por sobre ese tramo, enfrentan dificultades para pagar sus cuentas.<\/p>\n","protected":false},"excerpt":{"rendered":"<p>Alza de la luz: Un nuevo ajuste que impactar\u00e1 directamente en el presupuesto de las familias chilenas ha<\/p>\n","protected":false},"author":5,"featured_media":9067,"comment_status":"open","ping_status":"open","sticky":false,"template":"","format":"standard","meta":{"_crdt_document":"","_uag_custom_page_level_css":"","_sitemap_exclude":false,"_sitemap_priority":"","_sitemap_frequency":"","_joinchat":[],"footnotes":""},"categories":[14],"tags":[],"class_list":["post-9066","post","type-post","status-publish","format-standard","has-post-thumbnail","hentry","category-nacional"],"featured_image_urls":{"full":["https:\/\/www.koncevisiontv.cl\/web\/wp-content\/uploads\/2025\/07\/QJX75TK7UNFN3POY375WGZGAYQ.avif",800,450,false],"thumbnail":["https:\/\/www.koncevisiontv.cl\/web\/wp-content\/uploads\/2025\/07\/QJX75TK7UNFN3POY375WGZGAYQ-150x150.avif",150,150,true],"medium":["https:\/\/www.koncevisiontv.cl\/web\/wp-content\/uploads\/2025\/07\/QJX75TK7UNFN3POY375WGZGAYQ-300x169.avif",300,169,true],"medium_large":["https:\/\/www.koncevisiontv.cl\/web\/wp-content\/uploads\/2025\/07\/QJX75TK7UNFN3POY375WGZGAYQ-768x432.avif",640,360,true],"large":["https:\/\/www.koncevisiontv.cl\/web\/wp-content\/uploads\/2025\/07\/QJX75TK7UNFN3POY375WGZGAYQ.avif",640,360,false],"1536x1536":["https:\/\/www.koncevisiontv.cl\/web\/wp-content\/uploads\/2025\/07\/QJX75TK7UNFN3POY375WGZGAYQ.avif",800,450,false],"2048x2048":["https:\/\/www.koncevisiontv.cl\/web\/wp-content\/uploads\/2025\/07\/QJX75TK7UNFN3POY375WGZGAYQ.avif",800,450,false],"darknews-featured":["https:\/\/www.koncevisiontv.cl\/web\/wp-content\/uploads\/2025\/07\/QJX75TK7UNFN3POY375WGZGAYQ.avif",800,450,false],"darknews-large":["https:\/\/www.koncevisiontv.cl\/web\/wp-content\/uploads\/2025\/07\/QJX75TK7UNFN3POY375WGZGAYQ.avif",800,450,false],"darknews-medium":["https:\/\/www.koncevisiontv.cl\/web\/wp-content\/uploads\/2025\/07\/QJX75TK7UNFN3POY375WGZGAYQ-590x410.avif",590,410,true]},"author_info":{"info":["Web-Master"]},"category_info":"<a href=\"https:\/\/www.koncevisiontv.cl\/web\/category\/nacional\/\" rel=\"category tag\">Nacional<\/a>","tag_info":"Nacional","comment_count":"0","uagb_featured_image_src":{"full":["https:\/\/www.koncevisiontv.cl\/web\/wp-content\/uploads\/2025\/07\/QJX75TK7UNFN3POY375WGZGAYQ.avif",800,450,false],"thumbnail":["https:\/\/www.koncevisiontv.cl\/web\/wp-content\/uploads\/2025\/07\/QJX75TK7UNFN3POY375WGZGAYQ-150x150.avif",150,150,true],"medium":["https:\/\/www.koncevisiontv.cl\/web\/wp-content\/uploads\/2025\/07\/QJX75TK7UNFN3POY375WGZGAYQ-300x169.avif",300,169,true],"medium_large":["https:\/\/www.koncevisiontv.cl\/web\/wp-content\/uploads\/2025\/07\/QJX75TK7UNFN3POY375WGZGAYQ-768x432.avif",640,360,true],"large":["https:\/\/www.koncevisiontv.cl\/web\/wp-content\/uploads\/2025\/07\/QJX75TK7UNFN3POY375WGZGAYQ.avif",640,360,false],"1536x1536":["https:\/\/www.koncevisiontv.cl\/web\/wp-content\/uploads\/2025\/07\/QJX75TK7UNFN3POY375WGZGAYQ.avif",800,450,false],"2048x2048":["https:\/\/www.koncevisiontv.cl\/web\/wp-content\/uploads\/2025\/07\/QJX75TK7UNFN3POY375WGZGAYQ.avif",800,450,false],"darknews-featured":["https:\/\/www.koncevisiontv.cl\/web\/wp-content\/uploads\/2025\/07\/QJX75TK7UNFN3POY375WGZGAYQ.avif",800,450,false],"darknews-large":["https:\/\/www.koncevisiontv.cl\/web\/wp-content\/uploads\/2025\/07\/QJX75TK7UNFN3POY375WGZGAYQ.avif",800,450,false],"darknews-medium":["https:\/\/www.koncevisiontv.cl\/web\/wp-content\/uploads\/2025\/07\/QJX75TK7UNFN3POY375WGZGAYQ-590x410.avif",590,410,true]},"uagb_author_info":{"display_name":"Web-Master","author_link":"https:\/\/www.koncevisiontv.cl\/web\/author\/koncevision\/"},"uagb_comment_info":0,"uagb_excerpt":"Alza de la luz: Un nuevo ajuste que impactar\u00e1 directamente en el presupuesto de las familias chilenas ha","_links":{"self":[{"href":"https:\/\/www.koncevisiontv.cl\/web\/wp-json\/wp\/v2\/posts\/9066","targetHints":{"allow":["GET"]}}],"collection":[{"href":"https:\/\/www.koncevisiontv.cl\/web\/wp-json\/wp\/v2\/posts"}],"about":[{"href":"https:\/\/www.koncevisiontv.cl\/web\/wp-json\/wp\/v2\/types\/post"}],"author":[{"embeddable":true,"href":"https:\/\/www.koncevisiontv.cl\/web\/wp-json\/wp\/v2\/users\/5"}],"replies":[{"embeddable":true,"href":"https:\/\/www.koncevisiontv.cl\/web\/wp-json\/wp\/v2\/comments?post=9066"}],"version-history":[{"count":1,"href":"https:\/\/www.koncevisiontv.cl\/web\/wp-json\/wp\/v2\/posts\/9066\/revisions"}],"predecessor-version":[{"id":9068,"href":"https:\/\/www.koncevisiontv.cl\/web\/wp-json\/wp\/v2\/posts\/9066\/revisions\/9068"}],"wp:featuredmedia":[{"embeddable":true,"href":"https:\/\/www.koncevisiontv.cl\/web\/wp-json\/wp\/v2\/media\/9067"}],"wp:attachment":[{"href":"https:\/\/www.koncevisiontv.cl\/web\/wp-json\/wp\/v2\/media?parent=9066"}],"wp:term":[{"taxonomy":"category","embeddable":true,"href":"https:\/\/www.koncevisiontv.cl\/web\/wp-json\/wp\/v2\/categories?post=9066"},{"taxonomy":"post_tag","embeddable":true,"href":"https:\/\/www.koncevisiontv.cl\/web\/wp-json\/wp\/v2\/tags?post=9066"}],"curies":[{"name":"wp","href":"https:\/\/api.w.org\/{rel}","templated":true}]}}