{"id":9073,"date":"2025-07-08T16:37:57","date_gmt":"2025-07-08T20:37:57","guid":{"rendered":"https:\/\/www.koncevisiontv.cl\/web\/?p=9073"},"modified":"2025-07-08T16:38:00","modified_gmt":"2025-07-08T20:38:00","slug":"cae-locatario-pasaje-musalem-contrabando-lavado","status":"publish","type":"post","link":"https:\/\/www.koncevisiontv.cl\/web\/cae-locatario-pasaje-musalem-contrabando-lavado\/","title":{"rendered":"Prisi\u00f3n Preventiva para Locatario del Pasaje Musalem por Contrabando de Cigarrillos y Lavado de Dinero"},"content":{"rendered":"\n<p class=\"wp-block-paragraph\">En prisi\u00f3n preventiva qued\u00f3 el due\u00f1o de una tienda de ropa del c\u00e9ntrico Pasaje Musalem de Concepci\u00f3n, tras ser formalizado por los delitos de contrabando de cigarrillos y lavado de activos. La investigaci\u00f3n, a cargo del Ministerio P\u00fablico y la PDI, tambi\u00e9n indaga los posibles v\u00ednculos del imputado con redes criminales que operan en la zona sur del pa\u00eds.<\/p>\n\n\n\n<p class=\"wp-block-paragraph\">El empresario, identificado como Pablo Aranda Contreras de 43 a\u00f1os, utilizaba la fachada de su local comercial para ocultar un patrimonio injustificado y millonario.<\/p>\n\n\n\n<h2 class=\"wp-block-heading\"><strong>La Pista Inicial: Casi 18 Mil Cajetillas de Cigarros<\/strong><\/h2>\n\n\n\n<p class=\"wp-block-paragraph\">La investigaci\u00f3n en contra de Aranda Contreras se inici\u00f3 en 2024. En esa fecha, fue sorprendido por Carabineros durante una fiscalizaci\u00f3n en el <strong>peaje Agua Amarilla, en la comuna de Tom\u00e9<\/strong>, transportando un cargamento de casi 18 mil cajetillas de cigarrillos falsificados.<\/p>\n\n\n\n<p class=\"wp-block-paragraph\">Este hecho fue el punto de partida para que la Brigada Investigadora de Lavado de Activos (BRILAC) de la PDI comenzara a indagar el patrimonio del comerciante, descubriendo importantes inconsistencias.<\/p>\n\n\n\n<h2 class=\"wp-block-heading\"><strong>P\u00e9rdidas en los Libros, Lujos en la Calle: El Lavado de Activos<\/strong><\/h2>\n\n\n\n<p class=\"wp-block-paragraph\">Al analizar las finanzas del imputado, los detectives de la BRILAC se encontraron con una gran contradicci\u00f3n. Por un lado, su local de ropa ubicado en la Galer\u00eda Musalem <strong>registraba \u00fanicamente p\u00e9rdidas en sus balances tributarios<\/strong>.<\/p>\n\n\n\n<p class=\"wp-block-paragraph\">Sin embargo, en paralelo, el sujeto hab\u00eda adquirido <strong>tres veh\u00edculos de alta gama, avaluados en una cifra cercana a los 100 millones de pesos<\/strong>, un incremento patrimonial que no ten\u00eda justificaci\u00f3n alguna. A esto se sum\u00f3 que, seg\u00fan la fiscal a cargo del caso, Ana Mar\u00eda Aldana, el imputado intent\u00f3 ocultar uno de los veh\u00edculos, un BMW, justo al d\u00eda siguiente de su primera formalizaci\u00f3n por contrabando. Adem\u00e1s, se comprob\u00f3 que manejaba grandes sumas de dinero en efectivo.<\/p>\n\n\n\n<h2 class=\"wp-block-heading\"><strong>Investigan V\u00ednculos con Redes Criminales<\/strong><\/h2>\n\n\n\n<p class=\"wp-block-paragraph\">El caso podr\u00eda tener aristas a\u00fan m\u00e1s complejas. La fiscal Aldana confirm\u00f3 que una de las l\u00edneas investigativas busca establecer la <strong>vinculaci\u00f3n del detenido con otros sujetos asociados a redes de contrabando<\/strong> que operan desde Valpara\u00edso hacia el sur de Chile.<\/p>\n\n\n\n<p class=\"wp-block-paragraph\">Con todos estos antecedentes sobre la mesa, el tribunal acogi\u00f3 la solicitud de la fiscal\u00eda y decret\u00f3 la medida cautelar de prisi\u00f3n preventiva para el imputado, por considerar que su libertad representa un peligro para la seguridad de la sociedad y para el \u00e9xito de la investigaci\u00f3n.<\/p>\n","protected":false},"excerpt":{"rendered":"<p>En prisi\u00f3n preventiva qued\u00f3 el due\u00f1o de una tienda de ropa del c\u00e9ntrico Pasaje Musalem de Concepci\u00f3n, tras<\/p>\n","protected":false},"author":5,"featured_media":9074,"comment_status":"open","ping_status":"open","sticky":false,"template":"","format":"standard","meta":{"_crdt_document":"","_uag_custom_page_level_css":"","_sitemap_exclude":false,"_sitemap_priority":"","_sitemap_frequency":"","_joinchat":[],"footnotes":""},"categories":[14],"tags":[],"class_list":["post-9073","post","type-post","status-publish","format-standard","has-post-thumbnail","hentry","category-nacional"],"featured_image_urls":{"full":["https:\/\/www.koncevisiontv.cl\/web\/wp-content\/uploads\/2025\/07\/dueno-local-ropa-detenido-contrabando-pasaje-musalem-750x400-1.jpg",750,400,false],"thumbnail":["https:\/\/www.koncevisiontv.cl\/web\/wp-content\/uploads\/2025\/07\/dueno-local-ropa-detenido-contrabando-pasaje-musalem-750x400-1-150x150.jpg",150,150,true],"medium":["https:\/\/www.koncevisiontv.cl\/web\/wp-content\/uploads\/2025\/07\/dueno-local-ropa-detenido-contrabando-pasaje-musalem-750x400-1-300x160.jpg",300,160,true],"medium_large":["https:\/\/www.koncevisiontv.cl\/web\/wp-content\/uploads\/2025\/07\/dueno-local-ropa-detenido-contrabando-pasaje-musalem-750x400-1.jpg",640,341,false],"large":["https:\/\/www.koncevisiontv.cl\/web\/wp-content\/uploads\/2025\/07\/dueno-local-ropa-detenido-contrabando-pasaje-musalem-750x400-1.jpg",640,341,false],"1536x1536":["https:\/\/www.koncevisiontv.cl\/web\/wp-content\/uploads\/2025\/07\/dueno-local-ropa-detenido-contrabando-pasaje-musalem-750x400-1.jpg",750,400,false],"2048x2048":["https:\/\/www.koncevisiontv.cl\/web\/wp-content\/uploads\/2025\/07\/dueno-local-ropa-detenido-contrabando-pasaje-musalem-750x400-1.jpg",750,400,false],"darknews-featured":["https:\/\/www.koncevisiontv.cl\/web\/wp-content\/uploads\/2025\/07\/dueno-local-ropa-detenido-contrabando-pasaje-musalem-750x400-1.jpg",750,400,false],"darknews-large":["https:\/\/www.koncevisiontv.cl\/web\/wp-content\/uploads\/2025\/07\/dueno-local-ropa-detenido-contrabando-pasaje-musalem-750x400-1.jpg",750,400,false],"darknews-medium":["https:\/\/www.koncevisiontv.cl\/web\/wp-content\/uploads\/2025\/07\/dueno-local-ropa-detenido-contrabando-pasaje-musalem-750x400-1-590x400.jpg",590,400,true]},"author_info":{"info":["Web-Master"]},"category_info":"<a href=\"https:\/\/www.koncevisiontv.cl\/web\/category\/nacional\/\" rel=\"category tag\">Nacional<\/a>","tag_info":"Nacional","comment_count":"0","uagb_featured_image_src":{"full":["https:\/\/www.koncevisiontv.cl\/web\/wp-content\/uploads\/2025\/07\/dueno-local-ropa-detenido-contrabando-pasaje-musalem-750x400-1.jpg",750,400,false],"thumbnail":["https:\/\/www.koncevisiontv.cl\/web\/wp-content\/uploads\/2025\/07\/dueno-local-ropa-detenido-contrabando-pasaje-musalem-750x400-1-150x150.jpg",150,150,true],"medium":["https:\/\/www.koncevisiontv.cl\/web\/wp-content\/uploads\/2025\/07\/dueno-local-ropa-detenido-contrabando-pasaje-musalem-750x400-1-300x160.jpg",300,160,true],"medium_large":["https:\/\/www.koncevisiontv.cl\/web\/wp-content\/uploads\/2025\/07\/dueno-local-ropa-detenido-contrabando-pasaje-musalem-750x400-1.jpg",640,341,false],"large":["https:\/\/www.koncevisiontv.cl\/web\/wp-content\/uploads\/2025\/07\/dueno-local-ropa-detenido-contrabando-pasaje-musalem-750x400-1.jpg",640,341,false],"1536x1536":["https:\/\/www.koncevisiontv.cl\/web\/wp-content\/uploads\/2025\/07\/dueno-local-ropa-detenido-contrabando-pasaje-musalem-750x400-1.jpg",750,400,false],"2048x2048":["https:\/\/www.koncevisiontv.cl\/web\/wp-content\/uploads\/2025\/07\/dueno-local-ropa-detenido-contrabando-pasaje-musalem-750x400-1.jpg",750,400,false],"darknews-featured":["https:\/\/www.koncevisiontv.cl\/web\/wp-content\/uploads\/2025\/07\/dueno-local-ropa-detenido-contrabando-pasaje-musalem-750x400-1.jpg",750,400,false],"darknews-large":["https:\/\/www.koncevisiontv.cl\/web\/wp-content\/uploads\/2025\/07\/dueno-local-ropa-detenido-contrabando-pasaje-musalem-750x400-1.jpg",750,400,false],"darknews-medium":["https:\/\/www.koncevisiontv.cl\/web\/wp-content\/uploads\/2025\/07\/dueno-local-ropa-detenido-contrabando-pasaje-musalem-750x400-1-590x400.jpg",590,400,true]},"uagb_author_info":{"display_name":"Web-Master","author_link":"https:\/\/www.koncevisiontv.cl\/web\/author\/koncevision\/"},"uagb_comment_info":0,"uagb_excerpt":"En prisi\u00f3n preventiva qued\u00f3 el due\u00f1o de una tienda de ropa del c\u00e9ntrico Pasaje Musalem de Concepci\u00f3n, tras","_links":{"self":[{"href":"https:\/\/www.koncevisiontv.cl\/web\/wp-json\/wp\/v2\/posts\/9073","targetHints":{"allow":["GET"]}}],"collection":[{"href":"https:\/\/www.koncevisiontv.cl\/web\/wp-json\/wp\/v2\/posts"}],"about":[{"href":"https:\/\/www.koncevisiontv.cl\/web\/wp-json\/wp\/v2\/types\/post"}],"author":[{"embeddable":true,"href":"https:\/\/www.koncevisiontv.cl\/web\/wp-json\/wp\/v2\/users\/5"}],"replies":[{"embeddable":true,"href":"https:\/\/www.koncevisiontv.cl\/web\/wp-json\/wp\/v2\/comments?post=9073"}],"version-history":[{"count":1,"href":"https:\/\/www.koncevisiontv.cl\/web\/wp-json\/wp\/v2\/posts\/9073\/revisions"}],"predecessor-version":[{"id":9075,"href":"https:\/\/www.koncevisiontv.cl\/web\/wp-json\/wp\/v2\/posts\/9073\/revisions\/9075"}],"wp:featuredmedia":[{"embeddable":true,"href":"https:\/\/www.koncevisiontv.cl\/web\/wp-json\/wp\/v2\/media\/9074"}],"wp:attachment":[{"href":"https:\/\/www.koncevisiontv.cl\/web\/wp-json\/wp\/v2\/media?parent=9073"}],"wp:term":[{"taxonomy":"category","embeddable":true,"href":"https:\/\/www.koncevisiontv.cl\/web\/wp-json\/wp\/v2\/categories?post=9073"},{"taxonomy":"post_tag","embeddable":true,"href":"https:\/\/www.koncevisiontv.cl\/web\/wp-json\/wp\/v2\/tags?post=9073"}],"curies":[{"name":"wp","href":"https:\/\/api.w.org\/{rel}","templated":true}]}}