{"id":9076,"date":"2025-07-08T22:57:45","date_gmt":"2025-07-09T02:57:45","guid":{"rendered":"https:\/\/www.koncevisiontv.cl\/web\/?p=9076"},"modified":"2025-07-08T22:57:48","modified_gmt":"2025-07-09T02:57:48","slug":"planta-celulosa-constitucion-cumple-50-anos-historia","status":"publish","type":"post","link":"https:\/\/www.koncevisiontv.cl\/web\/planta-celulosa-constitucion-cumple-50-anos-historia\/","title":{"rendered":"A 50 a\u00f1os de la Planta Celulosa Constituci\u00f3n: una historia que vale la pena mirar"},"content":{"rendered":"\n<p class=\"wp-block-paragraph\">Planta Celulosa Constituci\u00f3n: Este 9 de julio la ciudad de Constituci\u00f3n celebrar\u00e1 los 50 a\u00f1os de una planta industrial que cambi\u00f3 su historia. Y no solo por su impacto econ\u00f3mico, sino por algo que hoy, en pleno 2025, parece cada vez m\u00e1s dif\u00edcil de lograr: una relaci\u00f3n ejemplar entre una gran industria y su comunidad.<\/p>\n\n\n\n<p class=\"wp-block-paragraph\">La Planta de Celulosa Constituci\u00f3n est\u00e1 ubicada a pocas cuadras de la plaza de armas. Esa proximidad, que para algunos podr\u00eda parecer una contradicci\u00f3n, se ha transformado en s\u00edmbolo de convivencia: de c\u00f3mo una industria que opera con altos est\u00e1ndares puede insertarse, dialogar y crecer junto a la ciudad que la acoge.<\/p>\n\n\n\n<p class=\"wp-block-paragraph\">En un contexto donde muchos proyectos de inversi\u00f3n enfrentan oposici\u00f3n o quedan paralizados por el temor \u2014muchas veces leg\u00edtimo\u2014 de las comunidades frente a posibles impactos, esta experiencia merece ser observada con atenci\u00f3n. Porque demuestra que s\u00ed es posible compatibilizar desarrollo productivo, cuidado ambiental y bienestar social, cuando se act\u00faa con visi\u00f3n de largo plazo, compromiso genuino y apertura al di\u00e1logo.<\/p>\n\n\n\n<p class=\"wp-block-paragraph\">Esta visi\u00f3n de desarrollo no surgi\u00f3 al azar. Ya en 1965, el informe del Programa de Cooperaci\u00f3n T\u00e9cnica Chile-California propon\u00eda: \u201cAdoptar medidas de car\u00e1cter inmediato que aseguren inversiones de capital, tanto en la producci\u00f3n de celulosa como de aserraderos que utilicen las actuales plantaciones de pinos (\u2026)\u201d.<\/p>\n\n\n\n<p class=\"wp-block-paragraph\">Diez a\u00f1os despu\u00e9s, el 9 de mayo de 1975, esa propuesta se concret\u00f3 con la inauguraci\u00f3n de la planta de celulosa en Constituci\u00f3n.<\/p>\n\n\n\n<p class=\"wp-block-paragraph\">Desde sus inicios, esta planta fue construida con la mejor tecnolog\u00eda disponible. Ese principio, que parec\u00eda t\u00e9cnico, se convirti\u00f3 en un valor: mantenerse a la vanguardia, anticipar los cambios, cumplir con est\u00e1ndares internacionales y responder a las exigencias ambientales y sociales de cada \u00e9poca. En cinco d\u00e9cadas, la empresa ha superado crisis, desastres naturales y transformaciones pol\u00edticas, sin perder de vista su responsabilidad con el entorno.<\/p>\n\n\n\n<p class=\"wp-block-paragraph\">La celulosa no solo consolid\u00f3 la vocaci\u00f3n forestal de la zona; tambi\u00e9n se transform\u00f3 en motor de empleo, emprendimiento y diversificaci\u00f3n econ\u00f3mica. Alrededor de ella florecieron nuevos servicios, comercios, redes de proveedores, y sobre todo, una comunidad que la siente propia. Esa pertenencia no se impone ni se compra: se construye d\u00eda a d\u00eda, escuchando, adapt\u00e1ndose y cumpliendo la palabra empe\u00f1ada.<\/p>\n\n\n\n<p class=\"wp-block-paragraph\">En tiempos en que el pa\u00eds necesita invertir, crecer y recuperar confianzas, experiencias como la de Constituci\u00f3n nos recuerdan que la clave no est\u00e1 solo en lo t\u00e9cnico o lo econ\u00f3mico, sino en c\u00f3mo se hacen las cosas. En este aniversario, m\u00e1s que celebrar una fecha, celebramos una forma de hacer empresa, una relaci\u00f3n madura con el territorio y una promesa cumplida.<\/p>\n\n\n\n<p class=\"wp-block-paragraph\">Ojal\u00e1 sepamos aprender de esta historia para escribir muchas m\u00e1s como esta.<\/p>\n","protected":false},"excerpt":{"rendered":"<p>Planta Celulosa Constituci\u00f3n: Este 9 de julio la ciudad de Constituci\u00f3n celebrar\u00e1 los 50 a\u00f1os de una planta<\/p>\n","protected":false},"author":5,"featured_media":9077,"comment_status":"open","ping_status":"open","sticky":false,"template":"","format":"standard","meta":{"_crdt_document":"","_uag_custom_page_level_css":"","_sitemap_exclude":false,"_sitemap_priority":"","_sitemap_frequency":"","_joinchat":[],"footnotes":""},"categories":[14],"tags":[],"class_list":["post-9076","post","type-post","status-publish","format-standard","has-post-thumbnail","hentry","category-nacional"],"featured_image_urls":{"full":["https:\/\/www.koncevisiontv.cl\/web\/wp-content\/uploads\/2025\/07\/Leonardo-Vergara-1-scaled.jpeg",2560,1441,false],"thumbnail":["https:\/\/www.koncevisiontv.cl\/web\/wp-content\/uploads\/2025\/07\/Leonardo-Vergara-1-150x150.jpeg",150,150,true],"medium":["https:\/\/www.koncevisiontv.cl\/web\/wp-content\/uploads\/2025\/07\/Leonardo-Vergara-1-300x169.jpeg",300,169,true],"medium_large":["https:\/\/www.koncevisiontv.cl\/web\/wp-content\/uploads\/2025\/07\/Leonardo-Vergara-1-768x432.jpeg",640,360,true],"large":["https:\/\/www.koncevisiontv.cl\/web\/wp-content\/uploads\/2025\/07\/Leonardo-Vergara-1-1024x577.jpeg",640,361,true],"1536x1536":["https:\/\/www.koncevisiontv.cl\/web\/wp-content\/uploads\/2025\/07\/Leonardo-Vergara-1-1536x865.jpeg",1536,865,true],"2048x2048":["https:\/\/www.koncevisiontv.cl\/web\/wp-content\/uploads\/2025\/07\/Leonardo-Vergara-1-2048x1153.jpeg",2048,1153,true],"darknews-featured":["https:\/\/www.koncevisiontv.cl\/web\/wp-content\/uploads\/2025\/07\/Leonardo-Vergara-1-1024x577.jpeg",1024,577,true],"darknews-large":["https:\/\/www.koncevisiontv.cl\/web\/wp-content\/uploads\/2025\/07\/Leonardo-Vergara-1-825x575.jpeg",825,575,true],"darknews-medium":["https:\/\/www.koncevisiontv.cl\/web\/wp-content\/uploads\/2025\/07\/Leonardo-Vergara-1-590x410.jpeg",590,410,true]},"author_info":{"info":["Web-Master"]},"category_info":"<a href=\"https:\/\/www.koncevisiontv.cl\/web\/category\/nacional\/\" rel=\"category tag\">Nacional<\/a>","tag_info":"Nacional","comment_count":"0","uagb_featured_image_src":{"full":["https:\/\/www.koncevisiontv.cl\/web\/wp-content\/uploads\/2025\/07\/Leonardo-Vergara-1-scaled.jpeg",2560,1441,false],"thumbnail":["https:\/\/www.koncevisiontv.cl\/web\/wp-content\/uploads\/2025\/07\/Leonardo-Vergara-1-150x150.jpeg",150,150,true],"medium":["https:\/\/www.koncevisiontv.cl\/web\/wp-content\/uploads\/2025\/07\/Leonardo-Vergara-1-300x169.jpeg",300,169,true],"medium_large":["https:\/\/www.koncevisiontv.cl\/web\/wp-content\/uploads\/2025\/07\/Leonardo-Vergara-1-768x432.jpeg",640,360,true],"large":["https:\/\/www.koncevisiontv.cl\/web\/wp-content\/uploads\/2025\/07\/Leonardo-Vergara-1-1024x577.jpeg",640,361,true],"1536x1536":["https:\/\/www.koncevisiontv.cl\/web\/wp-content\/uploads\/2025\/07\/Leonardo-Vergara-1-1536x865.jpeg",1536,865,true],"2048x2048":["https:\/\/www.koncevisiontv.cl\/web\/wp-content\/uploads\/2025\/07\/Leonardo-Vergara-1-2048x1153.jpeg",2048,1153,true],"darknews-featured":["https:\/\/www.koncevisiontv.cl\/web\/wp-content\/uploads\/2025\/07\/Leonardo-Vergara-1-1024x577.jpeg",1024,577,true],"darknews-large":["https:\/\/www.koncevisiontv.cl\/web\/wp-content\/uploads\/2025\/07\/Leonardo-Vergara-1-825x575.jpeg",825,575,true],"darknews-medium":["https:\/\/www.koncevisiontv.cl\/web\/wp-content\/uploads\/2025\/07\/Leonardo-Vergara-1-590x410.jpeg",590,410,true]},"uagb_author_info":{"display_name":"Web-Master","author_link":"https:\/\/www.koncevisiontv.cl\/web\/author\/koncevision\/"},"uagb_comment_info":0,"uagb_excerpt":"Planta Celulosa Constituci\u00f3n: Este 9 de julio la ciudad de Constituci\u00f3n celebrar\u00e1 los 50 a\u00f1os de una planta","_links":{"self":[{"href":"https:\/\/www.koncevisiontv.cl\/web\/wp-json\/wp\/v2\/posts\/9076","targetHints":{"allow":["GET"]}}],"collection":[{"href":"https:\/\/www.koncevisiontv.cl\/web\/wp-json\/wp\/v2\/posts"}],"about":[{"href":"https:\/\/www.koncevisiontv.cl\/web\/wp-json\/wp\/v2\/types\/post"}],"author":[{"embeddable":true,"href":"https:\/\/www.koncevisiontv.cl\/web\/wp-json\/wp\/v2\/users\/5"}],"replies":[{"embeddable":true,"href":"https:\/\/www.koncevisiontv.cl\/web\/wp-json\/wp\/v2\/comments?post=9076"}],"version-history":[{"count":1,"href":"https:\/\/www.koncevisiontv.cl\/web\/wp-json\/wp\/v2\/posts\/9076\/revisions"}],"predecessor-version":[{"id":9078,"href":"https:\/\/www.koncevisiontv.cl\/web\/wp-json\/wp\/v2\/posts\/9076\/revisions\/9078"}],"wp:featuredmedia":[{"embeddable":true,"href":"https:\/\/www.koncevisiontv.cl\/web\/wp-json\/wp\/v2\/media\/9077"}],"wp:attachment":[{"href":"https:\/\/www.koncevisiontv.cl\/web\/wp-json\/wp\/v2\/media?parent=9076"}],"wp:term":[{"taxonomy":"category","embeddable":true,"href":"https:\/\/www.koncevisiontv.cl\/web\/wp-json\/wp\/v2\/categories?post=9076"},{"taxonomy":"post_tag","embeddable":true,"href":"https:\/\/www.koncevisiontv.cl\/web\/wp-json\/wp\/v2\/tags?post=9076"}],"curies":[{"name":"wp","href":"https:\/\/api.w.org\/{rel}","templated":true}]}}