{"id":9080,"date":"2025-07-09T10:45:36","date_gmt":"2025-07-09T14:45:36","guid":{"rendered":"https:\/\/www.koncevisiontv.cl\/web\/?p=9080"},"modified":"2025-07-09T10:45:39","modified_gmt":"2025-07-09T14:45:39","slug":"caso-concejala-desaparecida-inspector-vallejo-apunta-a-crimen-perfecto","status":"publish","type":"post","link":"https:\/\/www.koncevisiontv.cl\/web\/caso-concejala-desaparecida-inspector-vallejo-apunta-a-crimen-perfecto\/","title":{"rendered":"Caso Concejala Desaparecida: La teor\u00eda del &#8220;crimen perfecto&#8221;"},"content":{"rendered":"\n<div class=\"wp-block-uagb-advanced-heading uagb-block-e4eb1126\"><h2 class=\"uagb-heading-text\">Caso Concejala Desaparecida:<\/h2><\/div>\n\n\n\n<p class=\"wp-block-paragraph\">A casi un mes de la enigm\u00e1tica desaparici\u00f3n de la concejala de Villa Alegre, Mar\u00eda Ignacia Gonz\u00e1lez, la investigaci\u00f3n parece estancada ante una total ausencia de pistas. Ahora, una nueva y escalofriante hip\u00f3tesis surge del an\u00e1lisis del expolic\u00eda Jos\u00e9 Miguel Vallejo, quien sugiere que detr\u00e1s del caso podr\u00eda ocultarse un crimen meticulosamente planificado.<\/p>\n\n\n\n<h2 class=\"wp-block-heading\"><strong>Un Mes de Incertidumbre sin Rastros<\/strong><\/h2>\n\n\n\n<p class=\"wp-block-paragraph\">El rastro de Mar\u00eda Ignacia se perdi\u00f3 durante la madrugada del domingo 15 de junio, cuando las c\u00e1maras de seguridad registraron su salida en camioneta desde su domicilio hacia el sector rural de La Balsa. Desde ese momento, el silencio es absoluto.<\/p>\n\n\n\n<p class=\"wp-block-paragraph\">Inicialmente, se baraj\u00f3 la posibilidad de que la edil hubiera acudido a una emergencia ciudadana provocada por el sistema frontal que se avecinaba. Sin embargo, esta teor\u00eda fue r\u00e1pidamente desmentida al comprobarse que a la hora de su partida, la lluvia a\u00fan no hab\u00eda comenzado en la zona. La incertidumbre se agiganta al no existir ninguna pista sobre el paradero de su veh\u00edculo, el cual ha sido buscado intensamente, incluso en el r\u00edo Loncomilla, sin \u00e9xito alguno.<\/p>\n\n\n\n<h3 class=\"wp-block-heading\"><strong>La Tesis del &#8220;Crimen Perfecto&#8221; seg\u00fan Inspector Vallejo<\/strong><\/h3>\n\n\n\n<p class=\"wp-block-paragraph\">Con el paso de las semanas, la intervenci\u00f3n de terceros se ha convertido en la l\u00ednea investigativa m\u00e1s fuerte, una idea que ya hab\u00edan deslizado las hijas de la concejala. En este contexto, el an\u00e1lisis del popular &#8220;Inspector Vallejo&#8221; aporta una conclusi\u00f3n sombr\u00eda.<\/p>\n\n\n\n<p class=\"wp-block-paragraph\">&#8220;Mucho me temo que detr\u00e1s de la desaparici\u00f3n de la concejala Mar\u00eda Ignacia Gonz\u00e1lez se oculta un crimen mucho m\u00e1s perfecto de lo supuesto en un principio&#8221;, se\u00f1al\u00f3 el expolic\u00eda. Seg\u00fan su visi\u00f3n, el <strong>Caso de la Concejala Desaparecida<\/strong> ha dejado atr\u00e1s las hip\u00f3tesis menos cre\u00edbles. &#8220;El suicidio y la muerte por accidente han pasado a formar parte de las hip\u00f3tesis menos cre\u00edbles&#8221;, a\u00f1adi\u00f3.<\/p>\n\n\n\n<h2 class=\"wp-block-heading\"><strong>Un Desaf\u00edo para los Investigadores<\/strong><\/h2>\n\n\n\n<p class=\"wp-block-paragraph\">Vallejo profundiz\u00f3 en su an\u00e1lisis, destacando la aparente prolijidad de quien o quienes estar\u00edan detr\u00e1s del hecho. \u201cLo que se puede concluir, de momento, es que no se trata de (alguien con) mediocre condici\u00f3n planeadora ni intelectual. Sin rastros, evidencias, indicios constatables ni testimonios tecnol\u00f3gicos o personales, podemos temer un crimen perfecto\u201d, asegur\u00f3 en sus redes sociales.<\/p>\n\n\n\n<p class=\"wp-block-paragraph\">Este escenario representa una enorme presi\u00f3n para los equipos policiales a cargo, como lo reconoce el propio Vallejo, quienes se encargan de las <a target=\"_blank\" rel=\"noreferrer noopener\" href=\"https:\/\/www.google.com\/search?q=https:\/\/www.pdichile.cl\/delitos\/presuntas-desgracias\">diligencias en casos de presunta desgracia<\/a>. Lo describe como &#8220;un desaf\u00edo de plana mayor y una bofetada si no hay resultados&#8221;, estableciendo un paralelo con el caso de Mar\u00eda Elcira, cuya resoluci\u00f3n sigue pendiente y se ha convertido en &#8220;un fantasma que persigue a los detectives en este nuevo caso&#8221;.<\/p>\n","protected":false},"excerpt":{"rendered":"<p>Caso Concejala Desaparecida: A casi un mes de la enigm\u00e1tica desaparici\u00f3n de la concejala de Villa Alegre, Mar\u00eda<\/p>\n","protected":false},"author":5,"featured_media":9081,"comment_status":"open","ping_status":"open","sticky":false,"template":"","format":"standard","meta":{"_crdt_document":"","_uag_custom_page_level_css":"","_sitemap_exclude":false,"_sitemap_priority":"","_sitemap_frequency":"","_joinchat":[],"footnotes":""},"categories":[14],"tags":[],"class_list":["post-9080","post","type-post","status-publish","format-standard","has-post-thumbnail","hentry","category-nacional"],"featured_image_urls":{"full":["https:\/\/www.koncevisiontv.cl\/web\/wp-content\/uploads\/2025\/07\/KLK2T2YCSNBBTGELFUOMVOY4QI-1.avif",800,533,false],"thumbnail":["https:\/\/www.koncevisiontv.cl\/web\/wp-content\/uploads\/2025\/07\/KLK2T2YCSNBBTGELFUOMVOY4QI-1-150x150.avif",150,150,true],"medium":["https:\/\/www.koncevisiontv.cl\/web\/wp-content\/uploads\/2025\/07\/KLK2T2YCSNBBTGELFUOMVOY4QI-1-300x200.avif",300,200,true],"medium_large":["https:\/\/www.koncevisiontv.cl\/web\/wp-content\/uploads\/2025\/07\/KLK2T2YCSNBBTGELFUOMVOY4QI-1-768x512.avif",640,427,true],"large":["https:\/\/www.koncevisiontv.cl\/web\/wp-content\/uploads\/2025\/07\/KLK2T2YCSNBBTGELFUOMVOY4QI-1.avif",640,426,false],"1536x1536":["https:\/\/www.koncevisiontv.cl\/web\/wp-content\/uploads\/2025\/07\/KLK2T2YCSNBBTGELFUOMVOY4QI-1.avif",800,533,false],"2048x2048":["https:\/\/www.koncevisiontv.cl\/web\/wp-content\/uploads\/2025\/07\/KLK2T2YCSNBBTGELFUOMVOY4QI-1.avif",800,533,false],"darknews-featured":["https:\/\/www.koncevisiontv.cl\/web\/wp-content\/uploads\/2025\/07\/KLK2T2YCSNBBTGELFUOMVOY4QI-1.avif",800,533,false],"darknews-large":["https:\/\/www.koncevisiontv.cl\/web\/wp-content\/uploads\/2025\/07\/KLK2T2YCSNBBTGELFUOMVOY4QI-1.avif",800,533,false],"darknews-medium":["https:\/\/www.koncevisiontv.cl\/web\/wp-content\/uploads\/2025\/07\/KLK2T2YCSNBBTGELFUOMVOY4QI-1-590x410.avif",590,410,true]},"author_info":{"info":["Web-Master"]},"category_info":"<a href=\"https:\/\/www.koncevisiontv.cl\/web\/category\/nacional\/\" rel=\"category tag\">Nacional<\/a>","tag_info":"Nacional","comment_count":"0","uagb_featured_image_src":{"full":["https:\/\/www.koncevisiontv.cl\/web\/wp-content\/uploads\/2025\/07\/KLK2T2YCSNBBTGELFUOMVOY4QI-1.avif",800,533,false],"thumbnail":["https:\/\/www.koncevisiontv.cl\/web\/wp-content\/uploads\/2025\/07\/KLK2T2YCSNBBTGELFUOMVOY4QI-1-150x150.avif",150,150,true],"medium":["https:\/\/www.koncevisiontv.cl\/web\/wp-content\/uploads\/2025\/07\/KLK2T2YCSNBBTGELFUOMVOY4QI-1-300x200.avif",300,200,true],"medium_large":["https:\/\/www.koncevisiontv.cl\/web\/wp-content\/uploads\/2025\/07\/KLK2T2YCSNBBTGELFUOMVOY4QI-1-768x512.avif",640,427,true],"large":["https:\/\/www.koncevisiontv.cl\/web\/wp-content\/uploads\/2025\/07\/KLK2T2YCSNBBTGELFUOMVOY4QI-1.avif",640,426,false],"1536x1536":["https:\/\/www.koncevisiontv.cl\/web\/wp-content\/uploads\/2025\/07\/KLK2T2YCSNBBTGELFUOMVOY4QI-1.avif",800,533,false],"2048x2048":["https:\/\/www.koncevisiontv.cl\/web\/wp-content\/uploads\/2025\/07\/KLK2T2YCSNBBTGELFUOMVOY4QI-1.avif",800,533,false],"darknews-featured":["https:\/\/www.koncevisiontv.cl\/web\/wp-content\/uploads\/2025\/07\/KLK2T2YCSNBBTGELFUOMVOY4QI-1.avif",800,533,false],"darknews-large":["https:\/\/www.koncevisiontv.cl\/web\/wp-content\/uploads\/2025\/07\/KLK2T2YCSNBBTGELFUOMVOY4QI-1.avif",800,533,false],"darknews-medium":["https:\/\/www.koncevisiontv.cl\/web\/wp-content\/uploads\/2025\/07\/KLK2T2YCSNBBTGELFUOMVOY4QI-1-590x410.avif",590,410,true]},"uagb_author_info":{"display_name":"Web-Master","author_link":"https:\/\/www.koncevisiontv.cl\/web\/author\/koncevision\/"},"uagb_comment_info":0,"uagb_excerpt":"Caso Concejala Desaparecida: A casi un mes de la enigm\u00e1tica desaparici\u00f3n de la concejala de Villa Alegre, Mar\u00eda","_links":{"self":[{"href":"https:\/\/www.koncevisiontv.cl\/web\/wp-json\/wp\/v2\/posts\/9080","targetHints":{"allow":["GET"]}}],"collection":[{"href":"https:\/\/www.koncevisiontv.cl\/web\/wp-json\/wp\/v2\/posts"}],"about":[{"href":"https:\/\/www.koncevisiontv.cl\/web\/wp-json\/wp\/v2\/types\/post"}],"author":[{"embeddable":true,"href":"https:\/\/www.koncevisiontv.cl\/web\/wp-json\/wp\/v2\/users\/5"}],"replies":[{"embeddable":true,"href":"https:\/\/www.koncevisiontv.cl\/web\/wp-json\/wp\/v2\/comments?post=9080"}],"version-history":[{"count":1,"href":"https:\/\/www.koncevisiontv.cl\/web\/wp-json\/wp\/v2\/posts\/9080\/revisions"}],"predecessor-version":[{"id":9082,"href":"https:\/\/www.koncevisiontv.cl\/web\/wp-json\/wp\/v2\/posts\/9080\/revisions\/9082"}],"wp:featuredmedia":[{"embeddable":true,"href":"https:\/\/www.koncevisiontv.cl\/web\/wp-json\/wp\/v2\/media\/9081"}],"wp:attachment":[{"href":"https:\/\/www.koncevisiontv.cl\/web\/wp-json\/wp\/v2\/media?parent=9080"}],"wp:term":[{"taxonomy":"category","embeddable":true,"href":"https:\/\/www.koncevisiontv.cl\/web\/wp-json\/wp\/v2\/categories?post=9080"},{"taxonomy":"post_tag","embeddable":true,"href":"https:\/\/www.koncevisiontv.cl\/web\/wp-json\/wp\/v2\/tags?post=9080"}],"curies":[{"name":"wp","href":"https:\/\/api.w.org\/{rel}","templated":true}]}}