{"id":9083,"date":"2025-07-09T10:51:21","date_gmt":"2025-07-09T14:51:21","guid":{"rendered":"https:\/\/www.koncevisiontv.cl\/web\/?p=9083"},"modified":"2025-07-09T10:51:24","modified_gmt":"2025-07-09T14:51:24","slug":"comandante-fach-aclara-polemica-por-narcotrafico","status":"publish","type":"post","link":"https:\/\/www.koncevisiontv.cl\/web\/comandante-fach-aclara-polemica-por-narcotrafico\/","title":{"rendered":"Jefe de la FACh delimita rol del Presidente en caso de narcotr\u00e1fico: &#8220;No tiene injerencia&#8221;"},"content":{"rendered":"\n<p class=\"wp-block-paragraph\">En medio de la controversia generada por la investigaci\u00f3n de tr\u00e1fico de drogas al interior de sus filas, el Comandante en Jefe de la Fuerza A\u00e9rea de Chile (FACh), General Hugo Rodr\u00edguez, ha salido al paso para clarificar la posici\u00f3n institucional y el marco legal que rige el procedimiento.<sup><\/sup><\/p>\n\n\n\n<p class=\"wp-block-paragraph\">Las declaraciones surgen tras los dichos del ministro de Seguridad, Luis Cordero, quien previamente asegur\u00f3 que el Presidente Gabriel Boric &#8220;ha instruido&#8221; a la instituci\u00f3n a entregar todos los antecedentes al Ministerio P\u00fablico, luego de una negativa inicial de la FACh.<\/p>\n\n\n\n<h2 class=\"wp-block-heading\"><strong>La postura del Comandante FACh sobre el caso de narcotr\u00e1fico<\/strong><\/h2>\n\n\n\n<p class=\"wp-block-paragraph\">Al ser consultado en el Congreso, el General Rodr\u00edguez explic\u00f3 la raz\u00f3n de la demora en la entrega de la informaci\u00f3n a la Fiscal\u00eda Regional de Tarapac\u00e1. Seg\u00fan indic\u00f3, la instituci\u00f3n buscaba realizar &#8220;un an\u00e1lisis exhaustivo&#8221; de los datos para no &#8220;cometer alg\u00fan equ\u00edvoco&#8221;.<\/p>\n\n\n\n<p class=\"wp-block-paragraph\">Respecto a la supuesta instrucci\u00f3n presidencial, el l\u00edder de la FACh fue enf\u00e1tico en se\u00f1alar los l\u00edmites de la intervenci\u00f3n del Ejecutivo en estos asuntos.<sup><\/sup> <strong>\u201cEl Presidente en esto no tiene injerencia respecto de dar una indicaci\u00f3n o no, porque esto tiene que ver con los tribunales de Justicia\u201d<\/strong>, asever\u00f3.<\/p>\n\n\n\n<p class=\"wp-block-paragraph\">Aunque reconoci\u00f3 al mandatario como su superior jer\u00e1rquico, precis\u00f3: \u201cYo como superior de la Fuerza A\u00e9rea tampoco tengo relaci\u00f3n con la Fiscal\u00eda de Aviaci\u00f3n, sino que es el Poder Judicial\u201d.<\/p>\n\n\n\n<h3 class=\"wp-block-heading\"><strong>Competencia de la Justicia Militar<\/strong><\/h3>\n\n\n\n<p class=\"wp-block-paragraph\">El general profundiz\u00f3 en la base legal de su postura, explicando que, seg\u00fan lo estipulado en el <strong>C\u00f3digo de Justicia Militar de Chile<\/strong>, los delitos comunes cometidos por personal militar dentro de recintos militares son competencia de tribunales especiales.<\/p>\n\n\n\n<p class=\"wp-block-paragraph\">\u201cEn todos los delitos que sean cometidos por militares en recintos militares tiene competencia la Fiscal\u00eda de Aviaci\u00f3n\u201d, afirm\u00f3 Rodr\u00edguez, reiterando que esta jurisdicci\u00f3n es la que debe llevar a cabo la investigaci\u00f3n sobre los efectivos sorprendidos trasladando ketamina desde Iquique a Santiago.<\/p>\n\n\n\n<p class=\"wp-block-paragraph\">Esta aclaraci\u00f3n busca zanjar la pugna de competencias y reafirmar la autonom\u00eda de los procesos judiciales militares en casos que ocurren bajo su jurisdicci\u00f3n, marcando una l\u00ednea clara sobre el alcance de las facultades de los distintos poderes del Estado. Puedes consultar m\u00e1s detalles sobre la jurisdicci\u00f3n en el <a target=\"_blank\" rel=\"noreferrer noopener\" href=\"https:\/\/www.bcn.cl\/leychile\/navegar?idNorma=18428\">C\u00f3digo de Justicia Militar<\/a>.<\/p>\n","protected":false},"excerpt":{"rendered":"<p>En medio de la controversia generada por la investigaci\u00f3n de tr\u00e1fico de drogas al interior de sus filas,<\/p>\n","protected":false},"author":5,"featured_media":9084,"comment_status":"open","ping_status":"open","sticky":false,"template":"","format":"standard","meta":{"_crdt_document":"","_uag_custom_page_level_css":"","_sitemap_exclude":false,"_sitemap_priority":"","_sitemap_frequency":"","_joinchat":[],"footnotes":""},"categories":[14],"tags":[],"class_list":["post-9083","post","type-post","status-publish","format-standard","has-post-thumbnail","hentry","category-nacional"],"featured_image_urls":{"full":["https:\/\/www.koncevisiontv.cl\/web\/wp-content\/uploads\/2025\/07\/VZDSOIP23RHKNBU2CUVEHZWUSM.avif",800,450,false],"thumbnail":["https:\/\/www.koncevisiontv.cl\/web\/wp-content\/uploads\/2025\/07\/VZDSOIP23RHKNBU2CUVEHZWUSM-150x150.avif",150,150,true],"medium":["https:\/\/www.koncevisiontv.cl\/web\/wp-content\/uploads\/2025\/07\/VZDSOIP23RHKNBU2CUVEHZWUSM-300x169.avif",300,169,true],"medium_large":["https:\/\/www.koncevisiontv.cl\/web\/wp-content\/uploads\/2025\/07\/VZDSOIP23RHKNBU2CUVEHZWUSM-768x432.avif",640,360,true],"large":["https:\/\/www.koncevisiontv.cl\/web\/wp-content\/uploads\/2025\/07\/VZDSOIP23RHKNBU2CUVEHZWUSM.avif",640,360,false],"1536x1536":["https:\/\/www.koncevisiontv.cl\/web\/wp-content\/uploads\/2025\/07\/VZDSOIP23RHKNBU2CUVEHZWUSM.avif",800,450,false],"2048x2048":["https:\/\/www.koncevisiontv.cl\/web\/wp-content\/uploads\/2025\/07\/VZDSOIP23RHKNBU2CUVEHZWUSM.avif",800,450,false],"darknews-featured":["https:\/\/www.koncevisiontv.cl\/web\/wp-content\/uploads\/2025\/07\/VZDSOIP23RHKNBU2CUVEHZWUSM.avif",800,450,false],"darknews-large":["https:\/\/www.koncevisiontv.cl\/web\/wp-content\/uploads\/2025\/07\/VZDSOIP23RHKNBU2CUVEHZWUSM.avif",800,450,false],"darknews-medium":["https:\/\/www.koncevisiontv.cl\/web\/wp-content\/uploads\/2025\/07\/VZDSOIP23RHKNBU2CUVEHZWUSM-590x410.avif",590,410,true]},"author_info":{"info":["Web-Master"]},"category_info":"<a href=\"https:\/\/www.koncevisiontv.cl\/web\/category\/nacional\/\" rel=\"category tag\">Nacional<\/a>","tag_info":"Nacional","comment_count":"0","uagb_featured_image_src":{"full":["https:\/\/www.koncevisiontv.cl\/web\/wp-content\/uploads\/2025\/07\/VZDSOIP23RHKNBU2CUVEHZWUSM.avif",800,450,false],"thumbnail":["https:\/\/www.koncevisiontv.cl\/web\/wp-content\/uploads\/2025\/07\/VZDSOIP23RHKNBU2CUVEHZWUSM-150x150.avif",150,150,true],"medium":["https:\/\/www.koncevisiontv.cl\/web\/wp-content\/uploads\/2025\/07\/VZDSOIP23RHKNBU2CUVEHZWUSM-300x169.avif",300,169,true],"medium_large":["https:\/\/www.koncevisiontv.cl\/web\/wp-content\/uploads\/2025\/07\/VZDSOIP23RHKNBU2CUVEHZWUSM-768x432.avif",640,360,true],"large":["https:\/\/www.koncevisiontv.cl\/web\/wp-content\/uploads\/2025\/07\/VZDSOIP23RHKNBU2CUVEHZWUSM.avif",640,360,false],"1536x1536":["https:\/\/www.koncevisiontv.cl\/web\/wp-content\/uploads\/2025\/07\/VZDSOIP23RHKNBU2CUVEHZWUSM.avif",800,450,false],"2048x2048":["https:\/\/www.koncevisiontv.cl\/web\/wp-content\/uploads\/2025\/07\/VZDSOIP23RHKNBU2CUVEHZWUSM.avif",800,450,false],"darknews-featured":["https:\/\/www.koncevisiontv.cl\/web\/wp-content\/uploads\/2025\/07\/VZDSOIP23RHKNBU2CUVEHZWUSM.avif",800,450,false],"darknews-large":["https:\/\/www.koncevisiontv.cl\/web\/wp-content\/uploads\/2025\/07\/VZDSOIP23RHKNBU2CUVEHZWUSM.avif",800,450,false],"darknews-medium":["https:\/\/www.koncevisiontv.cl\/web\/wp-content\/uploads\/2025\/07\/VZDSOIP23RHKNBU2CUVEHZWUSM-590x410.avif",590,410,true]},"uagb_author_info":{"display_name":"Web-Master","author_link":"https:\/\/www.koncevisiontv.cl\/web\/author\/koncevision\/"},"uagb_comment_info":0,"uagb_excerpt":"En medio de la controversia generada por la investigaci\u00f3n de tr\u00e1fico de drogas al interior de sus filas,","_links":{"self":[{"href":"https:\/\/www.koncevisiontv.cl\/web\/wp-json\/wp\/v2\/posts\/9083","targetHints":{"allow":["GET"]}}],"collection":[{"href":"https:\/\/www.koncevisiontv.cl\/web\/wp-json\/wp\/v2\/posts"}],"about":[{"href":"https:\/\/www.koncevisiontv.cl\/web\/wp-json\/wp\/v2\/types\/post"}],"author":[{"embeddable":true,"href":"https:\/\/www.koncevisiontv.cl\/web\/wp-json\/wp\/v2\/users\/5"}],"replies":[{"embeddable":true,"href":"https:\/\/www.koncevisiontv.cl\/web\/wp-json\/wp\/v2\/comments?post=9083"}],"version-history":[{"count":1,"href":"https:\/\/www.koncevisiontv.cl\/web\/wp-json\/wp\/v2\/posts\/9083\/revisions"}],"predecessor-version":[{"id":9085,"href":"https:\/\/www.koncevisiontv.cl\/web\/wp-json\/wp\/v2\/posts\/9083\/revisions\/9085"}],"wp:featuredmedia":[{"embeddable":true,"href":"https:\/\/www.koncevisiontv.cl\/web\/wp-json\/wp\/v2\/media\/9084"}],"wp:attachment":[{"href":"https:\/\/www.koncevisiontv.cl\/web\/wp-json\/wp\/v2\/media?parent=9083"}],"wp:term":[{"taxonomy":"category","embeddable":true,"href":"https:\/\/www.koncevisiontv.cl\/web\/wp-json\/wp\/v2\/categories?post=9083"},{"taxonomy":"post_tag","embeddable":true,"href":"https:\/\/www.koncevisiontv.cl\/web\/wp-json\/wp\/v2\/tags?post=9083"}],"curies":[{"name":"wp","href":"https:\/\/api.w.org\/{rel}","templated":true}]}}