{"id":9613,"date":"2025-07-22T18:03:00","date_gmt":"2025-07-22T22:03:00","guid":{"rendered":"https:\/\/www.koncevisiontv.cl\/web\/?p=9613"},"modified":"2025-07-22T18:03:05","modified_gmt":"2025-07-22T22:03:05","slug":"sistema-frontal-en-biobio","status":"publish","type":"post","link":"https:\/\/www.koncevisiontv.cl\/web\/sistema-frontal-en-biobio\/","title":{"rendered":"ALERTA en el Biob\u00edo por sistema frontal: Advierten sobre lluvias intensas y r\u00e1fagas de viento de hasta 70 km\/h"},"content":{"rendered":"\n<div class=\"wp-block-uagb-advanced-heading uagb-block-5bf0a68c\"><h2 class=\"uagb-heading-text\">Sistema Frontal en Biob\u00edo<\/h2><\/div>\n\n\n\n<p class=\"wp-block-paragraph\"> La <strong>Direcci\u00f3n Meteorol\u00f3gica de Chile (DMC)<\/strong> ha encendido las alarmas en la Regi\u00f3n del Biob\u00edo, emitiendo dos avisos por un complejo escenario meteorol\u00f3gico que se desarrollar\u00e1 durante los pr\u00f3ximos d\u00edas. Se espera la llegada de un sistema frontal que traer\u00e1 consigo precipitaciones intensas y un evento de viento de normal a moderado, con r\u00e1fagas que podr\u00edan alcanzar una considerable fuerza.<\/p>\n\n\n\n<p class=\"wp-block-paragraph\">Las autoridades han hecho un llamado urgente a la ciudadan\u00eda a tomar las precauciones necesarias ante los posibles efectos de este doble fen\u00f3meno clim\u00e1tico.<\/p>\n\n\n\n<h3 class=\"wp-block-heading\">Jueves de Lluvias Intensas y Posibles Tormentas<\/h3>\n\n\n\n<p class=\"wp-block-paragraph\">El primer aviso corresponde a un sistema frontal activo que, tras ingresar por la zona austral el mi\u00e9rcoles 23, avanzar\u00e1 r\u00e1pidamente hacia el norte. Seg\u00fan los pron\u00f3sticos de la <strong><a target=\"_blank\" rel=\"noreferrer noopener\" href=\"https:\/\/www.meteochile.gob.cl\/\">DMC<\/a><\/strong>, sus efectos m\u00e1s significativos en la <strong>Regi\u00f3n del Biob\u00edo<\/strong> se sentir\u00e1n durante la jornada del <strong>jueves 24 de julio<\/strong>.<\/p>\n\n\n\n<p class=\"wp-block-paragraph\">El portal especializado <strong><a target=\"_blank\" rel=\"noreferrer noopener\" href=\"https:\/\/www.meteored.cl\/\">Meteored<\/a><\/strong> complementa esta informaci\u00f3n, advirtiendo que el evento podr\u00eda generar <strong>chubascos intensos<\/strong> y no se descarta la ocurrencia de <strong>tormentas el\u00e9ctricas<\/strong> en la zona, lo que podr\u00eda provocar un r\u00e1pido aumento en el caudal de los r\u00edos y posibles anegamientos en \u00e1reas urbanas.<\/p>\n\n\n\n<h3 class=\"wp-block-heading\">Viento de hasta 70 km\/h: El efecto de la &#8220;corriente en chorro&#8221;<\/h3>\n\n\n\n<p class=\"wp-block-paragraph\">De forma paralela, un segundo aviso se enfoca en un evento de viento que afectar\u00e1 a la regi\u00f3n entre el <strong>jueves 24 y el viernes 25 de julio<\/strong>. Lo notable es que las r\u00e1fagas, que podr\u00edan alcanzar hasta los <strong>70 km\/h<\/strong>, se sentir\u00e1n con fuerza en toda la geograf\u00eda regional: <strong>litoral, cordillera de la costa, valles y precordillera.<\/strong><\/p>\n\n\n\n<p class=\"wp-block-paragraph\">La DMC ha precisado un detalle t\u00e9cnico importante: este fen\u00f3meno de viento no est\u00e1 directamente asociado al sistema frontal, sino a una <strong>&#8220;corriente en chorro&#8221;<\/strong>. Esta es una condici\u00f3n sin\u00f3ptica de fuertes vientos en altura que, en esta ocasi\u00f3n, generar\u00e1 efectos notorios en la superficie, aumentando el riesgo de ca\u00edda de ramas y \u00e1rboles, as\u00ed como posibles alteraciones en el suministro el\u00e9ctrico.<\/p>\n\n\n\n<h3 class=\"wp-block-heading\">Llamado a la Precauci\u00f3n: Recomendaciones de las Autoridades<\/h3>\n\n\n\n<p class=\"wp-block-paragraph\">Ante este escenario, el <strong>Servicio Nacional de Prevenci\u00f3n y Respuesta ante Desastres (<a target=\"_blank\" rel=\"noreferrer noopener\" href=\"https:\/\/senapred.cl\/\">SENAPRED<\/a>)<\/strong> y las autoridades locales llaman a la poblaci\u00f3n a adoptar medidas preventivas para mitigar los riesgos:<\/p>\n\n\n\n<ul class=\"wp-block-list\">\n<li><strong>Asegurar techumbres<\/strong> y todo elemento exterior que pueda ser desprendido por el viento.<\/li>\n\n\n\n<li><strong>Evitar transitar<\/strong> o estacionarse cerca de \u00e1rboles, gigantograf\u00edas o tendido el\u00e9ctrico.<\/li>\n\n\n\n<li><strong>Limpiar canaletas y desag\u00fces<\/strong> para evitar inundaciones por las lluvias.<\/li>\n\n\n\n<li>Mantener a mano un <strong>kit de emergencia<\/strong> con linternas, agua y radio a pilas.<\/li>\n\n\n\n<li><strong>Mantenerse informado<\/strong> a trav\u00e9s de los canales oficiales sobre la evoluci\u00f3n del sistema frontal.<\/li>\n<\/ul>\n\n\n\n<p class=\"wp-block-paragraph\"><\/p>\n","protected":false},"excerpt":{"rendered":"<p>Sistema Frontal en Biob\u00edo La Direcci\u00f3n Meteorol\u00f3gica de Chile (DMC) ha encendido las alarmas en la Regi\u00f3n del<\/p>\n","protected":false},"author":5,"featured_media":9614,"comment_status":"open","ping_status":"open","sticky":false,"template":"","format":"standard","meta":{"_crdt_document":"","_uag_custom_page_level_css":"","_sitemap_exclude":false,"_sitemap_priority":"","_sitemap_frequency":"","_joinchat":[],"footnotes":""},"categories":[14],"tags":[],"class_list":["post-9613","post","type-post","status-publish","format-standard","has-post-thumbnail","hentry","category-nacional"],"featured_image_urls":{"full":["https:\/\/www.koncevisiontv.cl\/web\/wp-content\/uploads\/2025\/07\/el-tiempo-en-biobio.webp",647,862,false],"thumbnail":["https:\/\/www.koncevisiontv.cl\/web\/wp-content\/uploads\/2025\/07\/el-tiempo-en-biobio-150x150.webp",150,150,true],"medium":["https:\/\/www.koncevisiontv.cl\/web\/wp-content\/uploads\/2025\/07\/el-tiempo-en-biobio-225x300.webp",225,300,true],"medium_large":["https:\/\/www.koncevisiontv.cl\/web\/wp-content\/uploads\/2025\/07\/el-tiempo-en-biobio.webp",640,853,false],"large":["https:\/\/www.koncevisiontv.cl\/web\/wp-content\/uploads\/2025\/07\/el-tiempo-en-biobio.webp",640,853,false],"1536x1536":["https:\/\/www.koncevisiontv.cl\/web\/wp-content\/uploads\/2025\/07\/el-tiempo-en-biobio.webp",647,862,false],"2048x2048":["https:\/\/www.koncevisiontv.cl\/web\/wp-content\/uploads\/2025\/07\/el-tiempo-en-biobio.webp",647,862,false],"darknews-featured":["https:\/\/www.koncevisiontv.cl\/web\/wp-content\/uploads\/2025\/07\/el-tiempo-en-biobio.webp",647,862,false],"darknews-large":["https:\/\/www.koncevisiontv.cl\/web\/wp-content\/uploads\/2025\/07\/el-tiempo-en-biobio-647x575.webp",647,575,true],"darknews-medium":["https:\/\/www.koncevisiontv.cl\/web\/wp-content\/uploads\/2025\/07\/el-tiempo-en-biobio-590x410.webp",590,410,true]},"author_info":{"info":["Web-Master"]},"category_info":"<a href=\"https:\/\/www.koncevisiontv.cl\/web\/category\/nacional\/\" rel=\"category tag\">Nacional<\/a>","tag_info":"Nacional","comment_count":"0","uagb_featured_image_src":{"full":["https:\/\/www.koncevisiontv.cl\/web\/wp-content\/uploads\/2025\/07\/el-tiempo-en-biobio.webp",647,862,false],"thumbnail":["https:\/\/www.koncevisiontv.cl\/web\/wp-content\/uploads\/2025\/07\/el-tiempo-en-biobio-150x150.webp",150,150,true],"medium":["https:\/\/www.koncevisiontv.cl\/web\/wp-content\/uploads\/2025\/07\/el-tiempo-en-biobio-225x300.webp",225,300,true],"medium_large":["https:\/\/www.koncevisiontv.cl\/web\/wp-content\/uploads\/2025\/07\/el-tiempo-en-biobio.webp",640,853,false],"large":["https:\/\/www.koncevisiontv.cl\/web\/wp-content\/uploads\/2025\/07\/el-tiempo-en-biobio.webp",640,853,false],"1536x1536":["https:\/\/www.koncevisiontv.cl\/web\/wp-content\/uploads\/2025\/07\/el-tiempo-en-biobio.webp",647,862,false],"2048x2048":["https:\/\/www.koncevisiontv.cl\/web\/wp-content\/uploads\/2025\/07\/el-tiempo-en-biobio.webp",647,862,false],"darknews-featured":["https:\/\/www.koncevisiontv.cl\/web\/wp-content\/uploads\/2025\/07\/el-tiempo-en-biobio.webp",647,862,false],"darknews-large":["https:\/\/www.koncevisiontv.cl\/web\/wp-content\/uploads\/2025\/07\/el-tiempo-en-biobio-647x575.webp",647,575,true],"darknews-medium":["https:\/\/www.koncevisiontv.cl\/web\/wp-content\/uploads\/2025\/07\/el-tiempo-en-biobio-590x410.webp",590,410,true]},"uagb_author_info":{"display_name":"Web-Master","author_link":"https:\/\/www.koncevisiontv.cl\/web\/author\/koncevision\/"},"uagb_comment_info":0,"uagb_excerpt":"Sistema Frontal en Biob\u00edo La Direcci\u00f3n Meteorol\u00f3gica de Chile (DMC) ha encendido las alarmas en la Regi\u00f3n del","_links":{"self":[{"href":"https:\/\/www.koncevisiontv.cl\/web\/wp-json\/wp\/v2\/posts\/9613","targetHints":{"allow":["GET"]}}],"collection":[{"href":"https:\/\/www.koncevisiontv.cl\/web\/wp-json\/wp\/v2\/posts"}],"about":[{"href":"https:\/\/www.koncevisiontv.cl\/web\/wp-json\/wp\/v2\/types\/post"}],"author":[{"embeddable":true,"href":"https:\/\/www.koncevisiontv.cl\/web\/wp-json\/wp\/v2\/users\/5"}],"replies":[{"embeddable":true,"href":"https:\/\/www.koncevisiontv.cl\/web\/wp-json\/wp\/v2\/comments?post=9613"}],"version-history":[{"count":1,"href":"https:\/\/www.koncevisiontv.cl\/web\/wp-json\/wp\/v2\/posts\/9613\/revisions"}],"predecessor-version":[{"id":9615,"href":"https:\/\/www.koncevisiontv.cl\/web\/wp-json\/wp\/v2\/posts\/9613\/revisions\/9615"}],"wp:featuredmedia":[{"embeddable":true,"href":"https:\/\/www.koncevisiontv.cl\/web\/wp-json\/wp\/v2\/media\/9614"}],"wp:attachment":[{"href":"https:\/\/www.koncevisiontv.cl\/web\/wp-json\/wp\/v2\/media?parent=9613"}],"wp:term":[{"taxonomy":"category","embeddable":true,"href":"https:\/\/www.koncevisiontv.cl\/web\/wp-json\/wp\/v2\/categories?post=9613"},{"taxonomy":"post_tag","embeddable":true,"href":"https:\/\/www.koncevisiontv.cl\/web\/wp-json\/wp\/v2\/tags?post=9613"}],"curies":[{"name":"wp","href":"https:\/\/api.w.org\/{rel}","templated":true}]}}