{"id":9616,"date":"2025-07-23T21:49:41","date_gmt":"2025-07-24T01:49:41","guid":{"rendered":"https:\/\/www.koncevisiontv.cl\/web\/?p=9616"},"modified":"2025-07-23T21:50:25","modified_gmt":"2025-07-24T01:50:25","slug":"mama-de-tomas-bravo-enciende-celular-hallazgo-conmovedor","status":"publish","type":"post","link":"https:\/\/www.koncevisiontv.cl\/web\/mama-de-tomas-bravo-enciende-celular-hallazgo-conmovedor\/","title":{"rendered":"&#8220;Sent\u00ed una tranquilidad inexplicable&#8221;: El conmovedor hallazgo de la madre de Tom\u00e1s Bravo al encender su celular"},"content":{"rendered":"\n<p class=\"wp-block-paragraph\">En un acto de valent\u00eda y profundo amor maternal, Estefan\u00eda Guti\u00e9rrez, mam\u00e1 de Tom\u00e1s Bravo, comparti\u00f3 con sus seguidores un \u00edntimo y emotivo momento que la reconect\u00f3 con su hijo. A m\u00e1s de cuatro a\u00f1os de la tr\u00e1gica desaparici\u00f3n y muerte del ni\u00f1o, un caso que sigue sin justicia, su madre encontr\u00f3 un tesoro invaluable en el objeto m\u00e1s inesperado: su antiguo tel\u00e9fono celular.<\/p>\n\n\n\n<h2 class=\"wp-block-heading\">Un viaje en el tiempo a trav\u00e9s de la tecnolog\u00eda<\/h2>\n\n\n\n<p class=\"wp-block-paragraph\">Estefan\u00eda relat\u00f3 en sus redes sociales que, tras un largo tiempo, reuni\u00f3 las fuerzas para volver a encender el peque\u00f1o celular que le hab\u00eda regalado a &#8220;Tomasito&#8221;. En ese dispositivo, el ni\u00f1o de tres a\u00f1os no solo ve\u00eda sus dibujos animados favoritos, sino que tambi\u00e9n daba sus primeros pasos como artista, capturando el mundo a su alrededor cuando no pod\u00eda salir a jugar.<\/p>\n\n\n\n<p class=\"wp-block-paragraph\">La decisi\u00f3n de encenderlo lleg\u00f3 en un d\u00eda de particular tristeza. Buscando consuelo, quiso ver las fotos de su hijo. Lo que encontr\u00f3 la llev\u00f3 de la desolaci\u00f3n a la calma en solo instantes.<\/p>\n\n\n\n<h2 class=\"wp-block-heading\">El hallazgo de la mam\u00e1 de Tom\u00e1s Bravo: &#8220;\u00c9l era un peque\u00f1o fot\u00f3grafo&#8221;<\/h2>\n\n\n\n<figure class=\"wp-block-image size-full\"><img loading=\"lazy\" decoding=\"async\" width=\"800\" height=\"800\" src=\"https:\/\/www.koncevisiontv.cl\/web\/wp-content\/uploads\/2025\/07\/B7YPHZRCMZDSBJX2LBZUKGOCCQ.avif\" alt=\"\" class=\"wp-image-9619\" title=\"\" srcset=\"https:\/\/www.koncevisiontv.cl\/web\/wp-content\/uploads\/2025\/07\/B7YPHZRCMZDSBJX2LBZUKGOCCQ.avif 800w, https:\/\/www.koncevisiontv.cl\/web\/wp-content\/uploads\/2025\/07\/B7YPHZRCMZDSBJX2LBZUKGOCCQ-300x300.avif 300w, https:\/\/www.koncevisiontv.cl\/web\/wp-content\/uploads\/2025\/07\/B7YPHZRCMZDSBJX2LBZUKGOCCQ-150x150.avif 150w, https:\/\/www.koncevisiontv.cl\/web\/wp-content\/uploads\/2025\/07\/B7YPHZRCMZDSBJX2LBZUKGOCCQ-768x768.avif 768w\" sizes=\"auto, (max-width: 800px) 100vw, 800px\" \/><\/figure>\n\n\n\n<p class=\"wp-block-paragraph\">Al revisar la galer\u00eda, el coraz\u00f3n de Estefan\u00eda se estremeci\u00f3. &#8220;Sent\u00ed una presi\u00f3n en mi pecho, se me destroz\u00f3 el coraz\u00f3n, solo ca\u00edan mis l\u00e1grimas&#8221;, confes\u00f3. Sin embargo, a medida que avanzaba, el dolor dio paso a una sonrisa. &#8220;Fue como viajar en el tiempo y sentir que estaba ah\u00ed, viviendo todo eso que tanto disfrutaba junto a mi beb\u00e9&#8221;, expres\u00f3.<\/p>\n\n\n\n<p class=\"wp-block-paragraph\">Descubri\u00f3 que su hijo era un verdadero &#8220;peque\u00f1o fot\u00f3grafo&#8221;. El carrete estaba lleno de im\u00e1genes espont\u00e1neas: fotos a sus juguetes, a su perrito Teddy e incluso selfies en el espejo. &#8220;Ten\u00eda un excelente \u00e1ngulo, era el mejor&#8221;, coment\u00f3 con orgullo Estefan\u00eda, compartiendo algunas de las conmovedoras im\u00e1genes.<\/p>\n\n\n\n<h2 class=\"wp-block-heading\">&#8220;Me sigue enviando luz en medio de la oscuridad&#8221;<\/h2>\n\n\n\n<p class=\"wp-block-paragraph\">Para Estefan\u00eda, este hallazgo es m\u00e1s que un simple recuerdo; es una se\u00f1al. Agradeci\u00f3 a su hijo &#8220;porque me sigue enviando luz en medio de la oscuridad&#8221;. Este acto le demostr\u00f3 que recordarlo no solo le trae tristeza, sino que tambi\u00e9n puede regalarle una sonrisa y la calma que tanto necesita en su complejo <strong><a target=\"_blank\" rel=\"noreferrer noopener\" href=\"https:\/\/www.google.com\/search?q=https:\/\/www.psicologia-online.com\/etapas-del-duelo-segun-kubler-ross-2953.html\">proceso de duelo<\/a><\/strong> y en su incansable lucha por la verdad, una causa en la que organizaciones como la <strong><a target=\"_blank\" rel=\"noreferrer noopener\" href=\"https:\/\/amparoyjusticia.cl\/\">Fundaci\u00f3n Amparo y Justicia<\/a><\/strong> tambi\u00e9n trabajan.<\/p>\n\n\n\n<p class=\"wp-block-paragraph\">&#8220;Como lo ven ah\u00ed, as\u00ed era. Un ser que solo irradiaba luz, alegre, una sonrisa hermosa y traviesa a la vez, encantaba a cualquiera&#8221;, concluy\u00f3 Estefan\u00eda, dejando un testimonio del esp\u00edritu imborrable de su peque\u00f1o hijo.<\/p>\n","protected":false},"excerpt":{"rendered":"<p>En un acto de valent\u00eda y profundo amor maternal, Estefan\u00eda Guti\u00e9rrez, mam\u00e1 de Tom\u00e1s Bravo, comparti\u00f3 con sus<\/p>\n","protected":false},"author":5,"featured_media":9617,"comment_status":"open","ping_status":"open","sticky":false,"template":"","format":"standard","meta":{"_crdt_document":"","_uag_custom_page_level_css":"","_sitemap_exclude":false,"_sitemap_priority":"","_sitemap_frequency":"","_joinchat":[],"footnotes":""},"categories":[14],"tags":[],"class_list":["post-9616","post","type-post","status-publish","format-standard","has-post-thumbnail","hentry","category-nacional"],"featured_image_urls":{"full":["https:\/\/www.koncevisiontv.cl\/web\/wp-content\/uploads\/2025\/07\/RE7RJMCQHJGMXLQ7JPX546XM3Y.avif",800,450,false],"thumbnail":["https:\/\/www.koncevisiontv.cl\/web\/wp-content\/uploads\/2025\/07\/RE7RJMCQHJGMXLQ7JPX546XM3Y-150x150.avif",150,150,true],"medium":["https:\/\/www.koncevisiontv.cl\/web\/wp-content\/uploads\/2025\/07\/RE7RJMCQHJGMXLQ7JPX546XM3Y-300x169.avif",300,169,true],"medium_large":["https:\/\/www.koncevisiontv.cl\/web\/wp-content\/uploads\/2025\/07\/RE7RJMCQHJGMXLQ7JPX546XM3Y-768x432.avif",640,360,true],"large":["https:\/\/www.koncevisiontv.cl\/web\/wp-content\/uploads\/2025\/07\/RE7RJMCQHJGMXLQ7JPX546XM3Y.avif",640,360,false],"1536x1536":["https:\/\/www.koncevisiontv.cl\/web\/wp-content\/uploads\/2025\/07\/RE7RJMCQHJGMXLQ7JPX546XM3Y.avif",800,450,false],"2048x2048":["https:\/\/www.koncevisiontv.cl\/web\/wp-content\/uploads\/2025\/07\/RE7RJMCQHJGMXLQ7JPX546XM3Y.avif",800,450,false],"darknews-featured":["https:\/\/www.koncevisiontv.cl\/web\/wp-content\/uploads\/2025\/07\/RE7RJMCQHJGMXLQ7JPX546XM3Y.avif",800,450,false],"darknews-large":["https:\/\/www.koncevisiontv.cl\/web\/wp-content\/uploads\/2025\/07\/RE7RJMCQHJGMXLQ7JPX546XM3Y.avif",800,450,false],"darknews-medium":["https:\/\/www.koncevisiontv.cl\/web\/wp-content\/uploads\/2025\/07\/RE7RJMCQHJGMXLQ7JPX546XM3Y-590x410.avif",590,410,true]},"author_info":{"info":["Web-Master"]},"category_info":"<a href=\"https:\/\/www.koncevisiontv.cl\/web\/category\/nacional\/\" rel=\"category tag\">Nacional<\/a>","tag_info":"Nacional","comment_count":"0","uagb_featured_image_src":{"full":["https:\/\/www.koncevisiontv.cl\/web\/wp-content\/uploads\/2025\/07\/RE7RJMCQHJGMXLQ7JPX546XM3Y.avif",800,450,false],"thumbnail":["https:\/\/www.koncevisiontv.cl\/web\/wp-content\/uploads\/2025\/07\/RE7RJMCQHJGMXLQ7JPX546XM3Y-150x150.avif",150,150,true],"medium":["https:\/\/www.koncevisiontv.cl\/web\/wp-content\/uploads\/2025\/07\/RE7RJMCQHJGMXLQ7JPX546XM3Y-300x169.avif",300,169,true],"medium_large":["https:\/\/www.koncevisiontv.cl\/web\/wp-content\/uploads\/2025\/07\/RE7RJMCQHJGMXLQ7JPX546XM3Y-768x432.avif",640,360,true],"large":["https:\/\/www.koncevisiontv.cl\/web\/wp-content\/uploads\/2025\/07\/RE7RJMCQHJGMXLQ7JPX546XM3Y.avif",640,360,false],"1536x1536":["https:\/\/www.koncevisiontv.cl\/web\/wp-content\/uploads\/2025\/07\/RE7RJMCQHJGMXLQ7JPX546XM3Y.avif",800,450,false],"2048x2048":["https:\/\/www.koncevisiontv.cl\/web\/wp-content\/uploads\/2025\/07\/RE7RJMCQHJGMXLQ7JPX546XM3Y.avif",800,450,false],"darknews-featured":["https:\/\/www.koncevisiontv.cl\/web\/wp-content\/uploads\/2025\/07\/RE7RJMCQHJGMXLQ7JPX546XM3Y.avif",800,450,false],"darknews-large":["https:\/\/www.koncevisiontv.cl\/web\/wp-content\/uploads\/2025\/07\/RE7RJMCQHJGMXLQ7JPX546XM3Y.avif",800,450,false],"darknews-medium":["https:\/\/www.koncevisiontv.cl\/web\/wp-content\/uploads\/2025\/07\/RE7RJMCQHJGMXLQ7JPX546XM3Y-590x410.avif",590,410,true]},"uagb_author_info":{"display_name":"Web-Master","author_link":"https:\/\/www.koncevisiontv.cl\/web\/author\/koncevision\/"},"uagb_comment_info":0,"uagb_excerpt":"En un acto de valent\u00eda y profundo amor maternal, Estefan\u00eda Guti\u00e9rrez, mam\u00e1 de Tom\u00e1s Bravo, comparti\u00f3 con sus","_links":{"self":[{"href":"https:\/\/www.koncevisiontv.cl\/web\/wp-json\/wp\/v2\/posts\/9616","targetHints":{"allow":["GET"]}}],"collection":[{"href":"https:\/\/www.koncevisiontv.cl\/web\/wp-json\/wp\/v2\/posts"}],"about":[{"href":"https:\/\/www.koncevisiontv.cl\/web\/wp-json\/wp\/v2\/types\/post"}],"author":[{"embeddable":true,"href":"https:\/\/www.koncevisiontv.cl\/web\/wp-json\/wp\/v2\/users\/5"}],"replies":[{"embeddable":true,"href":"https:\/\/www.koncevisiontv.cl\/web\/wp-json\/wp\/v2\/comments?post=9616"}],"version-history":[{"count":2,"href":"https:\/\/www.koncevisiontv.cl\/web\/wp-json\/wp\/v2\/posts\/9616\/revisions"}],"predecessor-version":[{"id":9621,"href":"https:\/\/www.koncevisiontv.cl\/web\/wp-json\/wp\/v2\/posts\/9616\/revisions\/9621"}],"wp:featuredmedia":[{"embeddable":true,"href":"https:\/\/www.koncevisiontv.cl\/web\/wp-json\/wp\/v2\/media\/9617"}],"wp:attachment":[{"href":"https:\/\/www.koncevisiontv.cl\/web\/wp-json\/wp\/v2\/media?parent=9616"}],"wp:term":[{"taxonomy":"category","embeddable":true,"href":"https:\/\/www.koncevisiontv.cl\/web\/wp-json\/wp\/v2\/categories?post=9616"},{"taxonomy":"post_tag","embeddable":true,"href":"https:\/\/www.koncevisiontv.cl\/web\/wp-json\/wp\/v2\/tags?post=9616"}],"curies":[{"name":"wp","href":"https:\/\/api.w.org\/{rel}","templated":true}]}}