{"id":9622,"date":"2025-07-23T21:54:48","date_gmt":"2025-07-24T01:54:48","guid":{"rendered":"https:\/\/www.koncevisiontv.cl\/web\/?p=9622"},"modified":"2025-07-23T21:54:52","modified_gmt":"2025-07-24T01:54:52","slug":"carabinero-expulsado-en-concepcion-bencina-auto-particular","status":"publish","type":"post","link":"https:\/\/www.koncevisiontv.cl\/web\/carabinero-expulsado-en-concepcion-bencina-auto-particular\/","title":{"rendered":"Expulsan a suboficial de Carabineros en Concepci\u00f3n por usar tarjeta institucional para bencina de su auto"},"content":{"rendered":"\n<p class=\"wp-block-paragraph\">Un grave caso de posible corrupci\u00f3n ha remecido a la Prefectura de Carabineros de Concepci\u00f3n, culminando con la expulsi\u00f3n inmediata de un funcionario que utilizaba una tarjeta de cr\u00e9dito institucional para cargar combustible en su veh\u00edculo personal. La instituci\u00f3n actu\u00f3 con celeridad, desvinculando al implicado y presentando una denuncia ante la Fiscal\u00eda.<\/p>\n\n\n\n<h2 class=\"wp-block-heading\">Grave falta en la Prefectura de Concepci\u00f3n<\/h2>\n\n\n\n<p class=\"wp-block-paragraph\">El involucrado es un suboficial que se desempe\u00f1aba en la secci\u00f3n de motos de tr\u00e1nsito de la capital penquista. Seg\u00fan se ha confirmado, el ahora exuniformado realizaba cargas de bencina para su autom\u00f3vil particular utilizando para el pago una tarjeta fiscal, destinada exclusivamente a los gastos operacionales de los veh\u00edculos policiales.<\/p>\n\n\n\n<p class=\"wp-block-paragraph\">Apenas la situaci\u00f3n fue descubierta por sus superiores, se activaron los protocolos internos, resultando en la decisi\u00f3n de dar de baja al funcionario de manera fulminante.<\/p>\n\n\n\n<h2 class=\"wp-block-heading\">Expulsi\u00f3n inmediata y denuncia a Fiscal\u00eda<\/h2>\n\n\n\n<p class=\"wp-block-paragraph\">Adem\u00e1s de la desvinculaci\u00f3n de las filas de <strong><a target=\"_blank\" rel=\"noreferrer noopener\" href=\"https:\/\/www.carabineros.cl\/\">Carabineros de Chile<\/a><\/strong>, la instituci\u00f3n formaliz\u00f3 una denuncia ante el <strong><a target=\"_blank\" rel=\"noreferrer noopener\" href=\"https:\/\/www.fiscaliadechile.cl\/\">Ministerio P\u00fablico<\/a><\/strong> para que se investigue el hecho como un posible delito de fraude al Fisco o malversaci\u00f3n de caudales p\u00fablicos.<\/p>\n\n\n\n<p class=\"wp-block-paragraph\">Fuentes internas de la polic\u00eda uniformada confirmaron de manera extraoficial que el sumario administrativo que se hab\u00eda iniciado qued\u00f3 suspendido, a la espera del resultado de la investigaci\u00f3n penal que llevar\u00e1 a cabo la Fiscal\u00eda, tal como lo estipula la normativa interna.<\/p>\n\n\n\n<h2 class=\"wp-block-heading\">El marco legal que permite la baja fulminante del carabinero expulsado en Concepci\u00f3n<\/h2>\n\n\n\n<p class=\"wp-block-paragraph\">La r\u00e1pida expulsi\u00f3n del funcionario se ampara en la reglamentaci\u00f3n institucional. El abogado Luis Parra Mu\u00f1oz, experto en defensa de personal de Carabineros, explic\u00f3 que el reglamento disciplinario faculta a la jefatura para tomar esta dr\u00e1stica medida sin la necesidad de completar un sumario administrativo previo.<\/p>\n\n\n\n<p class=\"wp-block-paragraph\">&#8220;El art\u00edculo 127, reglamento ocho, faculta a la autoridad a eliminar inmediatamente al funcionario cuando la falta sea de tal gravedad que haga inconveniente la permanencia del funcionario en la instituci\u00f3n, que el funcionario confiese su responsabilidad o esta se haga evidente&#8221;, detall\u00f3 el jurista.<\/p>\n\n\n\n<p class=\"wp-block-paragraph\">Hasta el cierre de esta edici\u00f3n, no ha habido un pronunciamiento p\u00fablico oficial por parte de la instituci\u00f3n sobre este espec\u00edfico caso.<\/p>\n","protected":false},"excerpt":{"rendered":"<p>Un grave caso de posible corrupci\u00f3n ha remecido a la Prefectura de Carabineros de Concepci\u00f3n, culminando con la<\/p>\n","protected":false},"author":5,"featured_media":9623,"comment_status":"open","ping_status":"open","sticky":false,"template":"","format":"standard","meta":{"_crdt_document":"","_uag_custom_page_level_css":"","_sitemap_exclude":false,"_sitemap_priority":"","_sitemap_frequency":"","_joinchat":[],"footnotes":""},"categories":[14],"tags":[],"class_list":["post-9622","post","type-post","status-publish","format-standard","has-post-thumbnail","hentry","category-nacional"],"featured_image_urls":{"full":["https:\/\/www.koncevisiontv.cl\/web\/wp-content\/uploads\/2025\/07\/sin-titulo-1200-x-633-px-1-4-750x400-1.png",750,400,false],"thumbnail":["https:\/\/www.koncevisiontv.cl\/web\/wp-content\/uploads\/2025\/07\/sin-titulo-1200-x-633-px-1-4-750x400-1-150x150.png",150,150,true],"medium":["https:\/\/www.koncevisiontv.cl\/web\/wp-content\/uploads\/2025\/07\/sin-titulo-1200-x-633-px-1-4-750x400-1-300x160.png",300,160,true],"medium_large":["https:\/\/www.koncevisiontv.cl\/web\/wp-content\/uploads\/2025\/07\/sin-titulo-1200-x-633-px-1-4-750x400-1.png",640,341,false],"large":["https:\/\/www.koncevisiontv.cl\/web\/wp-content\/uploads\/2025\/07\/sin-titulo-1200-x-633-px-1-4-750x400-1.png",640,341,false],"1536x1536":["https:\/\/www.koncevisiontv.cl\/web\/wp-content\/uploads\/2025\/07\/sin-titulo-1200-x-633-px-1-4-750x400-1.png",750,400,false],"2048x2048":["https:\/\/www.koncevisiontv.cl\/web\/wp-content\/uploads\/2025\/07\/sin-titulo-1200-x-633-px-1-4-750x400-1.png",750,400,false],"darknews-featured":["https:\/\/www.koncevisiontv.cl\/web\/wp-content\/uploads\/2025\/07\/sin-titulo-1200-x-633-px-1-4-750x400-1.png",750,400,false],"darknews-large":["https:\/\/www.koncevisiontv.cl\/web\/wp-content\/uploads\/2025\/07\/sin-titulo-1200-x-633-px-1-4-750x400-1.png",750,400,false],"darknews-medium":["https:\/\/www.koncevisiontv.cl\/web\/wp-content\/uploads\/2025\/07\/sin-titulo-1200-x-633-px-1-4-750x400-1-590x400.png",590,400,true]},"author_info":{"info":["Web-Master"]},"category_info":"<a href=\"https:\/\/www.koncevisiontv.cl\/web\/category\/nacional\/\" rel=\"category tag\">Nacional<\/a>","tag_info":"Nacional","comment_count":"0","uagb_featured_image_src":{"full":["https:\/\/www.koncevisiontv.cl\/web\/wp-content\/uploads\/2025\/07\/sin-titulo-1200-x-633-px-1-4-750x400-1.png",750,400,false],"thumbnail":["https:\/\/www.koncevisiontv.cl\/web\/wp-content\/uploads\/2025\/07\/sin-titulo-1200-x-633-px-1-4-750x400-1-150x150.png",150,150,true],"medium":["https:\/\/www.koncevisiontv.cl\/web\/wp-content\/uploads\/2025\/07\/sin-titulo-1200-x-633-px-1-4-750x400-1-300x160.png",300,160,true],"medium_large":["https:\/\/www.koncevisiontv.cl\/web\/wp-content\/uploads\/2025\/07\/sin-titulo-1200-x-633-px-1-4-750x400-1.png",640,341,false],"large":["https:\/\/www.koncevisiontv.cl\/web\/wp-content\/uploads\/2025\/07\/sin-titulo-1200-x-633-px-1-4-750x400-1.png",640,341,false],"1536x1536":["https:\/\/www.koncevisiontv.cl\/web\/wp-content\/uploads\/2025\/07\/sin-titulo-1200-x-633-px-1-4-750x400-1.png",750,400,false],"2048x2048":["https:\/\/www.koncevisiontv.cl\/web\/wp-content\/uploads\/2025\/07\/sin-titulo-1200-x-633-px-1-4-750x400-1.png",750,400,false],"darknews-featured":["https:\/\/www.koncevisiontv.cl\/web\/wp-content\/uploads\/2025\/07\/sin-titulo-1200-x-633-px-1-4-750x400-1.png",750,400,false],"darknews-large":["https:\/\/www.koncevisiontv.cl\/web\/wp-content\/uploads\/2025\/07\/sin-titulo-1200-x-633-px-1-4-750x400-1.png",750,400,false],"darknews-medium":["https:\/\/www.koncevisiontv.cl\/web\/wp-content\/uploads\/2025\/07\/sin-titulo-1200-x-633-px-1-4-750x400-1-590x400.png",590,400,true]},"uagb_author_info":{"display_name":"Web-Master","author_link":"https:\/\/www.koncevisiontv.cl\/web\/author\/koncevision\/"},"uagb_comment_info":0,"uagb_excerpt":"Un grave caso de posible corrupci\u00f3n ha remecido a la Prefectura de Carabineros de Concepci\u00f3n, culminando con la","_links":{"self":[{"href":"https:\/\/www.koncevisiontv.cl\/web\/wp-json\/wp\/v2\/posts\/9622","targetHints":{"allow":["GET"]}}],"collection":[{"href":"https:\/\/www.koncevisiontv.cl\/web\/wp-json\/wp\/v2\/posts"}],"about":[{"href":"https:\/\/www.koncevisiontv.cl\/web\/wp-json\/wp\/v2\/types\/post"}],"author":[{"embeddable":true,"href":"https:\/\/www.koncevisiontv.cl\/web\/wp-json\/wp\/v2\/users\/5"}],"replies":[{"embeddable":true,"href":"https:\/\/www.koncevisiontv.cl\/web\/wp-json\/wp\/v2\/comments?post=9622"}],"version-history":[{"count":1,"href":"https:\/\/www.koncevisiontv.cl\/web\/wp-json\/wp\/v2\/posts\/9622\/revisions"}],"predecessor-version":[{"id":9624,"href":"https:\/\/www.koncevisiontv.cl\/web\/wp-json\/wp\/v2\/posts\/9622\/revisions\/9624"}],"wp:featuredmedia":[{"embeddable":true,"href":"https:\/\/www.koncevisiontv.cl\/web\/wp-json\/wp\/v2\/media\/9623"}],"wp:attachment":[{"href":"https:\/\/www.koncevisiontv.cl\/web\/wp-json\/wp\/v2\/media?parent=9622"}],"wp:term":[{"taxonomy":"category","embeddable":true,"href":"https:\/\/www.koncevisiontv.cl\/web\/wp-json\/wp\/v2\/categories?post=9622"},{"taxonomy":"post_tag","embeddable":true,"href":"https:\/\/www.koncevisiontv.cl\/web\/wp-json\/wp\/v2\/tags?post=9622"}],"curies":[{"name":"wp","href":"https:\/\/api.w.org\/{rel}","templated":true}]}}