{"id":9728,"date":"2025-07-25T18:52:44","date_gmt":"2025-07-25T22:52:44","guid":{"rendered":"https:\/\/www.koncevisiontv.cl\/web\/?p=9728"},"modified":"2025-07-25T18:52:48","modified_gmt":"2025-07-25T22:52:48","slug":"robo-en-concepcion-millonario-asalto-empresa-panadera-deja-un-herido","status":"publish","type":"post","link":"https:\/\/www.koncevisiontv.cl\/web\/robo-en-concepcion-millonario-asalto-empresa-panadera-deja-un-herido\/","title":{"rendered":"Violento asalto en Concepci\u00f3n: Delincuentes golpean a trabajador y roban $50 millones desde empresa panadera"},"content":{"rendered":"\n<p class=\"wp-block-paragraph\"><strong>Robo en Concepci\u00f3n-<\/strong> Un audaz y violento robo se registr\u00f3 durante la ma\u00f1ana de este viernes en Concepci\u00f3n, donde un grupo de delincuentes sustrajo cerca de <strong>$50 millones de pesos en efectivo<\/strong> desde la caja fuerte de una empresa vinculada al rubro de panader\u00edas. El hecho se caracteriz\u00f3 por la agresividad de los antisociales, quienes golpearon a un trabajador para lograr su cometido.<\/p>\n\n\n\n<p class=\"wp-block-paragraph\">La Fiscal\u00eda instruy\u00f3 a la Brigada de Robos de la Polic\u00eda de Investigaciones (PDI) para que asuma la investigaci\u00f3n y d\u00e9 con el paradero de los responsables.<\/p>\n\n\n\n<h3 class=\"wp-block-heading\">Golpeado con un arma y encerrado: El violento actuar de los asaltantes<\/h3>\n\n\n\n<p class=\"wp-block-paragraph\">El atraco fue perpetrado por tres sujetos que, premunidos con armas de fuego, ingresaron a las instalaciones de la empresa alrededor de las 8:00 de la ma\u00f1ana. En el lugar intimidaron a un trabajador de 54 a\u00f1os, quien se desempe\u00f1aba como operador log\u00edstico.<\/p>\n\n\n\n<p class=\"wp-block-paragraph\">El mayor Milton Rossel, de la Segunda Comisar\u00eda de <strong>Carabineros<\/strong> de Concepci\u00f3n, confirm\u00f3 la din\u00e1mica de los hechos. &#8220;Personal del servicio de la poblaci\u00f3n se traslad\u00f3 al lugar y logra entrevistar a dos v\u00edctimas. Una de ellas (&#8230;) se\u00f1al\u00f3 que llegaron tres sujetos, los cuales, premunidos de armas de fuego, lo intimidaron y lo golpearon en la cabeza&#8221;, detall\u00f3 la autoridad policial.<\/p>\n\n\n\n<p class=\"wp-block-paragraph\">Producto de la agresi\u00f3n con la empu\u00f1adura del arma, el trabajador result\u00f3 con lesiones leves y sangrado en la cabeza, por lo que debi\u00f3 ser trasladado a un centro asistencial. Tras el ataque, la v\u00edctima fue encerrada, permitiendo que los delincuentes huyeran del lugar con el millonario bot\u00edn sin levantar sospechas inmediatas.<\/p>\n\n\n\n<h3 class=\"wp-block-heading\">PDI a cargo de la investigaci\u00f3n<\/h3>\n\n\n\n<p class=\"wp-block-paragraph\">Una vez constatado el il\u00edcito, el Ministerio P\u00fablico tom\u00f3 la decisi\u00f3n de entregar las diligencias investigativas a la <strong>Brigada de Robos (BIRO) de la PDI de Concepci\u00f3n<\/strong>. Los detectives ya se encuentran trabajando en el sitio del suceso, realizando el levantamiento de evidencia y revisando c\u00e1maras de seguridad para poder esclarecer la modalidad exacta del robo e identificar a los tres responsables.<\/p>\n\n\n\n<p class=\"wp-block-paragraph\">Hasta el momento no se conoce el paradero de los asaltantes, quienes lograron escapar con el bot\u00edn en efectivo. La investigaci\u00f3n se mantiene en curso para determinar si hubo datos previos o planificaci\u00f3n en este violento y millonario atraco.<\/p>\n\n\n\n<p class=\"wp-block-paragraph\"><\/p>\n","protected":false},"excerpt":{"rendered":"<p>Robo en Concepci\u00f3n- Un audaz y violento robo se registr\u00f3 durante la ma\u00f1ana de este viernes en Concepci\u00f3n,<\/p>\n","protected":false},"author":5,"featured_media":9729,"comment_status":"open","ping_status":"open","sticky":false,"template":"","format":"standard","meta":{"_crdt_document":"","_uag_custom_page_level_css":"","_sitemap_exclude":false,"_sitemap_priority":"","_sitemap_frequency":"","_joinchat":[],"footnotes":""},"categories":[14],"tags":[],"class_list":["post-9728","post","type-post","status-publish","format-standard","has-post-thumbnail","hentry","category-nacional"],"featured_image_urls":{"full":["https:\/\/www.koncevisiontv.cl\/web\/wp-content\/uploads\/2025\/07\/sin-titulo-1200-x-633-px-13-750x400-1.png",750,400,false],"thumbnail":["https:\/\/www.koncevisiontv.cl\/web\/wp-content\/uploads\/2025\/07\/sin-titulo-1200-x-633-px-13-750x400-1-150x150.png",150,150,true],"medium":["https:\/\/www.koncevisiontv.cl\/web\/wp-content\/uploads\/2025\/07\/sin-titulo-1200-x-633-px-13-750x400-1-300x160.png",300,160,true],"medium_large":["https:\/\/www.koncevisiontv.cl\/web\/wp-content\/uploads\/2025\/07\/sin-titulo-1200-x-633-px-13-750x400-1.png",640,341,false],"large":["https:\/\/www.koncevisiontv.cl\/web\/wp-content\/uploads\/2025\/07\/sin-titulo-1200-x-633-px-13-750x400-1.png",640,341,false],"1536x1536":["https:\/\/www.koncevisiontv.cl\/web\/wp-content\/uploads\/2025\/07\/sin-titulo-1200-x-633-px-13-750x400-1.png",750,400,false],"2048x2048":["https:\/\/www.koncevisiontv.cl\/web\/wp-content\/uploads\/2025\/07\/sin-titulo-1200-x-633-px-13-750x400-1.png",750,400,false],"darknews-featured":["https:\/\/www.koncevisiontv.cl\/web\/wp-content\/uploads\/2025\/07\/sin-titulo-1200-x-633-px-13-750x400-1.png",750,400,false],"darknews-large":["https:\/\/www.koncevisiontv.cl\/web\/wp-content\/uploads\/2025\/07\/sin-titulo-1200-x-633-px-13-750x400-1.png",750,400,false],"darknews-medium":["https:\/\/www.koncevisiontv.cl\/web\/wp-content\/uploads\/2025\/07\/sin-titulo-1200-x-633-px-13-750x400-1-590x400.png",590,400,true]},"author_info":{"info":["Web-Master"]},"category_info":"<a href=\"https:\/\/www.koncevisiontv.cl\/web\/category\/nacional\/\" rel=\"category tag\">Nacional<\/a>","tag_info":"Nacional","comment_count":"0","uagb_featured_image_src":{"full":["https:\/\/www.koncevisiontv.cl\/web\/wp-content\/uploads\/2025\/07\/sin-titulo-1200-x-633-px-13-750x400-1.png",750,400,false],"thumbnail":["https:\/\/www.koncevisiontv.cl\/web\/wp-content\/uploads\/2025\/07\/sin-titulo-1200-x-633-px-13-750x400-1-150x150.png",150,150,true],"medium":["https:\/\/www.koncevisiontv.cl\/web\/wp-content\/uploads\/2025\/07\/sin-titulo-1200-x-633-px-13-750x400-1-300x160.png",300,160,true],"medium_large":["https:\/\/www.koncevisiontv.cl\/web\/wp-content\/uploads\/2025\/07\/sin-titulo-1200-x-633-px-13-750x400-1.png",640,341,false],"large":["https:\/\/www.koncevisiontv.cl\/web\/wp-content\/uploads\/2025\/07\/sin-titulo-1200-x-633-px-13-750x400-1.png",640,341,false],"1536x1536":["https:\/\/www.koncevisiontv.cl\/web\/wp-content\/uploads\/2025\/07\/sin-titulo-1200-x-633-px-13-750x400-1.png",750,400,false],"2048x2048":["https:\/\/www.koncevisiontv.cl\/web\/wp-content\/uploads\/2025\/07\/sin-titulo-1200-x-633-px-13-750x400-1.png",750,400,false],"darknews-featured":["https:\/\/www.koncevisiontv.cl\/web\/wp-content\/uploads\/2025\/07\/sin-titulo-1200-x-633-px-13-750x400-1.png",750,400,false],"darknews-large":["https:\/\/www.koncevisiontv.cl\/web\/wp-content\/uploads\/2025\/07\/sin-titulo-1200-x-633-px-13-750x400-1.png",750,400,false],"darknews-medium":["https:\/\/www.koncevisiontv.cl\/web\/wp-content\/uploads\/2025\/07\/sin-titulo-1200-x-633-px-13-750x400-1-590x400.png",590,400,true]},"uagb_author_info":{"display_name":"Web-Master","author_link":"https:\/\/www.koncevisiontv.cl\/web\/author\/koncevision\/"},"uagb_comment_info":0,"uagb_excerpt":"Robo en Concepci\u00f3n- Un audaz y violento robo se registr\u00f3 durante la ma\u00f1ana de este viernes en Concepci\u00f3n,","_links":{"self":[{"href":"https:\/\/www.koncevisiontv.cl\/web\/wp-json\/wp\/v2\/posts\/9728","targetHints":{"allow":["GET"]}}],"collection":[{"href":"https:\/\/www.koncevisiontv.cl\/web\/wp-json\/wp\/v2\/posts"}],"about":[{"href":"https:\/\/www.koncevisiontv.cl\/web\/wp-json\/wp\/v2\/types\/post"}],"author":[{"embeddable":true,"href":"https:\/\/www.koncevisiontv.cl\/web\/wp-json\/wp\/v2\/users\/5"}],"replies":[{"embeddable":true,"href":"https:\/\/www.koncevisiontv.cl\/web\/wp-json\/wp\/v2\/comments?post=9728"}],"version-history":[{"count":1,"href":"https:\/\/www.koncevisiontv.cl\/web\/wp-json\/wp\/v2\/posts\/9728\/revisions"}],"predecessor-version":[{"id":9730,"href":"https:\/\/www.koncevisiontv.cl\/web\/wp-json\/wp\/v2\/posts\/9728\/revisions\/9730"}],"wp:featuredmedia":[{"embeddable":true,"href":"https:\/\/www.koncevisiontv.cl\/web\/wp-json\/wp\/v2\/media\/9729"}],"wp:attachment":[{"href":"https:\/\/www.koncevisiontv.cl\/web\/wp-json\/wp\/v2\/media?parent=9728"}],"wp:term":[{"taxonomy":"category","embeddable":true,"href":"https:\/\/www.koncevisiontv.cl\/web\/wp-json\/wp\/v2\/categories?post=9728"},{"taxonomy":"post_tag","embeddable":true,"href":"https:\/\/www.koncevisiontv.cl\/web\/wp-json\/wp\/v2\/tags?post=9728"}],"curies":[{"name":"wp","href":"https:\/\/api.w.org\/{rel}","templated":true}]}}