{"id":9734,"date":"2025-07-25T19:12:13","date_gmt":"2025-07-25T23:12:13","guid":{"rendered":"https:\/\/www.koncevisiontv.cl\/web\/?p=9734"},"modified":"2025-07-25T19:13:33","modified_gmt":"2025-07-25T23:13:33","slug":"rey-de-meiggs-filtran-cuaderno-de-deudores-con-kaminski-y-luis-lambis","status":"publish","type":"post","link":"https:\/\/www.koncevisiontv.cl\/web\/rey-de-meiggs-filtran-cuaderno-de-deudores-con-kaminski-y-luis-lambis\/","title":{"rendered":"No solo Kaminski: Filtran cuaderno del &#8220;Rey de Meiggs&#8221; y revelan nombre de otro famoso cantante"},"content":{"rendered":"\n<p class=\"wp-block-paragraph\">La investigaci\u00f3n por el asesinato de <strong>Jos\u00e9 Felipe Reyes Osses<\/strong>, conocido como el \u201cRey de Meiggs\u201d, ha dado un nuevo y medi\u00e1tico giro. Se ha filtrado el contenido del pol\u00e9mico cuaderno donde el comerciante manten\u00eda un listado de sus presuntos \u201cdeudores\u201d, y en sus p\u00e1ginas, adem\u00e1s del ya conocido animador <strong>Francisco Kaminski<\/strong>, aparece el nombre de otro famoso artista: el cantante <strong>Luis Lambis<\/strong>.<\/p>\n\n\n\n<figure class=\"wp-block-video\"><video height=\"1280\" style=\"aspect-ratio: 720 \/ 1280;\" width=\"720\" controls src=\"https:\/\/www.koncevisiontv.cl\/web\/wp-content\/uploads\/2025\/07\/meiggskaminski-1.mp4\"><\/video><\/figure>\n\n\n\n<p class=\"wp-block-paragraph\">Esta revelaci\u00f3n a\u00f1ade m\u00e1s complejidad a una trama que ya vincula al mundo del hampa, los pr\u00e9stamos informales y ahora, de manera a\u00fan m\u00e1s profunda, al espect\u00e1culo nacional.El caso que une al hampa y el espect\u00e1culo<\/p>\n\n\n\n<p class=\"wp-block-paragraph\">El caso estall\u00f3 tras el asesinato por encargo de Reyes Osses, una muerte que, seg\u00fan la tesis de la <strong><a target=\"_blank\" rel=\"noreferrer noopener\" href=\"https:\/\/www.fiscaliadechile.cl\/\">Fiscal\u00eda de Chile<\/a><\/strong>, fue ordenada por su propio amigo, el empresario <strong>Wilson Verdugo<\/strong>, a ra\u00edz de una deuda que superaba los 1.000 millones de pesos.<\/p>\n\n\n\n<p class=\"wp-block-paragraph\">En este contexto, Francisco Kaminski fue llamado a declarar como testigo, ya que el comerciante lo contact\u00f3 el mismo d\u00eda de su muerte. El animador reconoci\u00f3 p\u00fablicamente mantener una deuda de aproximadamente 50 millones de pesos con la v\u00edctima, y su nombre, efectivamente, figura en el ahora filtrado listado.<\/p>\n\n\n\n<h3 class=\"wp-block-heading\">Luis Lambis: El nuevo nombre en la lista<\/h3>\n\n\n\n<p class=\"wp-block-paragraph\">La sorpresa surgi\u00f3 al revelarse que en las mismas hojas aparece anotado, de forma clara, el nombre de <strong>Luis Lambis<\/strong>, cantante de origen colombiano que alcanz\u00f3 gran fama en Chile como vocalista de la <strong>Sonora Malec\u00f3n<\/strong>.<\/p>\n\n\n\n<p class=\"wp-block-paragraph\">La conexi\u00f3n no se detiene ah\u00ed. Han surgido fotograf\u00edas que muestran a Lambis en el restor\u00e1n <strong>\u201cLa vaquita sabrosa\u201d<\/strong>, local que era propiedad de Wilson Verdugo, el empresario imputado como autor intelectual del crimen, y que tambi\u00e9n era frecuentado por el &#8220;Rey de Meiggs&#8221;.<\/p>\n\n\n\n<p class=\"wp-block-paragraph\">No obstante, las autoridades han sido cautas. Si bien el nombre de Lambis est\u00e1 en el cuaderno, se ha advertido que <strong>no est\u00e1 claro si era efectivamente un deudor<\/strong> o si su nombre fue anotado por alg\u00fan otro motivo. <strong>\u201c\u00bfEra deudor necesariamente? Eso es materia de investigaci\u00f3n\u201c<\/strong>, se ha se\u00f1alado desde el entorno del caso.<\/p>\n\n\n\n<h3 class=\"wp-block-heading\">&#8220;Caszely&#8221;, &#8220;Coloma&#8221; y otros seud\u00f3nimos en la mira de la PDI<\/h3>\n\n\n\n<p class=\"wp-block-paragraph\">El cuaderno es una pieza clave para la <strong>Polic\u00eda de Investigaciones (PDI)<\/strong>, ya que contiene una serie de nombres y apodos que ahora est\u00e1n siendo analizados. En la lista figuran seud\u00f3nimos como <strong>\u201cCaszely\u201d<\/strong>, <strong>\u201cColoma\u201d<\/strong> y <strong>\u201cToto\u201d<\/strong>.<\/p>\n\n\n\n<p class=\"wp-block-paragraph\">Respecto al apodo \u201cCaszely\u201d, se ha aclarado que, si bien la asociaci\u00f3n con el exfutbolista es inmediata, se presume que podr\u00eda ser un nombre al azar o corresponder a otra persona con el mismo apellido, lo que deber\u00e1 ser determinado por las pesquisas policiales. El contenido completo del cuaderno es ahora una hoja de ruta para los investigadores en un caso que sigue revelando inesperadas conexiones<\/p>\n","protected":false},"excerpt":{"rendered":"<p>La investigaci\u00f3n por el asesinato de Jos\u00e9 Felipe Reyes Osses, conocido como el \u201cRey de Meiggs\u201d, ha dado<\/p>\n","protected":false},"author":5,"featured_media":0,"comment_status":"open","ping_status":"open","sticky":false,"template":"","format":"standard","meta":{"_crdt_document":"","_uag_custom_page_level_css":"","_sitemap_exclude":false,"_sitemap_priority":"","_sitemap_frequency":"","_joinchat":[],"footnotes":""},"categories":[14],"tags":[],"class_list":["post-9734","post","type-post","status-publish","format-standard","hentry","category-nacional"],"featured_image_urls":{"full":"","thumbnail":"","medium":"","medium_large":"","large":"","1536x1536":"","2048x2048":"","darknews-featured":"","darknews-large":"","darknews-medium":""},"author_info":{"info":["Web-Master"]},"category_info":"<a href=\"https:\/\/www.koncevisiontv.cl\/web\/category\/nacional\/\" rel=\"category tag\">Nacional<\/a>","tag_info":"Nacional","comment_count":"0","uagb_featured_image_src":{"full":false,"thumbnail":false,"medium":false,"medium_large":false,"large":false,"1536x1536":false,"2048x2048":false,"darknews-featured":false,"darknews-large":false,"darknews-medium":false},"uagb_author_info":{"display_name":"Web-Master","author_link":"https:\/\/www.koncevisiontv.cl\/web\/author\/koncevision\/"},"uagb_comment_info":0,"uagb_excerpt":"La investigaci\u00f3n por el asesinato de Jos\u00e9 Felipe Reyes Osses, conocido como el \u201cRey de Meiggs\u201d, ha dado","_links":{"self":[{"href":"https:\/\/www.koncevisiontv.cl\/web\/wp-json\/wp\/v2\/posts\/9734","targetHints":{"allow":["GET"]}}],"collection":[{"href":"https:\/\/www.koncevisiontv.cl\/web\/wp-json\/wp\/v2\/posts"}],"about":[{"href":"https:\/\/www.koncevisiontv.cl\/web\/wp-json\/wp\/v2\/types\/post"}],"author":[{"embeddable":true,"href":"https:\/\/www.koncevisiontv.cl\/web\/wp-json\/wp\/v2\/users\/5"}],"replies":[{"embeddable":true,"href":"https:\/\/www.koncevisiontv.cl\/web\/wp-json\/wp\/v2\/comments?post=9734"}],"version-history":[{"count":2,"href":"https:\/\/www.koncevisiontv.cl\/web\/wp-json\/wp\/v2\/posts\/9734\/revisions"}],"predecessor-version":[{"id":9749,"href":"https:\/\/www.koncevisiontv.cl\/web\/wp-json\/wp\/v2\/posts\/9734\/revisions\/9749"}],"wp:attachment":[{"href":"https:\/\/www.koncevisiontv.cl\/web\/wp-json\/wp\/v2\/media?parent=9734"}],"wp:term":[{"taxonomy":"category","embeddable":true,"href":"https:\/\/www.koncevisiontv.cl\/web\/wp-json\/wp\/v2\/categories?post=9734"},{"taxonomy":"post_tag","embeddable":true,"href":"https:\/\/www.koncevisiontv.cl\/web\/wp-json\/wp\/v2\/tags?post=9734"}],"curies":[{"name":"wp","href":"https:\/\/api.w.org\/{rel}","templated":true}]}}