{"id":9750,"date":"2025-07-25T23:30:31","date_gmt":"2025-07-26T03:30:31","guid":{"rendered":"https:\/\/www.koncevisiontv.cl\/web\/?p=9750"},"modified":"2025-07-25T23:30:35","modified_gmt":"2025-07-26T03:30:35","slug":"caso-jorge-matute-johns-madre-denuncia-a-productor-de-llamarla-cobarde","status":"publish","type":"post","link":"https:\/\/www.koncevisiontv.cl\/web\/caso-jorge-matute-johns-madre-denuncia-a-productor-de-llamarla-cobarde\/","title":{"rendered":"&#8220;Me dijo cobarde&#8221;: La grave denuncia de la madre de Jorge Matute Johns contra productor de la serie de Netflix"},"content":{"rendered":"\n<p class=\"wp-block-paragraph\"><strong>Caso Jorge Matute Johns<\/strong>: En un testimonio cargado de dolor y frustraci\u00f3n, <strong>Mar\u00eda Teresa Johns<\/strong>, madre del asesinado joven penquista Jorge &#8220;Coke&#8221; Matute Johns, ha desclasificado una grave acusaci\u00f3n en contra de los realizadores de la pr\u00f3xima serie de <strong>Netflix<\/strong> sobre el caso. Asegura que <strong>Juan de Dios Larra\u00edn<\/strong>, uno de los productores de F\u00e1bula, la trat\u00f3 de &#8220;cobarde&#8221; por su f\u00e9rrea oposici\u00f3n al proyecto.<\/p>\n\n\n\n<p class=\"wp-block-paragraph\">Este nuevo y doloroso cap\u00edtulo se suma a la larga lucha de una madre que solo pide que dejen descansar en paz la memoria de su hijo, mientras la producci\u00f3n avanza para su estreno mundial sin el consentimiento de la familia.<\/p>\n\n\n\n<figure class=\"wp-block-embed is-type-video is-provider-youtube wp-block-embed-youtube wp-embed-aspect-16-9 wp-has-aspect-ratio\"><div class=\"wp-block-embed__wrapper\">\n<div class=\"epyt-video-wrapper\"><iframe loading=\"lazy\"  id=\"_ytid_93222\"  width=\"640\" height=\"360\"  data-origwidth=\"640\" data-origheight=\"360\" src=\"https:\/\/www.youtube.com\/embed\/0hhBmOWnBXE?enablejsapi=1&#038;autoplay=0&#038;cc_load_policy=0&#038;cc_lang_pref=&#038;iv_load_policy=1&#038;loop=0&#038;rel=1&#038;fs=1&#038;playsinline=0&#038;autohide=2&#038;theme=dark&#038;color=red&#038;controls=1&#038;disablekb=0&#038;\" class=\"__youtube_prefs__  epyt-is-override  no-lazyload\" title=\"YouTube player\"  allow=\"fullscreen; accelerometer; autoplay; clipboard-write; encrypted-media; gyroscope; picture-in-picture; web-share\" referrerpolicy=\"strict-origin-when-cross-origin\" allowfullscreen data-no-lazy=\"1\" data-skipgform_ajax_framebjll=\"\"><\/iframe><\/div>\n<\/div><\/figure>\n\n\n\n<h3 class=\"wp-block-heading\">&#8220;Una falta de respeto&#8221;: El tenso encuentro con Larra\u00edn<\/h3>\n\n\n\n<p class=\"wp-block-paragraph\">El malestar de Mar\u00eda Teresa Johns se ha intensificado tras revelar un tenso encuentro que sostuvo con el productor, en una reuni\u00f3n en la que tambi\u00e9n estuvo presente el actual arzobispo de Santiago, Fernando Chomal\u00ed. Fue en esa instancia donde se habr\u00eda producido la denigrante interpelaci\u00f3n.<\/p>\n\n\n\n<p class=\"wp-block-paragraph\">&#8220;En realidad fue muy fuerte lo que me dijo. Yo le dije que por qu\u00e9 no hab\u00eda esperado que yo me muriera para hacer una serie y <strong>me dijo que yo era una cobarde. Encuentro que es una falta de respeto<\/strong>&#8220;, relat\u00f3 la madre de Coke, evidenciando la profunda herida que le caus\u00f3 el episodio.<\/p>\n\n\n\n<h3 class=\"wp-block-heading\">El costo f\u00edsico y emocional de una lucha desigual<\/h3>\n\n\n\n<p class=\"wp-block-paragraph\">Desde que se enter\u00f3 a mediados del a\u00f1o pasado que la productora <strong>F\u00e1bula<\/strong>, de los hermanos Larra\u00edn, preparaba la serie, la vida de Mar\u00eda Teresa ha sido un calvario. Asegura que el estr\u00e9s y la angustia le han pasado una cuenta f\u00edsica y emocional devastadora: ha perdido cerca de 15 kilos y sufre de insomnio.<\/p>\n\n\n\n<p class=\"wp-block-paragraph\">&#8220;Del momento que empezaron con esto me inquiet\u00e9, me molest\u00e9. <strong>Esta baja de peso, estos insomnios, se los debo a los hermanos Larra\u00edn<\/strong>. \u00bfQu\u00e9 m\u00e1s puedo hacer para detener esto?&#8221;, expres\u00f3 con impotencia.<\/p>\n\n\n\n<p class=\"wp-block-paragraph\">Su s\u00faplica es clara y directa: <strong>&#8220;Dejen descansar a Coke en paz, hasta cu\u00e1ndo nos van a hacer da\u00f1o como madre<\/strong>. Yo estoy agradecida de toda la gente que ha estado conmigo, pero esto ya es el colmo&#8221;.<\/p>\n\n\n\n<h3 class=\"wp-block-heading\">&#8220;\u00bfQu\u00e9 final va a tener la serie?&#8221;<\/h3>\n\n\n\n<p class=\"wp-block-paragraph\">La incertidumbre sobre el contenido de la producci\u00f3n es otra fuente de angustia para la familia. Sin haber participado ni entregado su autorizaci\u00f3n, Mar\u00eda Teresa se pregunta con temor sobre el enfoque que tendr\u00e1 la historia que conmover\u00e1 nuevamente al pa\u00eds.<\/p>\n\n\n\n<p class=\"wp-block-paragraph\"><strong>\u201cYo me pregunto, \u00bfqu\u00e9 final va a tener la serie?, \u00bfqu\u00e9 serie van a hacer con eso?, \u00bfcon qu\u00e9 m\u00e1s van a salir ellos para da\u00f1arme?\u201d<\/strong>, cuestion\u00f3, apuntando a lo que siente como una lucha desigual. &#8220;No puede ser que esta gente, porque tiene la plata, haga lo que quiera&#8221;, manifest\u00f3.<\/p>\n","protected":false},"excerpt":{"rendered":"<p>Caso Jorge Matute Johns: En un testimonio cargado de dolor y frustraci\u00f3n, Mar\u00eda Teresa Johns, madre del asesinado<\/p>\n","protected":false},"author":5,"featured_media":9751,"comment_status":"open","ping_status":"open","sticky":false,"template":"","format":"standard","meta":{"_crdt_document":"","_uag_custom_page_level_css":"","_sitemap_exclude":false,"_sitemap_priority":"","_sitemap_frequency":"","_joinchat":[],"footnotes":""},"categories":[14],"tags":[],"class_list":["post-9750","post","type-post","status-publish","format-standard","has-post-thumbnail","hentry","category-nacional"],"featured_image_urls":{"full":["https:\/\/www.koncevisiontv.cl\/web\/wp-content\/uploads\/2025\/07\/MRURVTMDJBFQXMSN3BK75533W4.avif",800,450,false],"thumbnail":["https:\/\/www.koncevisiontv.cl\/web\/wp-content\/uploads\/2025\/07\/MRURVTMDJBFQXMSN3BK75533W4-150x150.avif",150,150,true],"medium":["https:\/\/www.koncevisiontv.cl\/web\/wp-content\/uploads\/2025\/07\/MRURVTMDJBFQXMSN3BK75533W4-300x169.avif",300,169,true],"medium_large":["https:\/\/www.koncevisiontv.cl\/web\/wp-content\/uploads\/2025\/07\/MRURVTMDJBFQXMSN3BK75533W4-768x432.avif",640,360,true],"large":["https:\/\/www.koncevisiontv.cl\/web\/wp-content\/uploads\/2025\/07\/MRURVTMDJBFQXMSN3BK75533W4.avif",640,360,false],"1536x1536":["https:\/\/www.koncevisiontv.cl\/web\/wp-content\/uploads\/2025\/07\/MRURVTMDJBFQXMSN3BK75533W4.avif",800,450,false],"2048x2048":["https:\/\/www.koncevisiontv.cl\/web\/wp-content\/uploads\/2025\/07\/MRURVTMDJBFQXMSN3BK75533W4.avif",800,450,false],"darknews-featured":["https:\/\/www.koncevisiontv.cl\/web\/wp-content\/uploads\/2025\/07\/MRURVTMDJBFQXMSN3BK75533W4.avif",800,450,false],"darknews-large":["https:\/\/www.koncevisiontv.cl\/web\/wp-content\/uploads\/2025\/07\/MRURVTMDJBFQXMSN3BK75533W4.avif",800,450,false],"darknews-medium":["https:\/\/www.koncevisiontv.cl\/web\/wp-content\/uploads\/2025\/07\/MRURVTMDJBFQXMSN3BK75533W4-590x410.avif",590,410,true]},"author_info":{"info":["Web-Master"]},"category_info":"<a href=\"https:\/\/www.koncevisiontv.cl\/web\/category\/nacional\/\" rel=\"category tag\">Nacional<\/a>","tag_info":"Nacional","comment_count":"3","uagb_featured_image_src":{"full":["https:\/\/www.koncevisiontv.cl\/web\/wp-content\/uploads\/2025\/07\/MRURVTMDJBFQXMSN3BK75533W4.avif",800,450,false],"thumbnail":["https:\/\/www.koncevisiontv.cl\/web\/wp-content\/uploads\/2025\/07\/MRURVTMDJBFQXMSN3BK75533W4-150x150.avif",150,150,true],"medium":["https:\/\/www.koncevisiontv.cl\/web\/wp-content\/uploads\/2025\/07\/MRURVTMDJBFQXMSN3BK75533W4-300x169.avif",300,169,true],"medium_large":["https:\/\/www.koncevisiontv.cl\/web\/wp-content\/uploads\/2025\/07\/MRURVTMDJBFQXMSN3BK75533W4-768x432.avif",640,360,true],"large":["https:\/\/www.koncevisiontv.cl\/web\/wp-content\/uploads\/2025\/07\/MRURVTMDJBFQXMSN3BK75533W4.avif",640,360,false],"1536x1536":["https:\/\/www.koncevisiontv.cl\/web\/wp-content\/uploads\/2025\/07\/MRURVTMDJBFQXMSN3BK75533W4.avif",800,450,false],"2048x2048":["https:\/\/www.koncevisiontv.cl\/web\/wp-content\/uploads\/2025\/07\/MRURVTMDJBFQXMSN3BK75533W4.avif",800,450,false],"darknews-featured":["https:\/\/www.koncevisiontv.cl\/web\/wp-content\/uploads\/2025\/07\/MRURVTMDJBFQXMSN3BK75533W4.avif",800,450,false],"darknews-large":["https:\/\/www.koncevisiontv.cl\/web\/wp-content\/uploads\/2025\/07\/MRURVTMDJBFQXMSN3BK75533W4.avif",800,450,false],"darknews-medium":["https:\/\/www.koncevisiontv.cl\/web\/wp-content\/uploads\/2025\/07\/MRURVTMDJBFQXMSN3BK75533W4-590x410.avif",590,410,true]},"uagb_author_info":{"display_name":"Web-Master","author_link":"https:\/\/www.koncevisiontv.cl\/web\/author\/koncevision\/"},"uagb_comment_info":3,"uagb_excerpt":"Caso Jorge Matute Johns: En un testimonio cargado de dolor y frustraci\u00f3n, Mar\u00eda Teresa Johns, madre del asesinado","_links":{"self":[{"href":"https:\/\/www.koncevisiontv.cl\/web\/wp-json\/wp\/v2\/posts\/9750","targetHints":{"allow":["GET"]}}],"collection":[{"href":"https:\/\/www.koncevisiontv.cl\/web\/wp-json\/wp\/v2\/posts"}],"about":[{"href":"https:\/\/www.koncevisiontv.cl\/web\/wp-json\/wp\/v2\/types\/post"}],"author":[{"embeddable":true,"href":"https:\/\/www.koncevisiontv.cl\/web\/wp-json\/wp\/v2\/users\/5"}],"replies":[{"embeddable":true,"href":"https:\/\/www.koncevisiontv.cl\/web\/wp-json\/wp\/v2\/comments?post=9750"}],"version-history":[{"count":1,"href":"https:\/\/www.koncevisiontv.cl\/web\/wp-json\/wp\/v2\/posts\/9750\/revisions"}],"predecessor-version":[{"id":9753,"href":"https:\/\/www.koncevisiontv.cl\/web\/wp-json\/wp\/v2\/posts\/9750\/revisions\/9753"}],"wp:featuredmedia":[{"embeddable":true,"href":"https:\/\/www.koncevisiontv.cl\/web\/wp-json\/wp\/v2\/media\/9751"}],"wp:attachment":[{"href":"https:\/\/www.koncevisiontv.cl\/web\/wp-json\/wp\/v2\/media?parent=9750"}],"wp:term":[{"taxonomy":"category","embeddable":true,"href":"https:\/\/www.koncevisiontv.cl\/web\/wp-json\/wp\/v2\/categories?post=9750"},{"taxonomy":"post_tag","embeddable":true,"href":"https:\/\/www.koncevisiontv.cl\/web\/wp-json\/wp\/v2\/tags?post=9750"}],"curies":[{"name":"wp","href":"https:\/\/api.w.org\/{rel}","templated":true}]}}