{"id":9754,"date":"2025-07-26T17:08:26","date_gmt":"2025-07-26T21:08:26","guid":{"rendered":"https:\/\/www.koncevisiontv.cl\/web\/?p=9754"},"modified":"2025-07-26T17:08:30","modified_gmt":"2025-07-26T21:08:30","slug":"incendio-en-concepcion-confirman-que-bodega-donde-inicio-fuego-no-tenia-permiso","status":"publish","type":"post","link":"https:\/\/www.koncevisiontv.cl\/web\/incendio-en-concepcion-confirman-que-bodega-donde-inicio-fuego-no-tenia-permiso\/","title":{"rendered":"Confirman que bodega donde se inici\u00f3 devastador incendio en Concepci\u00f3n operaba sin permiso municipal"},"content":{"rendered":"\n<p class=\"wp-block-paragraph\"><strong>Incendio en Concepci\u00f3n<\/strong> La investigaci\u00f3n sobre el gran incendio que destruy\u00f3 m\u00e1s de diez viviendas y dej\u00f3 a cerca de 60 personas damnificadas en el sector Chillancito de Concepci\u00f3n, ha arrojado un antecedente clave: la bodega de ropa usada donde se origin\u00f3 el fuego <strong>no contaba con permiso municipal para funcionar<\/strong> y operaba al margen de la ley.<\/p>\n\n\n\n<p class=\"wp-block-paragraph\">Esta confirmaci\u00f3n, entregada por la propia casa edilicia, a\u00f1ade una grave arista de presunta negligencia a la tragedia que enluta a decenas de familias penquistas, mientras los equipos de emergencia a\u00fan combaten rebrotes en el lugar.<\/p>\n\n\n\n<h3 class=\"wp-block-heading\">&#8220;Fuera del marco de la ley&#8221;: La confirmaci\u00f3n municipal<\/h3>\n\n\n\n<p class=\"wp-block-paragraph\">El administrador municipal de Concepci\u00f3n, Boris Negrete, fue el encargado de confirmar la irregularidad. Seg\u00fan explic\u00f3, mientras los equipos municipales realizaban el catastro de los afectados para canalizar la ayuda, se indag\u00f3 en la situaci\u00f3n legal del recinto comercial, descubriendo que <strong>no contaba con una patente para operar.<\/strong><\/p>\n\n\n\n<p class=\"wp-block-paragraph\">La bodega, ubicada en la esquina de Camilo Henr\u00edquez con Santa Sof\u00eda, se encontraba funcionando &#8220;fuera del marco de la ley&#8221;, lo que complica seriamente la situaci\u00f3n de los propietarios del inmueble y abre un flanco de investigaci\u00f3n sobre la falta de fiscalizaci\u00f3n.<\/p>\n\n\n\n<h3 class=\"wp-block-heading\">Persisten los rebrotes y la ayuda a los damnificados<\/h3>\n\n\n\n<p class=\"wp-block-paragraph\">La emergencia en el sector a\u00fan no ha terminado por completo. Debido a la gran cantidad de material combustible acumulado en el galp\u00f3n \u2014principalmente fardos de ropa usada\u2014, <strong>se han originado varios rebrotes<\/strong> del fuego en los \u00faltimos d\u00edas, obligando el constante retorno de voluntarios de <strong>Bomberos de Concepci\u00f3n<\/strong> para controlar los nuevos focos.<\/p>\n\n\n\n<p class=\"wp-block-paragraph\">Paralelamente, la ayuda a las v\u00edctimas ha comenzado a materializarse. Desde la <strong>Municipalidad de Concepci\u00f3n<\/strong>, se inform\u00f3 que ya se ha entregado apoyo con <strong>materiales de construcci\u00f3n a 19 de las viviendas<\/strong> que resultaron siniestradas por las llamas.<\/p>\n\n\n\n<h3 class=\"wp-block-heading\">Investigaci\u00f3n en desarrollo<\/h3>\n\n\n\n<p class=\"wp-block-paragraph\">Esta nueva informaci\u00f3n ser\u00e1 una pieza clave para la investigaci\u00f3n que lidera la <strong>Fiscal\u00eda del Biob\u00edo<\/strong>. Las diligencias, que est\u00e1n a cargo de peritos de Labocar y personal de la SIP de Carabineros, ahora no solo se centrar\u00e1n en determinar la causa y origen del fuego, sino tambi\u00e9n en establecer las responsabilidades legales de los due\u00f1os de la bodega por operar de manera clandestina, una condici\u00f3n que pudo haber afectado las medidas de seguridad del recinto.<\/p>\n","protected":false},"excerpt":{"rendered":"<p>Incendio en Concepci\u00f3n La investigaci\u00f3n sobre el gran incendio que destruy\u00f3 m\u00e1s de diez viviendas y dej\u00f3 a<\/p>\n","protected":false},"author":5,"featured_media":9755,"comment_status":"open","ping_status":"open","sticky":false,"template":"","format":"standard","meta":{"_crdt_document":"","_uag_custom_page_level_css":"","_sitemap_exclude":false,"_sitemap_priority":"","_sitemap_frequency":"","_joinchat":[],"footnotes":""},"categories":[14],"tags":[],"class_list":["post-9754","post","type-post","status-publish","format-standard","has-post-thumbnail","hentry","category-nacional"],"featured_image_urls":{"full":["https:\/\/www.koncevisiontv.cl\/web\/wp-content\/uploads\/2025\/07\/gran-incendio-en-bodega-de-ropa-usada-en-concepcion-no-contaba-con-permiso-municipal-para-funcionar-750x400-1.png",750,400,false],"thumbnail":["https:\/\/www.koncevisiontv.cl\/web\/wp-content\/uploads\/2025\/07\/gran-incendio-en-bodega-de-ropa-usada-en-concepcion-no-contaba-con-permiso-municipal-para-funcionar-750x400-1-150x150.png",150,150,true],"medium":["https:\/\/www.koncevisiontv.cl\/web\/wp-content\/uploads\/2025\/07\/gran-incendio-en-bodega-de-ropa-usada-en-concepcion-no-contaba-con-permiso-municipal-para-funcionar-750x400-1-300x160.png",300,160,true],"medium_large":["https:\/\/www.koncevisiontv.cl\/web\/wp-content\/uploads\/2025\/07\/gran-incendio-en-bodega-de-ropa-usada-en-concepcion-no-contaba-con-permiso-municipal-para-funcionar-750x400-1.png",640,341,false],"large":["https:\/\/www.koncevisiontv.cl\/web\/wp-content\/uploads\/2025\/07\/gran-incendio-en-bodega-de-ropa-usada-en-concepcion-no-contaba-con-permiso-municipal-para-funcionar-750x400-1.png",640,341,false],"1536x1536":["https:\/\/www.koncevisiontv.cl\/web\/wp-content\/uploads\/2025\/07\/gran-incendio-en-bodega-de-ropa-usada-en-concepcion-no-contaba-con-permiso-municipal-para-funcionar-750x400-1.png",750,400,false],"2048x2048":["https:\/\/www.koncevisiontv.cl\/web\/wp-content\/uploads\/2025\/07\/gran-incendio-en-bodega-de-ropa-usada-en-concepcion-no-contaba-con-permiso-municipal-para-funcionar-750x400-1.png",750,400,false],"darknews-featured":["https:\/\/www.koncevisiontv.cl\/web\/wp-content\/uploads\/2025\/07\/gran-incendio-en-bodega-de-ropa-usada-en-concepcion-no-contaba-con-permiso-municipal-para-funcionar-750x400-1.png",750,400,false],"darknews-large":["https:\/\/www.koncevisiontv.cl\/web\/wp-content\/uploads\/2025\/07\/gran-incendio-en-bodega-de-ropa-usada-en-concepcion-no-contaba-con-permiso-municipal-para-funcionar-750x400-1.png",750,400,false],"darknews-medium":["https:\/\/www.koncevisiontv.cl\/web\/wp-content\/uploads\/2025\/07\/gran-incendio-en-bodega-de-ropa-usada-en-concepcion-no-contaba-con-permiso-municipal-para-funcionar-750x400-1-590x400.png",590,400,true]},"author_info":{"info":["Web-Master"]},"category_info":"<a href=\"https:\/\/www.koncevisiontv.cl\/web\/category\/nacional\/\" rel=\"category tag\">Nacional<\/a>","tag_info":"Nacional","comment_count":"0","uagb_featured_image_src":{"full":["https:\/\/www.koncevisiontv.cl\/web\/wp-content\/uploads\/2025\/07\/gran-incendio-en-bodega-de-ropa-usada-en-concepcion-no-contaba-con-permiso-municipal-para-funcionar-750x400-1.png",750,400,false],"thumbnail":["https:\/\/www.koncevisiontv.cl\/web\/wp-content\/uploads\/2025\/07\/gran-incendio-en-bodega-de-ropa-usada-en-concepcion-no-contaba-con-permiso-municipal-para-funcionar-750x400-1-150x150.png",150,150,true],"medium":["https:\/\/www.koncevisiontv.cl\/web\/wp-content\/uploads\/2025\/07\/gran-incendio-en-bodega-de-ropa-usada-en-concepcion-no-contaba-con-permiso-municipal-para-funcionar-750x400-1-300x160.png",300,160,true],"medium_large":["https:\/\/www.koncevisiontv.cl\/web\/wp-content\/uploads\/2025\/07\/gran-incendio-en-bodega-de-ropa-usada-en-concepcion-no-contaba-con-permiso-municipal-para-funcionar-750x400-1.png",640,341,false],"large":["https:\/\/www.koncevisiontv.cl\/web\/wp-content\/uploads\/2025\/07\/gran-incendio-en-bodega-de-ropa-usada-en-concepcion-no-contaba-con-permiso-municipal-para-funcionar-750x400-1.png",640,341,false],"1536x1536":["https:\/\/www.koncevisiontv.cl\/web\/wp-content\/uploads\/2025\/07\/gran-incendio-en-bodega-de-ropa-usada-en-concepcion-no-contaba-con-permiso-municipal-para-funcionar-750x400-1.png",750,400,false],"2048x2048":["https:\/\/www.koncevisiontv.cl\/web\/wp-content\/uploads\/2025\/07\/gran-incendio-en-bodega-de-ropa-usada-en-concepcion-no-contaba-con-permiso-municipal-para-funcionar-750x400-1.png",750,400,false],"darknews-featured":["https:\/\/www.koncevisiontv.cl\/web\/wp-content\/uploads\/2025\/07\/gran-incendio-en-bodega-de-ropa-usada-en-concepcion-no-contaba-con-permiso-municipal-para-funcionar-750x400-1.png",750,400,false],"darknews-large":["https:\/\/www.koncevisiontv.cl\/web\/wp-content\/uploads\/2025\/07\/gran-incendio-en-bodega-de-ropa-usada-en-concepcion-no-contaba-con-permiso-municipal-para-funcionar-750x400-1.png",750,400,false],"darknews-medium":["https:\/\/www.koncevisiontv.cl\/web\/wp-content\/uploads\/2025\/07\/gran-incendio-en-bodega-de-ropa-usada-en-concepcion-no-contaba-con-permiso-municipal-para-funcionar-750x400-1-590x400.png",590,400,true]},"uagb_author_info":{"display_name":"Web-Master","author_link":"https:\/\/www.koncevisiontv.cl\/web\/author\/koncevision\/"},"uagb_comment_info":0,"uagb_excerpt":"Incendio en Concepci\u00f3n La investigaci\u00f3n sobre el gran incendio que destruy\u00f3 m\u00e1s de diez viviendas y dej\u00f3 a","_links":{"self":[{"href":"https:\/\/www.koncevisiontv.cl\/web\/wp-json\/wp\/v2\/posts\/9754","targetHints":{"allow":["GET"]}}],"collection":[{"href":"https:\/\/www.koncevisiontv.cl\/web\/wp-json\/wp\/v2\/posts"}],"about":[{"href":"https:\/\/www.koncevisiontv.cl\/web\/wp-json\/wp\/v2\/types\/post"}],"author":[{"embeddable":true,"href":"https:\/\/www.koncevisiontv.cl\/web\/wp-json\/wp\/v2\/users\/5"}],"replies":[{"embeddable":true,"href":"https:\/\/www.koncevisiontv.cl\/web\/wp-json\/wp\/v2\/comments?post=9754"}],"version-history":[{"count":1,"href":"https:\/\/www.koncevisiontv.cl\/web\/wp-json\/wp\/v2\/posts\/9754\/revisions"}],"predecessor-version":[{"id":9756,"href":"https:\/\/www.koncevisiontv.cl\/web\/wp-json\/wp\/v2\/posts\/9754\/revisions\/9756"}],"wp:featuredmedia":[{"embeddable":true,"href":"https:\/\/www.koncevisiontv.cl\/web\/wp-json\/wp\/v2\/media\/9755"}],"wp:attachment":[{"href":"https:\/\/www.koncevisiontv.cl\/web\/wp-json\/wp\/v2\/media?parent=9754"}],"wp:term":[{"taxonomy":"category","embeddable":true,"href":"https:\/\/www.koncevisiontv.cl\/web\/wp-json\/wp\/v2\/categories?post=9754"},{"taxonomy":"post_tag","embeddable":true,"href":"https:\/\/www.koncevisiontv.cl\/web\/wp-json\/wp\/v2\/tags?post=9754"}],"curies":[{"name":"wp","href":"https:\/\/api.w.org\/{rel}","templated":true}]}}