{"id":9757,"date":"2025-07-26T17:16:12","date_gmt":"2025-07-26T21:16:12","guid":{"rendered":"https:\/\/www.koncevisiontv.cl\/web\/?p=9757"},"modified":"2025-07-26T17:16:19","modified_gmt":"2025-07-26T21:16:19","slug":"caso-sicario-suspenden-a-jueza-irene-rodriguez-que-libero-a-alberto-mejia","status":"publish","type":"post","link":"https:\/\/www.koncevisiontv.cl\/web\/caso-sicario-suspenden-a-jueza-irene-rodriguez-que-libero-a-alberto-mejia\/","title":{"rendered":"Caso Sicario: Poder Judicial suspende a la jueza Irene Rodr\u00edguez por la liberaci\u00f3n de Alberto Mej\u00eda"},"content":{"rendered":"\n<p class=\"wp-block-paragraph\"><strong>Caso Sicario:.-<\/strong> En la primera gran consecuencia disciplinaria por la escandalosa liberaci\u00f3n del sicario Alberto Mej\u00eda, la fiscal de la Corte de Apelaciones de Santiago, Clara Carrasco, decidi\u00f3 <strong>suspender de sus funciones a la jueza Irene Rodr\u00edguez<\/strong>, del 8\u00b0 Juzgado de Garant\u00eda de Santiago.<\/p>\n\n\n\n<p class=\"wp-block-paragraph\">La medida se mantendr\u00e1 mientras dure el sumario administrativo que busca establecer las responsabilidades en la cadena de errores que permiti\u00f3 la fuga del asesino del denominado &#8220;Rey de Meiggs&#8221;. Junto a la magistrada, tambi\u00e9n fue suspendida otra funcionaria del Poder Judicial.<\/p>\n\n\n\n<h3 class=\"wp-block-heading\">La suspensi\u00f3n: La primera gran medida disciplinaria<\/h3>\n\n\n\n<p class=\"wp-block-paragraph\">La decisi\u00f3n fue adoptada este viernes por la fiscal Carrasco, quien est\u00e1 a cargo del sumario disciplinario instruido por la Corte de Apelaciones de Santiago el pasado 15 de julio. Esta investigaci\u00f3n administrativa del <strong><a target=\"_blank\" rel=\"noreferrer noopener\" href=\"https:\/\/www.pjud.cl\/\">Poder Judicial<\/a><\/strong> busca aclarar la secuencia de fallas que se produjeron al interior del tribunal.<\/p>\n\n\n\n<p class=\"wp-block-paragraph\">La suspensi\u00f3n de la jueza Rodr\u00edguez es una se\u00f1al potente en un caso que ha puesto en tela de juicio la coordinaci\u00f3n y los protocolos de las instituciones clave del sistema de justicia penal chileno.<\/p>\n\n\n\n<h3 class=\"wp-block-heading\">Cr\u00f3nica de un escape: La ca\u00f3tica cadena de errores<\/h3>\n\n\n\n<p class=\"wp-block-paragraph\">La liberaci\u00f3n de Alberto Carlos Mej\u00eda Hern\u00e1ndez, quien inicialmente se identific\u00f3 con el nombre falso de Osmar Alexander Ferrer Ram\u00edrez, se produjo por una serie de hechos ins\u00f3litos. La investigaci\u00f3n ha revelado una ca\u00f3tica seguidilla de comunicaciones entre el tribunal y Gendarmer\u00eda:<\/p>\n\n\n\n<ol start=\"1\" class=\"wp-block-list\">\n<li>Un primer oficio para su ingreso a prisi\u00f3n preventiva fue emitido con un <strong>error de tipeo<\/strong> en el nombre.<\/li>\n\n\n\n<li>Posteriormente, se emiti\u00f3 un segundo oficio que <strong>revocaba la medida cautelar y ordenaba su libertad inmediata.<\/strong><\/li>\n\n\n\n<li>Finalmente, se envi\u00f3 un tercer comunicado que <strong>correg\u00eda el error y ordenaba su ingreso a prisi\u00f3n<\/strong> con el nombre correcto.<\/li>\n<\/ol>\n\n\n\n<p class=\"wp-block-paragraph\">A pesar de contar con este \u00faltimo y definitivo oficio, Gendarmer\u00eda procedi\u00f3 a liberarlo, desatando una crisis institucional y una cacer\u00eda humana que a\u00fan no termina.<\/p>\n\n\n\n<h3 class=\"wp-block-heading\">Pr\u00f3fugo y con alerta roja de Interpol<\/h3>\n\n\n\n<p class=\"wp-block-paragraph\">Mientras se establecen las responsabilidades administrativas, el sicario Alberto Mej\u00eda sigue pr\u00f3fugo. Lo \u00faltimo que se supo de su paradero es que, tras ser liberado, pag\u00f3 m\u00e1s de 2.5 millones de pesos por un viaje en auto desde Estaci\u00f3n Central hasta Iquique, para luego cruzar la frontera hacia Per\u00fa por un paso no habilitado.<\/p>\n\n\n\n<p class=\"wp-block-paragraph\">Actualmente, pesa sobre \u00e9l una <strong>alerta roja de <a target=\"_blank\" rel=\"noreferrer noopener\" href=\"https:\/\/www.interpol.int\/\">Interpol<\/a><\/strong> para su captura internacional. La investigaci\u00f3n penal, en tanto, sigue en manos de la <strong><a target=\"_blank\" rel=\"noreferrer noopener\" href=\"https:\/\/www.fiscaliadechile.cl\/\">Fiscal\u00eda de Chile<\/a><\/strong>, que trabaja para lograr su detenci\u00f3n.<\/p>\n","protected":false},"excerpt":{"rendered":"<p>Caso Sicario:.- En la primera gran consecuencia disciplinaria por la escandalosa liberaci\u00f3n del sicario Alberto Mej\u00eda, la fiscal<\/p>\n","protected":false},"author":5,"featured_media":9758,"comment_status":"open","ping_status":"open","sticky":false,"template":"","format":"standard","meta":{"_crdt_document":"","_uag_custom_page_level_css":"","_sitemap_exclude":false,"_sitemap_priority":"","_sitemap_frequency":"","_joinchat":[],"footnotes":""},"categories":[14],"tags":[],"class_list":["post-9757","post","type-post","status-publish","format-standard","has-post-thumbnail","hentry","category-nacional"],"featured_image_urls":{"full":["https:\/\/www.koncevisiontv.cl\/web\/wp-content\/uploads\/2025\/07\/poder-judicial-suspende-a-jueza-irene-rodriguez-quien-dejo-en-libertad-a-sicario-alberto-mejia.webp",1200,633,false],"thumbnail":["https:\/\/www.koncevisiontv.cl\/web\/wp-content\/uploads\/2025\/07\/poder-judicial-suspende-a-jueza-irene-rodriguez-quien-dejo-en-libertad-a-sicario-alberto-mejia-150x150.webp",150,150,true],"medium":["https:\/\/www.koncevisiontv.cl\/web\/wp-content\/uploads\/2025\/07\/poder-judicial-suspende-a-jueza-irene-rodriguez-quien-dejo-en-libertad-a-sicario-alberto-mejia-300x158.webp",300,158,true],"medium_large":["https:\/\/www.koncevisiontv.cl\/web\/wp-content\/uploads\/2025\/07\/poder-judicial-suspende-a-jueza-irene-rodriguez-quien-dejo-en-libertad-a-sicario-alberto-mejia-768x405.webp",640,338,true],"large":["https:\/\/www.koncevisiontv.cl\/web\/wp-content\/uploads\/2025\/07\/poder-judicial-suspende-a-jueza-irene-rodriguez-quien-dejo-en-libertad-a-sicario-alberto-mejia-1024x540.webp",640,338,true],"1536x1536":["https:\/\/www.koncevisiontv.cl\/web\/wp-content\/uploads\/2025\/07\/poder-judicial-suspende-a-jueza-irene-rodriguez-quien-dejo-en-libertad-a-sicario-alberto-mejia.webp",1200,633,false],"2048x2048":["https:\/\/www.koncevisiontv.cl\/web\/wp-content\/uploads\/2025\/07\/poder-judicial-suspende-a-jueza-irene-rodriguez-quien-dejo-en-libertad-a-sicario-alberto-mejia.webp",1200,633,false],"darknews-featured":["https:\/\/www.koncevisiontv.cl\/web\/wp-content\/uploads\/2025\/07\/poder-judicial-suspende-a-jueza-irene-rodriguez-quien-dejo-en-libertad-a-sicario-alberto-mejia-1024x540.webp",1024,540,true],"darknews-large":["https:\/\/www.koncevisiontv.cl\/web\/wp-content\/uploads\/2025\/07\/poder-judicial-suspende-a-jueza-irene-rodriguez-quien-dejo-en-libertad-a-sicario-alberto-mejia-825x575.webp",825,575,true],"darknews-medium":["https:\/\/www.koncevisiontv.cl\/web\/wp-content\/uploads\/2025\/07\/poder-judicial-suspende-a-jueza-irene-rodriguez-quien-dejo-en-libertad-a-sicario-alberto-mejia-590x410.webp",590,410,true]},"author_info":{"info":["Web-Master"]},"category_info":"<a href=\"https:\/\/www.koncevisiontv.cl\/web\/category\/nacional\/\" rel=\"category tag\">Nacional<\/a>","tag_info":"Nacional","comment_count":"0","uagb_featured_image_src":{"full":["https:\/\/www.koncevisiontv.cl\/web\/wp-content\/uploads\/2025\/07\/poder-judicial-suspende-a-jueza-irene-rodriguez-quien-dejo-en-libertad-a-sicario-alberto-mejia.webp",1200,633,false],"thumbnail":["https:\/\/www.koncevisiontv.cl\/web\/wp-content\/uploads\/2025\/07\/poder-judicial-suspende-a-jueza-irene-rodriguez-quien-dejo-en-libertad-a-sicario-alberto-mejia-150x150.webp",150,150,true],"medium":["https:\/\/www.koncevisiontv.cl\/web\/wp-content\/uploads\/2025\/07\/poder-judicial-suspende-a-jueza-irene-rodriguez-quien-dejo-en-libertad-a-sicario-alberto-mejia-300x158.webp",300,158,true],"medium_large":["https:\/\/www.koncevisiontv.cl\/web\/wp-content\/uploads\/2025\/07\/poder-judicial-suspende-a-jueza-irene-rodriguez-quien-dejo-en-libertad-a-sicario-alberto-mejia-768x405.webp",640,338,true],"large":["https:\/\/www.koncevisiontv.cl\/web\/wp-content\/uploads\/2025\/07\/poder-judicial-suspende-a-jueza-irene-rodriguez-quien-dejo-en-libertad-a-sicario-alberto-mejia-1024x540.webp",640,338,true],"1536x1536":["https:\/\/www.koncevisiontv.cl\/web\/wp-content\/uploads\/2025\/07\/poder-judicial-suspende-a-jueza-irene-rodriguez-quien-dejo-en-libertad-a-sicario-alberto-mejia.webp",1200,633,false],"2048x2048":["https:\/\/www.koncevisiontv.cl\/web\/wp-content\/uploads\/2025\/07\/poder-judicial-suspende-a-jueza-irene-rodriguez-quien-dejo-en-libertad-a-sicario-alberto-mejia.webp",1200,633,false],"darknews-featured":["https:\/\/www.koncevisiontv.cl\/web\/wp-content\/uploads\/2025\/07\/poder-judicial-suspende-a-jueza-irene-rodriguez-quien-dejo-en-libertad-a-sicario-alberto-mejia-1024x540.webp",1024,540,true],"darknews-large":["https:\/\/www.koncevisiontv.cl\/web\/wp-content\/uploads\/2025\/07\/poder-judicial-suspende-a-jueza-irene-rodriguez-quien-dejo-en-libertad-a-sicario-alberto-mejia-825x575.webp",825,575,true],"darknews-medium":["https:\/\/www.koncevisiontv.cl\/web\/wp-content\/uploads\/2025\/07\/poder-judicial-suspende-a-jueza-irene-rodriguez-quien-dejo-en-libertad-a-sicario-alberto-mejia-590x410.webp",590,410,true]},"uagb_author_info":{"display_name":"Web-Master","author_link":"https:\/\/www.koncevisiontv.cl\/web\/author\/koncevision\/"},"uagb_comment_info":0,"uagb_excerpt":"Caso Sicario:.- En la primera gran consecuencia disciplinaria por la escandalosa liberaci\u00f3n del sicario Alberto Mej\u00eda, la fiscal","_links":{"self":[{"href":"https:\/\/www.koncevisiontv.cl\/web\/wp-json\/wp\/v2\/posts\/9757","targetHints":{"allow":["GET"]}}],"collection":[{"href":"https:\/\/www.koncevisiontv.cl\/web\/wp-json\/wp\/v2\/posts"}],"about":[{"href":"https:\/\/www.koncevisiontv.cl\/web\/wp-json\/wp\/v2\/types\/post"}],"author":[{"embeddable":true,"href":"https:\/\/www.koncevisiontv.cl\/web\/wp-json\/wp\/v2\/users\/5"}],"replies":[{"embeddable":true,"href":"https:\/\/www.koncevisiontv.cl\/web\/wp-json\/wp\/v2\/comments?post=9757"}],"version-history":[{"count":1,"href":"https:\/\/www.koncevisiontv.cl\/web\/wp-json\/wp\/v2\/posts\/9757\/revisions"}],"predecessor-version":[{"id":9759,"href":"https:\/\/www.koncevisiontv.cl\/web\/wp-json\/wp\/v2\/posts\/9757\/revisions\/9759"}],"wp:featuredmedia":[{"embeddable":true,"href":"https:\/\/www.koncevisiontv.cl\/web\/wp-json\/wp\/v2\/media\/9758"}],"wp:attachment":[{"href":"https:\/\/www.koncevisiontv.cl\/web\/wp-json\/wp\/v2\/media?parent=9757"}],"wp:term":[{"taxonomy":"category","embeddable":true,"href":"https:\/\/www.koncevisiontv.cl\/web\/wp-json\/wp\/v2\/categories?post=9757"},{"taxonomy":"post_tag","embeddable":true,"href":"https:\/\/www.koncevisiontv.cl\/web\/wp-json\/wp\/v2\/tags?post=9757"}],"curies":[{"name":"wp","href":"https:\/\/api.w.org\/{rel}","templated":true}]}}