{"id":9760,"date":"2025-07-26T17:23:22","date_gmt":"2025-07-26T21:23:22","guid":{"rendered":"https:\/\/www.koncevisiontv.cl\/web\/?p=9760"},"modified":"2025-07-26T17:23:27","modified_gmt":"2025-07-26T21:23:27","slug":"transporte-publico-en-concepcion-exigiran-contratos-fijos-a-conductores","status":"publish","type":"post","link":"https:\/\/www.koncevisiontv.cl\/web\/transporte-publico-en-concepcion-exigiran-contratos-fijos-a-conductores\/","title":{"rendered":"El fin del &#8220;pago por boleto&#8221;: Ministerio de Transportes exigir\u00e1 contratos y sueldo fijo a conductores del Gran Concepci\u00f3n"},"content":{"rendered":"\n<p class=\"wp-block-paragraph\"><strong>Transporte P\u00fablico en Concepci\u00f3n:<\/strong> Una de las transformaciones m\u00e1s significativas en la historia del transporte p\u00fablico del Gran Concepci\u00f3n est\u00e1 por concretarse. El <strong>Ministerio de Transportes y Telecomunicaciones<\/strong> ha confirmado que, una vez que el nuevo sistema de pago electr\u00f3nico entre en plena vigencia, ser\u00e1 <strong>obligatorio que todos los conductores de la locomoci\u00f3n colectiva cuenten con contratos de trabajo y un sueldo fijo.<\/strong><\/p>\n\n\n\n<p class=\"wp-block-paragraph\">Esta medida, incluida en las bases de licitaci\u00f3n del futuro Administrador Financiero del sistema, busca terminar con el hist\u00f3rico y precario modelo de pago por porcentaje de boletos cortados, profesionalizando el oficio y mejorando la seguridad del servicio.<\/p>\n\n\n\n<h3 class=\"wp-block-heading\">Pago electr\u00f3nico: El catalizador del cambio laboral<\/h3>\n\n\n\n<p class=\"wp-block-paragraph\">El nuevo sistema de pago electr\u00f3nico es la pieza clave que permitir\u00e1 esta modernizaci\u00f3n laboral. Al eliminar el manejo de dinero en efectivo a bordo de los buses, la recaudaci\u00f3n total de los pasajes ser\u00e1 gestionada por un ente administrador, que luego pagar\u00e1 a cada l\u00ednea de buses seg\u00fan los pasajeros transportados.<\/p>\n\n\n\n<p class=\"wp-block-paragraph\">Esto cambia radicalmente el rol del conductor. El seremi de Transportes, <strong>Patricio Fierro<\/strong>, adelant\u00f3 c\u00f3mo funcionar\u00e1 esta nueva din\u00e1mica: <strong>\u201cLos conductores solo van a ejercer labores de conducci\u00f3n, no van a ejercer labores de cobro, cosa que los distrae del trabajo principal\u201d<\/strong>. Esta modificaci\u00f3n no solo dignifica la labor del chofer, sino que tambi\u00e9n apunta a reducir los riesgos de accidentes al permitir que toda su atenci\u00f3n est\u00e9 puesta en la ruta.<\/p>\n\n\n\n<h3 class=\"wp-block-heading\">Gremio valora &#8220;hito importante&#8221; y espera mejorar satisfacci\u00f3n<\/h3>\n\n\n\n<p class=\"wp-block-paragraph\">La noticia ha sido recibida positivamente por los representantes de los operadores. <strong>Arturo Giusti<\/strong>, presidente de la Federaci\u00f3n del Transporte de Pasajeros de Concepci\u00f3n, calific\u00f3 el cambio como un &#8220;hito importante&#8221; y reconoci\u00f3 las falencias del modelo actual.<\/p>\n\n\n\n<p class=\"wp-block-paragraph\">&#8220;Aqu\u00ed <strong>cambia radicalmente el sistema de pago<\/strong>, se sabe que hoy los conductores tienen un porcentaje de lo recaudado a diario a bordo del bus, y con este proceso cambia su remuneraci\u00f3n&#8221;, explic\u00f3 Giusti.<\/p>\n\n\n\n<p class=\"wp-block-paragraph\">El dirigente gremial fue sincero al admitir la insatisfacci\u00f3n que genera el sistema vigente entre los trabajadores. &#8220;Uno sabe que <strong>no est\u00e1n conformes<\/strong>, pero esperamos que con estos cambios se logre cambiar ese escenario&#8221;, concluy\u00f3, manifestando su esperanza de que la nueva modalidad, con un sueldo fijo y estable, mejore la calidad de vida y la satisfacci\u00f3n de los conductores.<\/p>\n\n\n\n<p class=\"wp-block-paragraph\">Este paso representa una modernizaci\u00f3n profunda del sistema, buscando alinear las condiciones laborales de los conductores del Gran Concepci\u00f3n con los est\u00e1ndares de otras grandes ciudades del pa\u00eds.<\/p>\n\n\n\n<p class=\"wp-block-paragraph\"><\/p>\n","protected":false},"excerpt":{"rendered":"<p>Transporte P\u00fablico en Concepci\u00f3n: Una de las transformaciones m\u00e1s significativas en la historia del transporte p\u00fablico del Gran<\/p>\n","protected":false},"author":5,"featured_media":9761,"comment_status":"open","ping_status":"open","sticky":false,"template":"","format":"standard","meta":{"_crdt_document":"","_uag_custom_page_level_css":"","_sitemap_exclude":false,"_sitemap_priority":"","_sitemap_frequency":"","_joinchat":[],"footnotes":""},"categories":[14],"tags":[],"class_list":["post-9760","post","type-post","status-publish","format-standard","has-post-thumbnail","hentry","category-nacional"],"featured_image_urls":{"full":["https:\/\/www.koncevisiontv.cl\/web\/wp-content\/uploads\/2025\/07\/micros-conce-11753481549-960x540-1.jpg",960,540,false],"thumbnail":["https:\/\/www.koncevisiontv.cl\/web\/wp-content\/uploads\/2025\/07\/micros-conce-11753481549-960x540-1-150x150.jpg",150,150,true],"medium":["https:\/\/www.koncevisiontv.cl\/web\/wp-content\/uploads\/2025\/07\/micros-conce-11753481549-960x540-1-300x169.jpg",300,169,true],"medium_large":["https:\/\/www.koncevisiontv.cl\/web\/wp-content\/uploads\/2025\/07\/micros-conce-11753481549-960x540-1-768x432.jpg",640,360,true],"large":["https:\/\/www.koncevisiontv.cl\/web\/wp-content\/uploads\/2025\/07\/micros-conce-11753481549-960x540-1.jpg",640,360,false],"1536x1536":["https:\/\/www.koncevisiontv.cl\/web\/wp-content\/uploads\/2025\/07\/micros-conce-11753481549-960x540-1.jpg",960,540,false],"2048x2048":["https:\/\/www.koncevisiontv.cl\/web\/wp-content\/uploads\/2025\/07\/micros-conce-11753481549-960x540-1.jpg",960,540,false],"darknews-featured":["https:\/\/www.koncevisiontv.cl\/web\/wp-content\/uploads\/2025\/07\/micros-conce-11753481549-960x540-1.jpg",960,540,false],"darknews-large":["https:\/\/www.koncevisiontv.cl\/web\/wp-content\/uploads\/2025\/07\/micros-conce-11753481549-960x540-1-825x540.jpg",825,540,true],"darknews-medium":["https:\/\/www.koncevisiontv.cl\/web\/wp-content\/uploads\/2025\/07\/micros-conce-11753481549-960x540-1-590x410.jpg",590,410,true]},"author_info":{"info":["Web-Master"]},"category_info":"<a href=\"https:\/\/www.koncevisiontv.cl\/web\/category\/nacional\/\" rel=\"category tag\">Nacional<\/a>","tag_info":"Nacional","comment_count":"0","uagb_featured_image_src":{"full":["https:\/\/www.koncevisiontv.cl\/web\/wp-content\/uploads\/2025\/07\/micros-conce-11753481549-960x540-1.jpg",960,540,false],"thumbnail":["https:\/\/www.koncevisiontv.cl\/web\/wp-content\/uploads\/2025\/07\/micros-conce-11753481549-960x540-1-150x150.jpg",150,150,true],"medium":["https:\/\/www.koncevisiontv.cl\/web\/wp-content\/uploads\/2025\/07\/micros-conce-11753481549-960x540-1-300x169.jpg",300,169,true],"medium_large":["https:\/\/www.koncevisiontv.cl\/web\/wp-content\/uploads\/2025\/07\/micros-conce-11753481549-960x540-1-768x432.jpg",640,360,true],"large":["https:\/\/www.koncevisiontv.cl\/web\/wp-content\/uploads\/2025\/07\/micros-conce-11753481549-960x540-1.jpg",640,360,false],"1536x1536":["https:\/\/www.koncevisiontv.cl\/web\/wp-content\/uploads\/2025\/07\/micros-conce-11753481549-960x540-1.jpg",960,540,false],"2048x2048":["https:\/\/www.koncevisiontv.cl\/web\/wp-content\/uploads\/2025\/07\/micros-conce-11753481549-960x540-1.jpg",960,540,false],"darknews-featured":["https:\/\/www.koncevisiontv.cl\/web\/wp-content\/uploads\/2025\/07\/micros-conce-11753481549-960x540-1.jpg",960,540,false],"darknews-large":["https:\/\/www.koncevisiontv.cl\/web\/wp-content\/uploads\/2025\/07\/micros-conce-11753481549-960x540-1-825x540.jpg",825,540,true],"darknews-medium":["https:\/\/www.koncevisiontv.cl\/web\/wp-content\/uploads\/2025\/07\/micros-conce-11753481549-960x540-1-590x410.jpg",590,410,true]},"uagb_author_info":{"display_name":"Web-Master","author_link":"https:\/\/www.koncevisiontv.cl\/web\/author\/koncevision\/"},"uagb_comment_info":0,"uagb_excerpt":"Transporte P\u00fablico en Concepci\u00f3n: Una de las transformaciones m\u00e1s significativas en la historia del transporte p\u00fablico del Gran","_links":{"self":[{"href":"https:\/\/www.koncevisiontv.cl\/web\/wp-json\/wp\/v2\/posts\/9760","targetHints":{"allow":["GET"]}}],"collection":[{"href":"https:\/\/www.koncevisiontv.cl\/web\/wp-json\/wp\/v2\/posts"}],"about":[{"href":"https:\/\/www.koncevisiontv.cl\/web\/wp-json\/wp\/v2\/types\/post"}],"author":[{"embeddable":true,"href":"https:\/\/www.koncevisiontv.cl\/web\/wp-json\/wp\/v2\/users\/5"}],"replies":[{"embeddable":true,"href":"https:\/\/www.koncevisiontv.cl\/web\/wp-json\/wp\/v2\/comments?post=9760"}],"version-history":[{"count":1,"href":"https:\/\/www.koncevisiontv.cl\/web\/wp-json\/wp\/v2\/posts\/9760\/revisions"}],"predecessor-version":[{"id":9762,"href":"https:\/\/www.koncevisiontv.cl\/web\/wp-json\/wp\/v2\/posts\/9760\/revisions\/9762"}],"wp:featuredmedia":[{"embeddable":true,"href":"https:\/\/www.koncevisiontv.cl\/web\/wp-json\/wp\/v2\/media\/9761"}],"wp:attachment":[{"href":"https:\/\/www.koncevisiontv.cl\/web\/wp-json\/wp\/v2\/media?parent=9760"}],"wp:term":[{"taxonomy":"category","embeddable":true,"href":"https:\/\/www.koncevisiontv.cl\/web\/wp-json\/wp\/v2\/categories?post=9760"},{"taxonomy":"post_tag","embeddable":true,"href":"https:\/\/www.koncevisiontv.cl\/web\/wp-json\/wp\/v2\/tags?post=9760"}],"curies":[{"name":"wp","href":"https:\/\/api.w.org\/{rel}","templated":true}]}}