{"id":9763,"date":"2025-07-26T19:03:17","date_gmt":"2025-07-26T23:03:17","guid":{"rendered":"https:\/\/www.koncevisiontv.cl\/web\/?p=9763"},"modified":"2025-07-26T19:03:44","modified_gmt":"2025-07-26T23:03:44","slug":"balacera-en-concepcion-un-joven-herido-a-bala-afuera-del-mall-del-centro","status":"publish","type":"post","link":"https:\/\/www.koncevisiontv.cl\/web\/balacera-en-concepcion-un-joven-herido-a-bala-afuera-del-mall-del-centro\/","title":{"rendered":"Balean a joven a las afueras del Mall del Centro en Concepci\u00f3n: Venta de celular habr\u00eda desatado el ataque"},"content":{"rendered":"\n<p class=\"wp-block-paragraph\"><strong>Balacera en Concepci\u00f3n .-<\/strong> Un grave hecho de violencia se registr\u00f3 durante la tarde de este s\u00e1bado en pleno centro de Concepci\u00f3n, luego de que un joven resultara herido a bala a las afueras del <strong>Mall del Centro<\/strong>. El incidente ocurri\u00f3 en la concurrida salida del centro comercial que da hacia la Avenida O&#8217;Higgins, generando conmoci\u00f3n entre los transe\u00fantes.<\/p>\n\n\n\n<figure class=\"wp-block-video\"><video height=\"850\" style=\"aspect-ratio: 478 \/ 850;\" width=\"478\" controls src=\"https:\/\/www.koncevisiontv.cl\/web\/wp-content\/uploads\/2025\/07\/lalal.mp4\"><\/video><\/figure>\n\n\n\n<p class=\"wp-block-paragraph\">Un amplio operativo de emergencia, que incluye personal de SAMU y <strong>Carabineros de Chile<\/strong>, se ha desplegado en el lugar para atender a la v\u00edctima e iniciar la investigaci\u00f3n para dar con los responsables.<\/p>\n\n\n\n<h3 class=\"wp-block-heading\">La v\u00edctima: Un joven consciente asistido por seguridad del mall<\/h3>\n\n\n\n<p class=\"wp-block-paragraph\">Seg\u00fan relatos de testigos que presenciaron el hecho, la v\u00edctima es un joven de sexo masculino que, tras recibir al menos un impacto bal\u00edstico, qued\u00f3 tendido en la v\u00eda p\u00fablica. Afortunadamente, se encontraba consciente tras el ataque.<\/p>\n\n\n\n<figure class=\"wp-block-video\"><video height=\"848\" style=\"aspect-ratio: 480 \/ 848;\" width=\"480\" controls src=\"https:\/\/www.koncevisiontv.cl\/web\/wp-content\/uploads\/2025\/07\/Reportan-una-persona-herida-a-bala-a-las-afueras-del-mall-en-el-centro-de-Concepcion-7-1.mp4\"><\/video><\/figure>\n\n\n\n<p class=\"wp-block-paragraph\">La primera asistencia fue proporcionada por personal de seguridad del propio centro comercial, quienes acudieron en su ayuda mientras llegaba la ambulancia del Servicio de Atenci\u00f3n M\u00e9dico de Urgencia (SAMU) para estabilizarlo y coordinar su traslado a un centro asistencial.<\/p>\n\n\n\n<h3 class=\"wp-block-heading\">Venta de un tel\u00e9fono: La hip\u00f3tesis del ataque<\/h3>\n\n\n\n<p class=\"wp-block-paragraph\">La informaci\u00f3n preliminar recopilada en el lugar apunta a que el violento ataque se habr\u00eda originado por una transacci\u00f3n de un tel\u00e9fono celular que termin\u00f3 de la peor manera. Al parecer, en esa instancia, el joven recibi\u00f3 al menos un disparo por parte de sujetos que posteriormente se dieron a la fuga.<\/p>\n\n\n\n<p class=\"wp-block-paragraph\">Personal de <strong>Carabineros<\/strong> ya se encuentra en el sitio del suceso, realizando el empadronamiento de testigos y revisando c\u00e1maras de seguridad para poder esclarecer la din\u00e1mica exacta de los hechos. La <strong>Fiscal\u00eda del Biob\u00edo<\/strong> fue notificada para instruir las diligencias investigativas correspondientes y dar con el paradero de los autores del disparo.<\/p>\n\n\n\n<figure class=\"wp-block-video\"><video height=\"378\" style=\"aspect-ratio: 214 \/ 378;\" width=\"214\" controls src=\"https:\/\/www.koncevisiontv.cl\/web\/wp-content\/uploads\/2025\/07\/Reportan-una-persona-herida-a-bala-a-las-afueras-del-mall-en-el-centro-de-Concepcion-13-1.mp4\"><\/video><\/figure>\n\n\n\n<p class=\"wp-block-paragraph\">Se recomienda a la poblaci\u00f3n evitar transitar por las inmediaciones del mall para facilitar el trabajo de los equipos de emergencia.<\/p>\n","protected":false},"excerpt":{"rendered":"<p>Balacera en Concepci\u00f3n .- Un grave hecho de violencia se registr\u00f3 durante la tarde de este s\u00e1bado en<\/p>\n","protected":false},"author":5,"featured_media":9764,"comment_status":"open","ping_status":"open","sticky":false,"template":"","format":"standard","meta":{"_crdt_document":"","_uag_custom_page_level_css":"","_sitemap_exclude":false,"_sitemap_priority":"","_sitemap_frequency":"","_joinchat":[],"footnotes":""},"categories":[14],"tags":[],"class_list":["post-9763","post","type-post","status-publish","format-standard","has-post-thumbnail","hentry","category-nacional"],"featured_image_urls":{"full":["https:\/\/www.koncevisiontv.cl\/web\/wp-content\/uploads\/2025\/07\/herido-a-bala-en-concepcion-750x400-1.png",750,400,false],"thumbnail":["https:\/\/www.koncevisiontv.cl\/web\/wp-content\/uploads\/2025\/07\/herido-a-bala-en-concepcion-750x400-1-150x150.png",150,150,true],"medium":["https:\/\/www.koncevisiontv.cl\/web\/wp-content\/uploads\/2025\/07\/herido-a-bala-en-concepcion-750x400-1-300x160.png",300,160,true],"medium_large":["https:\/\/www.koncevisiontv.cl\/web\/wp-content\/uploads\/2025\/07\/herido-a-bala-en-concepcion-750x400-1.png",640,341,false],"large":["https:\/\/www.koncevisiontv.cl\/web\/wp-content\/uploads\/2025\/07\/herido-a-bala-en-concepcion-750x400-1.png",640,341,false],"1536x1536":["https:\/\/www.koncevisiontv.cl\/web\/wp-content\/uploads\/2025\/07\/herido-a-bala-en-concepcion-750x400-1.png",750,400,false],"2048x2048":["https:\/\/www.koncevisiontv.cl\/web\/wp-content\/uploads\/2025\/07\/herido-a-bala-en-concepcion-750x400-1.png",750,400,false],"darknews-featured":["https:\/\/www.koncevisiontv.cl\/web\/wp-content\/uploads\/2025\/07\/herido-a-bala-en-concepcion-750x400-1.png",750,400,false],"darknews-large":["https:\/\/www.koncevisiontv.cl\/web\/wp-content\/uploads\/2025\/07\/herido-a-bala-en-concepcion-750x400-1.png",750,400,false],"darknews-medium":["https:\/\/www.koncevisiontv.cl\/web\/wp-content\/uploads\/2025\/07\/herido-a-bala-en-concepcion-750x400-1-590x400.png",590,400,true]},"author_info":{"info":["Web-Master"]},"category_info":"<a href=\"https:\/\/www.koncevisiontv.cl\/web\/category\/nacional\/\" rel=\"category tag\">Nacional<\/a>","tag_info":"Nacional","comment_count":"1","uagb_featured_image_src":{"full":["https:\/\/www.koncevisiontv.cl\/web\/wp-content\/uploads\/2025\/07\/herido-a-bala-en-concepcion-750x400-1.png",750,400,false],"thumbnail":["https:\/\/www.koncevisiontv.cl\/web\/wp-content\/uploads\/2025\/07\/herido-a-bala-en-concepcion-750x400-1-150x150.png",150,150,true],"medium":["https:\/\/www.koncevisiontv.cl\/web\/wp-content\/uploads\/2025\/07\/herido-a-bala-en-concepcion-750x400-1-300x160.png",300,160,true],"medium_large":["https:\/\/www.koncevisiontv.cl\/web\/wp-content\/uploads\/2025\/07\/herido-a-bala-en-concepcion-750x400-1.png",640,341,false],"large":["https:\/\/www.koncevisiontv.cl\/web\/wp-content\/uploads\/2025\/07\/herido-a-bala-en-concepcion-750x400-1.png",640,341,false],"1536x1536":["https:\/\/www.koncevisiontv.cl\/web\/wp-content\/uploads\/2025\/07\/herido-a-bala-en-concepcion-750x400-1.png",750,400,false],"2048x2048":["https:\/\/www.koncevisiontv.cl\/web\/wp-content\/uploads\/2025\/07\/herido-a-bala-en-concepcion-750x400-1.png",750,400,false],"darknews-featured":["https:\/\/www.koncevisiontv.cl\/web\/wp-content\/uploads\/2025\/07\/herido-a-bala-en-concepcion-750x400-1.png",750,400,false],"darknews-large":["https:\/\/www.koncevisiontv.cl\/web\/wp-content\/uploads\/2025\/07\/herido-a-bala-en-concepcion-750x400-1.png",750,400,false],"darknews-medium":["https:\/\/www.koncevisiontv.cl\/web\/wp-content\/uploads\/2025\/07\/herido-a-bala-en-concepcion-750x400-1-590x400.png",590,400,true]},"uagb_author_info":{"display_name":"Web-Master","author_link":"https:\/\/www.koncevisiontv.cl\/web\/author\/koncevision\/"},"uagb_comment_info":1,"uagb_excerpt":"Balacera en Concepci\u00f3n .- Un grave hecho de violencia se registr\u00f3 durante la tarde de este s\u00e1bado en","_links":{"self":[{"href":"https:\/\/www.koncevisiontv.cl\/web\/wp-json\/wp\/v2\/posts\/9763","targetHints":{"allow":["GET"]}}],"collection":[{"href":"https:\/\/www.koncevisiontv.cl\/web\/wp-json\/wp\/v2\/posts"}],"about":[{"href":"https:\/\/www.koncevisiontv.cl\/web\/wp-json\/wp\/v2\/types\/post"}],"author":[{"embeddable":true,"href":"https:\/\/www.koncevisiontv.cl\/web\/wp-json\/wp\/v2\/users\/5"}],"replies":[{"embeddable":true,"href":"https:\/\/www.koncevisiontv.cl\/web\/wp-json\/wp\/v2\/comments?post=9763"}],"version-history":[{"count":2,"href":"https:\/\/www.koncevisiontv.cl\/web\/wp-json\/wp\/v2\/posts\/9763\/revisions"}],"predecessor-version":[{"id":9772,"href":"https:\/\/www.koncevisiontv.cl\/web\/wp-json\/wp\/v2\/posts\/9763\/revisions\/9772"}],"wp:featuredmedia":[{"embeddable":true,"href":"https:\/\/www.koncevisiontv.cl\/web\/wp-json\/wp\/v2\/media\/9764"}],"wp:attachment":[{"href":"https:\/\/www.koncevisiontv.cl\/web\/wp-json\/wp\/v2\/media?parent=9763"}],"wp:term":[{"taxonomy":"category","embeddable":true,"href":"https:\/\/www.koncevisiontv.cl\/web\/wp-json\/wp\/v2\/categories?post=9763"},{"taxonomy":"post_tag","embeddable":true,"href":"https:\/\/www.koncevisiontv.cl\/web\/wp-json\/wp\/v2\/tags?post=9763"}],"curies":[{"name":"wp","href":"https:\/\/api.w.org\/{rel}","templated":true}]}}