{"id":9773,"date":"2025-07-28T10:59:10","date_gmt":"2025-07-28T14:59:10","guid":{"rendered":"https:\/\/www.koncevisiontv.cl\/web\/?p=9773"},"modified":"2025-07-28T10:59:16","modified_gmt":"2025-07-28T14:59:16","slug":"sicariato-en-concepcion-asi-operaba-banda-asesinos-sueldo","status":"publish","type":"post","link":"https:\/\/www.koncevisiontv.cl\/web\/sicariato-en-concepcion-asi-operaba-banda-asesinos-sueldo\/","title":{"rendered":"Revelan c\u00f3mo operaba red de sicariato en Concepci\u00f3n: Chilenos ordenaban cr\u00edmenes y ecuatorianos los ejecutaban"},"content":{"rendered":"\n<p class=\"wp-block-paragraph\"><strong>Sicariato en Concepci\u00f3n:<\/strong> Tras una marat\u00f3nica audiencia de formalizaci\u00f3n, la justicia decret\u00f3 la prisi\u00f3n preventiva para los cinco miembros de la peligrosa red de asesinatos por encargo desbaratada la semana pasada en el Gran Concepci\u00f3n. En la instancia, la Fiscal\u00eda revel\u00f3 la escalofriante estructura del grupo: ciudadanos chilenos actuaban como autores intelectuales, mientras que los extranjeros ejecutaban los cr\u00edmenes.<\/p>\n\n\n\n<h2 class=\"wp-block-heading\">Prisi\u00f3n preventiva para los cinco imputados<\/h2>\n\n\n\n<p class=\"wp-block-paragraph\">En una audiencia que se extendi\u00f3 por m\u00e1s de cuatro horas en el Juzgado de Garant\u00eda de Concepci\u00f3n, el Ministerio P\u00fablico formaliz\u00f3 a los cuatro individuos detenidos el pasado jueves, sumando a un quinto integrante de nacionalidad chilena que ya se encontraba privado de libertad por otra causa.<\/p>\n\n\n\n<p class=\"wp-block-paragraph\">El fiscal Mario Elgueta inform\u00f3 que, tras exponer los antecedentes recopilados, el tribunal acogi\u00f3 la solicitud de la Fiscal\u00eda y decret\u00f3 la medida cautelar de prisi\u00f3n preventiva para todos los imputados, por considerar que su libertad constituye un peligro para la seguridad de la sociedad. Los cargos presentados incluyen homicidio, tr\u00e1fico de drogas y porte ilegal de armas de fuego.<\/p>\n\n\n\n<h2 class=\"wp-block-heading\">Sicariato en Concepci\u00f3n: Chilenos ordenaban y ecuatorianos ejecutaban<\/h2>\n\n\n\n<p class=\"wp-block-paragraph\">Uno de los detalles m\u00e1s impactantes revelados durante la audiencia fue el modus operandi de la organizaci\u00f3n criminal. Seg\u00fan expuso el fiscal Elgueta, la banda ten\u00eda roles claramente definidos basados en la nacionalidad de sus miembros.<\/p>\n\n\n\n<p class=\"wp-block-paragraph\">&#8220;Los chilenos ser\u00edan quienes encargaban los asesinatos y los ecuatorianos quienes los ejecutaban&#8221;, desliz\u00f3 el persecutor. Esta estructura confirma la presencia del sicariato como un fen\u00f3meno criminal instalado en la zona, donde se &#8220;contratan&#8221; servicios para eliminar a rivales. La investigaci\u00f3n del <strong><a target=\"_blank\" rel=\"noreferrer noopener\" href=\"https:\/\/www.fiscaliadechile.cl\/\">Ministerio P\u00fablico<\/a><\/strong> sigue en curso para determinar el alcance total de la red.<\/p>\n\n\n\n<h2 class=\"wp-block-heading\">Los cr\u00edmenes que remecieron a la ciudad<\/h2>\n\n\n\n<p class=\"wp-block-paragraph\">A esta asociaci\u00f3n criminal se le atribuye una serie de hechos de sangre que han conmocionado a la comunidad penquista. Entre ellos se cuenta el homicidio perpetrado el 1 de junio en las afueras de un local nocturno del centro de Concepci\u00f3n, adem\u00e1s de dos homicidios en grado de frustrado, ocurridos el 18 y 19 de julio en el sector de Palomares.<\/p>\n\n\n\n<p class=\"wp-block-paragraph\">El operativo del <strong><a target=\"_blank\" rel=\"noreferrer noopener\" href=\"https:\/\/www.pjud.cl\/\">Poder Judicial<\/a><\/strong> y la PDI, que permiti\u00f3 desarticular a esta banda, incluy\u00f3 allanamientos en Concepci\u00f3n y en la comuna de San Miguel, en Santiago, logrando la incautaci\u00f3n de armas de fuego y drogas.<\/p>\n\n\n\n<hr class=\"wp-block-separator has-alpha-channel-opacity\"\/>\n\n\n\n<p class=\"wp-block-paragraph\"><em>Nota: Este art\u00edculo describe un proceso judicial en curso. Existe la posibilidad de que los cargos sean desestimados al finalizar la investigaci\u00f3n, por lo cual NO se debe considerar a los imputados como culpables hasta que la Justicia dicte sentencia en su contra (Art\u00edculo 04 del C\u00f3digo Procesal Penal).<\/em><\/p>\n","protected":false},"excerpt":{"rendered":"<p>Sicariato en Concepci\u00f3n: Tras una marat\u00f3nica audiencia de formalizaci\u00f3n, la justicia decret\u00f3 la prisi\u00f3n preventiva para los cinco<\/p>\n","protected":false},"author":5,"featured_media":9774,"comment_status":"open","ping_status":"open","sticky":false,"template":"","format":"standard","meta":{"_crdt_document":"","_uag_custom_page_level_css":"","_sitemap_exclude":false,"_sitemap_priority":"","_sitemap_frequency":"","_joinchat":[],"footnotes":""},"categories":[14],"tags":[],"class_list":["post-9773","post","type-post","status-publish","format-standard","has-post-thumbnail","hentry","category-nacional"],"featured_image_urls":{"full":["https:\/\/www.koncevisiontv.cl\/web\/wp-content\/uploads\/2025\/07\/bala-750x400-1.png",750,400,false],"thumbnail":["https:\/\/www.koncevisiontv.cl\/web\/wp-content\/uploads\/2025\/07\/bala-750x400-1-150x150.png",150,150,true],"medium":["https:\/\/www.koncevisiontv.cl\/web\/wp-content\/uploads\/2025\/07\/bala-750x400-1-300x160.png",300,160,true],"medium_large":["https:\/\/www.koncevisiontv.cl\/web\/wp-content\/uploads\/2025\/07\/bala-750x400-1.png",640,341,false],"large":["https:\/\/www.koncevisiontv.cl\/web\/wp-content\/uploads\/2025\/07\/bala-750x400-1.png",640,341,false],"1536x1536":["https:\/\/www.koncevisiontv.cl\/web\/wp-content\/uploads\/2025\/07\/bala-750x400-1.png",750,400,false],"2048x2048":["https:\/\/www.koncevisiontv.cl\/web\/wp-content\/uploads\/2025\/07\/bala-750x400-1.png",750,400,false],"darknews-featured":["https:\/\/www.koncevisiontv.cl\/web\/wp-content\/uploads\/2025\/07\/bala-750x400-1.png",750,400,false],"darknews-large":["https:\/\/www.koncevisiontv.cl\/web\/wp-content\/uploads\/2025\/07\/bala-750x400-1.png",750,400,false],"darknews-medium":["https:\/\/www.koncevisiontv.cl\/web\/wp-content\/uploads\/2025\/07\/bala-750x400-1-590x400.png",590,400,true]},"author_info":{"info":["Web-Master"]},"category_info":"<a href=\"https:\/\/www.koncevisiontv.cl\/web\/category\/nacional\/\" rel=\"category tag\">Nacional<\/a>","tag_info":"Nacional","comment_count":"0","uagb_featured_image_src":{"full":["https:\/\/www.koncevisiontv.cl\/web\/wp-content\/uploads\/2025\/07\/bala-750x400-1.png",750,400,false],"thumbnail":["https:\/\/www.koncevisiontv.cl\/web\/wp-content\/uploads\/2025\/07\/bala-750x400-1-150x150.png",150,150,true],"medium":["https:\/\/www.koncevisiontv.cl\/web\/wp-content\/uploads\/2025\/07\/bala-750x400-1-300x160.png",300,160,true],"medium_large":["https:\/\/www.koncevisiontv.cl\/web\/wp-content\/uploads\/2025\/07\/bala-750x400-1.png",640,341,false],"large":["https:\/\/www.koncevisiontv.cl\/web\/wp-content\/uploads\/2025\/07\/bala-750x400-1.png",640,341,false],"1536x1536":["https:\/\/www.koncevisiontv.cl\/web\/wp-content\/uploads\/2025\/07\/bala-750x400-1.png",750,400,false],"2048x2048":["https:\/\/www.koncevisiontv.cl\/web\/wp-content\/uploads\/2025\/07\/bala-750x400-1.png",750,400,false],"darknews-featured":["https:\/\/www.koncevisiontv.cl\/web\/wp-content\/uploads\/2025\/07\/bala-750x400-1.png",750,400,false],"darknews-large":["https:\/\/www.koncevisiontv.cl\/web\/wp-content\/uploads\/2025\/07\/bala-750x400-1.png",750,400,false],"darknews-medium":["https:\/\/www.koncevisiontv.cl\/web\/wp-content\/uploads\/2025\/07\/bala-750x400-1-590x400.png",590,400,true]},"uagb_author_info":{"display_name":"Web-Master","author_link":"https:\/\/www.koncevisiontv.cl\/web\/author\/koncevision\/"},"uagb_comment_info":0,"uagb_excerpt":"Sicariato en Concepci\u00f3n: Tras una marat\u00f3nica audiencia de formalizaci\u00f3n, la justicia decret\u00f3 la prisi\u00f3n preventiva para los cinco","_links":{"self":[{"href":"https:\/\/www.koncevisiontv.cl\/web\/wp-json\/wp\/v2\/posts\/9773","targetHints":{"allow":["GET"]}}],"collection":[{"href":"https:\/\/www.koncevisiontv.cl\/web\/wp-json\/wp\/v2\/posts"}],"about":[{"href":"https:\/\/www.koncevisiontv.cl\/web\/wp-json\/wp\/v2\/types\/post"}],"author":[{"embeddable":true,"href":"https:\/\/www.koncevisiontv.cl\/web\/wp-json\/wp\/v2\/users\/5"}],"replies":[{"embeddable":true,"href":"https:\/\/www.koncevisiontv.cl\/web\/wp-json\/wp\/v2\/comments?post=9773"}],"version-history":[{"count":1,"href":"https:\/\/www.koncevisiontv.cl\/web\/wp-json\/wp\/v2\/posts\/9773\/revisions"}],"predecessor-version":[{"id":9775,"href":"https:\/\/www.koncevisiontv.cl\/web\/wp-json\/wp\/v2\/posts\/9773\/revisions\/9775"}],"wp:featuredmedia":[{"embeddable":true,"href":"https:\/\/www.koncevisiontv.cl\/web\/wp-json\/wp\/v2\/media\/9774"}],"wp:attachment":[{"href":"https:\/\/www.koncevisiontv.cl\/web\/wp-json\/wp\/v2\/media?parent=9773"}],"wp:term":[{"taxonomy":"category","embeddable":true,"href":"https:\/\/www.koncevisiontv.cl\/web\/wp-json\/wp\/v2\/categories?post=9773"},{"taxonomy":"post_tag","embeddable":true,"href":"https:\/\/www.koncevisiontv.cl\/web\/wp-json\/wp\/v2\/tags?post=9773"}],"curies":[{"name":"wp","href":"https:\/\/api.w.org\/{rel}","templated":true}]}}