{"id":9776,"date":"2025-07-28T11:22:47","date_gmt":"2025-07-28T15:22:47","guid":{"rendered":"https:\/\/www.koncevisiontv.cl\/web\/?p=9776"},"modified":"2025-07-28T11:22:50","modified_gmt":"2025-07-28T15:22:50","slug":"metro-para-concepcion-promesa-johannes-kaiser-region","status":"publish","type":"post","link":"https:\/\/www.koncevisiontv.cl\/web\/metro-para-concepcion-promesa-johannes-kaiser-region\/","title":{"rendered":"Kaiser pone el Metro para Concepci\u00f3n como m\u00e1xima prioridad y lo antepone a la l\u00ednea del aeropuerto de Santiago"},"content":{"rendered":"\n<p class=\"wp-block-paragraph\"><strong>Metro para Concepci\u00f3n<\/strong> El candidato presidencial del Partido Nacional Libertario (PNL), Johannes Kaiser, traz\u00f3 un claro diagn\u00f3stico sobre las problem\u00e1ticas de la Regi\u00f3n del Biob\u00edo, posicionando la conectividad y la construcci\u00f3n de un Metro para el Gran Concepci\u00f3n como su principal prioridad en caso de llegar a La Moneda, asegurando incluso que este proyecto deber\u00eda tener preferencia por sobre la l\u00ednea al aeropuerto de la capital.<\/p>\n\n\n\n<h2 class=\"wp-block-heading\">Metro para Concepci\u00f3n: La propuesta estrella de Kaiser<\/h2>\n\n\n\n<p class=\"wp-block-paragraph\">Tras dos visitas a la regi\u00f3n, donde centr\u00f3 sus operaciones en Coronel y recorri\u00f3 la congestionada Ruta 160, Kaiser afirm\u00f3 que la soluci\u00f3n de fondo para el desarrollo de la zona pasa por un cambio radical en el transporte p\u00fablico.<\/p>\n\n\n\n<p class=\"wp-block-paragraph\">&#8220;Hemos visto la opci\u00f3n de iniciar un proceso de concesiones para la construcci\u00f3n de l\u00edneas de metro en ciudades con m\u00e1s de 100 mil habitantes&#8221;, se\u00f1al\u00f3 el candidato. En ese sentido, fue enf\u00e1tico al comparar las necesidades de la regi\u00f3n con las de la capital: <strong>&#8220;Se trata de una inversi\u00f3n no menor, e incluso antes que hacer la l\u00ednea de metro al Aeropuerto en Santiago, se deber\u00eda hacer ac\u00e1 en Concepci\u00f3n&#8221;<\/strong>.<\/p>\n\n\n\n<p class=\"wp-block-paragraph\">El l\u00edder del PNL argument\u00f3 que, si bien existen estudios t\u00e9cnicos previos, es necesario avanzar con decisi\u00f3n para optimizar el sistema de transporte local y atraer nuevas inversiones.<\/p>\n\n\n\n<h2 class=\"wp-block-heading\">Cr\u00edticas a la conectividad y la Ruta 160<\/h2>\n\n\n\n<p class=\"wp-block-paragraph\">Para el abanderado presidencial, el problema de conectividad en el Gran Concepci\u00f3n es el m\u00e1s urgente y distintivo en comparaci\u00f3n con otras regiones. Atribuy\u00f3 la crisis actual a una combinaci\u00f3n de &#8220;r\u00e1pido crecimiento urbano y una mala gesti\u00f3n urbana&#8221;.<\/p>\n\n\n\n<p class=\"wp-block-paragraph\">Kaiser apunt\u00f3 directamente al <strong><a target=\"_blank\" rel=\"noreferrer noopener\" href=\"https:\/\/www.mop.cl\/\">Ministerio de Obras P\u00fablicas (MOP)<\/a><\/strong>, haci\u00e9ndolo responsable por el estado de la Ruta 160, una v\u00eda que &#8220;no tiene pasos bajo nivel, muchos sem\u00e1foros, por lo que es l\u00f3gico que se sature&#8221;. A su juicio, &#8220;la poblaci\u00f3n de esa zona requiere mejor conectividad&#8221;.<\/p>\n\n\n\n<p class=\"wp-block-paragraph\">Adem\u00e1s, critic\u00f3 la burocracia que retrasa proyectos de infraestructura e inversi\u00f3n. &#8220;No es justificable que se necesiten ocho a\u00f1os para la aprobaci\u00f3n de un proyecto, eso habla de flojera, ineficiencia y otras cosas, pero no de protecci\u00f3n por el medioambiente&#8221;, asever\u00f3.<\/p>\n\n\n\n<h2 class=\"wp-block-heading\">Los otros &#8220;dolores del Biob\u00edo&#8221; seg\u00fan el candidato<\/h2>\n\n\n\n<p class=\"wp-block-paragraph\">M\u00e1s all\u00e1 de la conectividad, Kaiser identific\u00f3 otros &#8220;dolores&#8221; que afectan a la regi\u00f3n, como la delincuencia, la violencia y las deficiencias en salud y educaci\u00f3n.<\/p>\n\n\n\n<p class=\"wp-block-paragraph\">Puso especial \u00e9nfasis en la desesperanza juvenil. &#8220;Entre el 30 y el 40% de los j\u00f3venes creen que no van a tener un espacio de futuro en nuestra sociedad. Cuando ves esa desesperanza, eso revela problemas en el sistema educativo y como sociedad, por lo que tenemos que hacernos cargo&#8221;, concluy\u00f3.<\/p>\n","protected":false},"excerpt":{"rendered":"<p>Metro para Concepci\u00f3n El candidato presidencial del Partido Nacional Libertario (PNL), Johannes Kaiser, traz\u00f3 un claro diagn\u00f3stico sobre<\/p>\n","protected":false},"author":5,"featured_media":9777,"comment_status":"open","ping_status":"open","sticky":false,"template":"","format":"standard","meta":{"_crdt_document":"","_uag_custom_page_level_css":"","_sitemap_exclude":false,"_sitemap_priority":"","_sitemap_frequency":"","_joinchat":[],"footnotes":""},"categories":[14],"tags":[],"class_list":["post-9776","post","type-post","status-publish","format-standard","has-post-thumbnail","hentry","category-nacional"],"featured_image_urls":{"full":["https:\/\/www.koncevisiontv.cl\/web\/wp-content\/uploads\/2025\/07\/Aton_731289.webp",1200,685,false],"thumbnail":["https:\/\/www.koncevisiontv.cl\/web\/wp-content\/uploads\/2025\/07\/Aton_731289-150x150.webp",150,150,true],"medium":["https:\/\/www.koncevisiontv.cl\/web\/wp-content\/uploads\/2025\/07\/Aton_731289-300x171.webp",300,171,true],"medium_large":["https:\/\/www.koncevisiontv.cl\/web\/wp-content\/uploads\/2025\/07\/Aton_731289-768x438.webp",640,365,true],"large":["https:\/\/www.koncevisiontv.cl\/web\/wp-content\/uploads\/2025\/07\/Aton_731289-1024x585.webp",640,366,true],"1536x1536":["https:\/\/www.koncevisiontv.cl\/web\/wp-content\/uploads\/2025\/07\/Aton_731289.webp",1200,685,false],"2048x2048":["https:\/\/www.koncevisiontv.cl\/web\/wp-content\/uploads\/2025\/07\/Aton_731289.webp",1200,685,false],"darknews-featured":["https:\/\/www.koncevisiontv.cl\/web\/wp-content\/uploads\/2025\/07\/Aton_731289-1024x585.webp",1024,585,true],"darknews-large":["https:\/\/www.koncevisiontv.cl\/web\/wp-content\/uploads\/2025\/07\/Aton_731289-825x575.webp",825,575,true],"darknews-medium":["https:\/\/www.koncevisiontv.cl\/web\/wp-content\/uploads\/2025\/07\/Aton_731289-590x410.webp",590,410,true]},"author_info":{"info":["Web-Master"]},"category_info":"<a href=\"https:\/\/www.koncevisiontv.cl\/web\/category\/nacional\/\" rel=\"category tag\">Nacional<\/a>","tag_info":"Nacional","comment_count":"0","uagb_featured_image_src":{"full":["https:\/\/www.koncevisiontv.cl\/web\/wp-content\/uploads\/2025\/07\/Aton_731289.webp",1200,685,false],"thumbnail":["https:\/\/www.koncevisiontv.cl\/web\/wp-content\/uploads\/2025\/07\/Aton_731289-150x150.webp",150,150,true],"medium":["https:\/\/www.koncevisiontv.cl\/web\/wp-content\/uploads\/2025\/07\/Aton_731289-300x171.webp",300,171,true],"medium_large":["https:\/\/www.koncevisiontv.cl\/web\/wp-content\/uploads\/2025\/07\/Aton_731289-768x438.webp",640,365,true],"large":["https:\/\/www.koncevisiontv.cl\/web\/wp-content\/uploads\/2025\/07\/Aton_731289-1024x585.webp",640,366,true],"1536x1536":["https:\/\/www.koncevisiontv.cl\/web\/wp-content\/uploads\/2025\/07\/Aton_731289.webp",1200,685,false],"2048x2048":["https:\/\/www.koncevisiontv.cl\/web\/wp-content\/uploads\/2025\/07\/Aton_731289.webp",1200,685,false],"darknews-featured":["https:\/\/www.koncevisiontv.cl\/web\/wp-content\/uploads\/2025\/07\/Aton_731289-1024x585.webp",1024,585,true],"darknews-large":["https:\/\/www.koncevisiontv.cl\/web\/wp-content\/uploads\/2025\/07\/Aton_731289-825x575.webp",825,575,true],"darknews-medium":["https:\/\/www.koncevisiontv.cl\/web\/wp-content\/uploads\/2025\/07\/Aton_731289-590x410.webp",590,410,true]},"uagb_author_info":{"display_name":"Web-Master","author_link":"https:\/\/www.koncevisiontv.cl\/web\/author\/koncevision\/"},"uagb_comment_info":1,"uagb_excerpt":"Metro para Concepci\u00f3n El candidato presidencial del Partido Nacional Libertario (PNL), Johannes Kaiser, traz\u00f3 un claro diagn\u00f3stico sobre","_links":{"self":[{"href":"https:\/\/www.koncevisiontv.cl\/web\/wp-json\/wp\/v2\/posts\/9776","targetHints":{"allow":["GET"]}}],"collection":[{"href":"https:\/\/www.koncevisiontv.cl\/web\/wp-json\/wp\/v2\/posts"}],"about":[{"href":"https:\/\/www.koncevisiontv.cl\/web\/wp-json\/wp\/v2\/types\/post"}],"author":[{"embeddable":true,"href":"https:\/\/www.koncevisiontv.cl\/web\/wp-json\/wp\/v2\/users\/5"}],"replies":[{"embeddable":true,"href":"https:\/\/www.koncevisiontv.cl\/web\/wp-json\/wp\/v2\/comments?post=9776"}],"version-history":[{"count":1,"href":"https:\/\/www.koncevisiontv.cl\/web\/wp-json\/wp\/v2\/posts\/9776\/revisions"}],"predecessor-version":[{"id":9778,"href":"https:\/\/www.koncevisiontv.cl\/web\/wp-json\/wp\/v2\/posts\/9776\/revisions\/9778"}],"wp:featuredmedia":[{"embeddable":true,"href":"https:\/\/www.koncevisiontv.cl\/web\/wp-json\/wp\/v2\/media\/9777"}],"wp:attachment":[{"href":"https:\/\/www.koncevisiontv.cl\/web\/wp-json\/wp\/v2\/media?parent=9776"}],"wp:term":[{"taxonomy":"category","embeddable":true,"href":"https:\/\/www.koncevisiontv.cl\/web\/wp-json\/wp\/v2\/categories?post=9776"},{"taxonomy":"post_tag","embeddable":true,"href":"https:\/\/www.koncevisiontv.cl\/web\/wp-json\/wp\/v2\/tags?post=9776"}],"curies":[{"name":"wp","href":"https:\/\/api.w.org\/{rel}","templated":true}]}}