{"id":9779,"date":"2025-07-28T11:45:42","date_gmt":"2025-07-28T15:45:42","guid":{"rendered":"https:\/\/www.koncevisiontv.cl\/web\/?p=9779"},"modified":"2025-07-28T11:45:44","modified_gmt":"2025-07-28T15:45:44","slug":"mercado-central-de-concepcion-locatarios-acuerdo-reapertura","status":"publish","type":"post","link":"https:\/\/www.koncevisiontv.cl\/web\/mercado-central-de-concepcion-locatarios-acuerdo-reapertura\/","title":{"rendered":"Locatarios del Mercado Central celebran nuevo acuerdo de reconstrucci\u00f3n y proyectan reapertura para 2027"},"content":{"rendered":"\n<p class=\"wp-block-paragraph\">Un renovado optimismo reina entre los locatarios del Mercado Central de Concepci\u00f3n. Tras un nuevo acuerdo alcanzado con el Municipio y el Gobierno Regional, la presidenta del directorio de los comerciantes, Jimena Meneses, se aventur\u00f3 a dar una fecha para la esperada reapertura del emblem\u00e1tico recinto: entre 2027 y 2028.<\/p>\n\n\n\n<h2 class=\"wp-block-heading\">&#8220;Estamos esperanzados&#8221;: La visi\u00f3n de los locatarios<\/h2>\n\n\n\n<p class=\"wp-block-paragraph\">El pasado 18 de julio se sell\u00f3 un nuevo convenio que da el vamos a la realizaci\u00f3n de estudios para diagnosticar el estado actual del inmueble, un primer paso clave para la futura reconstrucci\u00f3n. &#8220;Como locatarios nos sentimos felices con el acuerdo. Estamos esperanzados porque se acerca a cumplir el fallo de la Corte Suprema. Ellos se comprometieron con eso&#8221;, se\u00f1al\u00f3 Meneses.<\/p>\n\n\n\n<p class=\"wp-block-paragraph\">Sin embargo, la dirigenta lament\u00f3 el tiempo perdido. &#8220;Lo \u00fanico que nos da pena es que esto podr\u00eda haber llegado de hace a\u00f1os atr\u00e1s, pero lamentablemente el exalcalde Ortiz nunca nos abri\u00f3 las puertas&#8221;, afirm\u00f3.<\/p>\n\n\n\n<p class=\"wp-block-paragraph\">Actualmente, los trabajos se centran en an\u00e1lisis de suelo y de la estructura, los que, seg\u00fan Meneses, no deber\u00edan afectar a los comerciantes del anillo exterior. No obstante, adelant\u00f3 que &#8220;el anillo externo va a ser expropiado prontamente, y por lo que entiendo en septiembre empieza el primer proceso&#8221;.<\/p>\n\n\n\n<h2 class=\"wp-block-heading\">El modelo propuesto: Entrega voluntaria a cambio de locales en propiedad<\/h2>\n\n\n\n<p class=\"wp-block-paragraph\">La presidenta de los locatarios fue clara en explicar el modelo que ellos proponen y que, aseguran, siempre han impulsado. &#8220;La idea de todo esto es que nosotros entreguemos el mercado al municipio. Y que el municipio se encargue de la reconstrucci\u00f3n con apoyo y compromiso del Gobierno Regional&#8221;, indic\u00f3.<\/p>\n\n\n\n<p class=\"wp-block-paragraph\">Este modelo se contrapone frontalmente a la idea de expropiaci\u00f3n impulsada por el Serviu. Meneses la califica como innecesaria, dado que existe la voluntad de una entrega voluntaria. &#8220;Si nos expropian, nosotros no nos vamos a quedar con el monto de la expropiaci\u00f3n, vamos a reclamar el monto comercial y esa es m\u00e1s plata que tendr\u00eda que gastar el Estado&#8221;, advirti\u00f3.<\/p>\n\n\n\n<p class=\"wp-block-paragraph\">Su propuesta es clara: &#8220;La idea nuestra es entregarlo al municipio, y que despu\u00e9s se nos entreguen los locales en propiedad, por nosotros haber entregado los locales sin un peso a cambio&#8221;, detall\u00f3.<\/p>\n\n\n\n<h2 class=\"wp-block-heading\">Cr\u00edticas a ex autoridades y a la idea de expropiar<\/h2>\n\n\n\n<p class=\"wp-block-paragraph\">Jimena Meneses expres\u00f3 la molestia de los comerciantes con la gesti\u00f3n de las administraciones anteriores, apuntando directamente al exalcalde \u00c1lvaro Ortiz y al exgobernador Rodrigo D\u00edaz.<\/p>\n\n\n\n<p class=\"wp-block-paragraph\">&#8220;Tenemos las pruebas de que nosotros siempre estuvimos en condiciones y con ganas de entregar el Mercado, pero nunca nos recibieron. Para el se\u00f1or Ortiz, el se\u00f1or D\u00edaz y el Serviu era m\u00e1s lucrativo hacer una explotaci\u00f3n m\u00e1s que la reconstrucci\u00f3n&#8221;, argument\u00f3 con dureza.<\/p>\n\n\n\n<p class=\"wp-block-paragraph\">Con el nuevo acuerdo ya en marcha con la <strong><a target=\"_blank\" rel=\"noreferrer noopener\" href=\"https:\/\/www.google.com\/search?q=https:\/\/www.concepcion.cl\/\">Municipalidad de Concepci\u00f3n<\/a><\/strong> y el <strong><a target=\"_blank\" rel=\"noreferrer noopener\" href=\"https:\/\/www.gorebiobio.cl\/\">Gobierno Regional del Biob\u00edo<\/a><\/strong>, la esperanza de los locatarios se renueva. &#8220;Lo que hemos conversado son alrededor de dos a\u00f1os y medio a tres a\u00f1os. Entonces entre 2027 y 2028 ojal\u00e1 tenerlo operativo&#8221;, concluy\u00f3 Meneses.<\/p>\n","protected":false},"excerpt":{"rendered":"<p>Un renovado optimismo reina entre los locatarios del Mercado Central de Concepci\u00f3n. Tras un nuevo acuerdo alcanzado con<\/p>\n","protected":false},"author":5,"featured_media":9780,"comment_status":"open","ping_status":"open","sticky":false,"template":"","format":"standard","meta":{"_crdt_document":"","_uag_custom_page_level_css":"","_sitemap_exclude":false,"_sitemap_priority":"","_sitemap_frequency":"","_joinchat":[],"footnotes":""},"categories":[14],"tags":[],"class_list":["post-9779","post","type-post","status-publish","format-standard","has-post-thumbnail","hentry","category-nacional"],"featured_image_urls":{"full":["https:\/\/www.koncevisiontv.cl\/web\/wp-content\/uploads\/2025\/07\/portadas-sabes-11753649594-960x540-1.jpg",960,540,false],"thumbnail":["https:\/\/www.koncevisiontv.cl\/web\/wp-content\/uploads\/2025\/07\/portadas-sabes-11753649594-960x540-1-150x150.jpg",150,150,true],"medium":["https:\/\/www.koncevisiontv.cl\/web\/wp-content\/uploads\/2025\/07\/portadas-sabes-11753649594-960x540-1-300x169.jpg",300,169,true],"medium_large":["https:\/\/www.koncevisiontv.cl\/web\/wp-content\/uploads\/2025\/07\/portadas-sabes-11753649594-960x540-1-768x432.jpg",640,360,true],"large":["https:\/\/www.koncevisiontv.cl\/web\/wp-content\/uploads\/2025\/07\/portadas-sabes-11753649594-960x540-1.jpg",640,360,false],"1536x1536":["https:\/\/www.koncevisiontv.cl\/web\/wp-content\/uploads\/2025\/07\/portadas-sabes-11753649594-960x540-1.jpg",960,540,false],"2048x2048":["https:\/\/www.koncevisiontv.cl\/web\/wp-content\/uploads\/2025\/07\/portadas-sabes-11753649594-960x540-1.jpg",960,540,false],"darknews-featured":["https:\/\/www.koncevisiontv.cl\/web\/wp-content\/uploads\/2025\/07\/portadas-sabes-11753649594-960x540-1.jpg",960,540,false],"darknews-large":["https:\/\/www.koncevisiontv.cl\/web\/wp-content\/uploads\/2025\/07\/portadas-sabes-11753649594-960x540-1-825x540.jpg",825,540,true],"darknews-medium":["https:\/\/www.koncevisiontv.cl\/web\/wp-content\/uploads\/2025\/07\/portadas-sabes-11753649594-960x540-1-590x410.jpg",590,410,true]},"author_info":{"info":["Web-Master"]},"category_info":"<a href=\"https:\/\/www.koncevisiontv.cl\/web\/category\/nacional\/\" rel=\"category tag\">Nacional<\/a>","tag_info":"Nacional","comment_count":"0","uagb_featured_image_src":{"full":["https:\/\/www.koncevisiontv.cl\/web\/wp-content\/uploads\/2025\/07\/portadas-sabes-11753649594-960x540-1.jpg",960,540,false],"thumbnail":["https:\/\/www.koncevisiontv.cl\/web\/wp-content\/uploads\/2025\/07\/portadas-sabes-11753649594-960x540-1-150x150.jpg",150,150,true],"medium":["https:\/\/www.koncevisiontv.cl\/web\/wp-content\/uploads\/2025\/07\/portadas-sabes-11753649594-960x540-1-300x169.jpg",300,169,true],"medium_large":["https:\/\/www.koncevisiontv.cl\/web\/wp-content\/uploads\/2025\/07\/portadas-sabes-11753649594-960x540-1-768x432.jpg",640,360,true],"large":["https:\/\/www.koncevisiontv.cl\/web\/wp-content\/uploads\/2025\/07\/portadas-sabes-11753649594-960x540-1.jpg",640,360,false],"1536x1536":["https:\/\/www.koncevisiontv.cl\/web\/wp-content\/uploads\/2025\/07\/portadas-sabes-11753649594-960x540-1.jpg",960,540,false],"2048x2048":["https:\/\/www.koncevisiontv.cl\/web\/wp-content\/uploads\/2025\/07\/portadas-sabes-11753649594-960x540-1.jpg",960,540,false],"darknews-featured":["https:\/\/www.koncevisiontv.cl\/web\/wp-content\/uploads\/2025\/07\/portadas-sabes-11753649594-960x540-1.jpg",960,540,false],"darknews-large":["https:\/\/www.koncevisiontv.cl\/web\/wp-content\/uploads\/2025\/07\/portadas-sabes-11753649594-960x540-1-825x540.jpg",825,540,true],"darknews-medium":["https:\/\/www.koncevisiontv.cl\/web\/wp-content\/uploads\/2025\/07\/portadas-sabes-11753649594-960x540-1-590x410.jpg",590,410,true]},"uagb_author_info":{"display_name":"Web-Master","author_link":"https:\/\/www.koncevisiontv.cl\/web\/author\/koncevision\/"},"uagb_comment_info":0,"uagb_excerpt":"Un renovado optimismo reina entre los locatarios del Mercado Central de Concepci\u00f3n. Tras un nuevo acuerdo alcanzado con","_links":{"self":[{"href":"https:\/\/www.koncevisiontv.cl\/web\/wp-json\/wp\/v2\/posts\/9779","targetHints":{"allow":["GET"]}}],"collection":[{"href":"https:\/\/www.koncevisiontv.cl\/web\/wp-json\/wp\/v2\/posts"}],"about":[{"href":"https:\/\/www.koncevisiontv.cl\/web\/wp-json\/wp\/v2\/types\/post"}],"author":[{"embeddable":true,"href":"https:\/\/www.koncevisiontv.cl\/web\/wp-json\/wp\/v2\/users\/5"}],"replies":[{"embeddable":true,"href":"https:\/\/www.koncevisiontv.cl\/web\/wp-json\/wp\/v2\/comments?post=9779"}],"version-history":[{"count":1,"href":"https:\/\/www.koncevisiontv.cl\/web\/wp-json\/wp\/v2\/posts\/9779\/revisions"}],"predecessor-version":[{"id":9781,"href":"https:\/\/www.koncevisiontv.cl\/web\/wp-json\/wp\/v2\/posts\/9779\/revisions\/9781"}],"wp:featuredmedia":[{"embeddable":true,"href":"https:\/\/www.koncevisiontv.cl\/web\/wp-json\/wp\/v2\/media\/9780"}],"wp:attachment":[{"href":"https:\/\/www.koncevisiontv.cl\/web\/wp-json\/wp\/v2\/media?parent=9779"}],"wp:term":[{"taxonomy":"category","embeddable":true,"href":"https:\/\/www.koncevisiontv.cl\/web\/wp-json\/wp\/v2\/categories?post=9779"},{"taxonomy":"post_tag","embeddable":true,"href":"https:\/\/www.koncevisiontv.cl\/web\/wp-json\/wp\/v2\/tags?post=9779"}],"curies":[{"name":"wp","href":"https:\/\/api.w.org\/{rel}","templated":true}]}}