{"id":9782,"date":"2025-07-28T12:34:28","date_gmt":"2025-07-28T16:34:28","guid":{"rendered":"https:\/\/www.koncevisiontv.cl\/web\/?p=9782"},"modified":"2025-07-28T12:34:32","modified_gmt":"2025-07-28T16:34:32","slug":"expulsion-de-extranjeros-chile-expulsa-37-extranjeros-670-deportados-2025","status":"publish","type":"post","link":"https:\/\/www.koncevisiontv.cl\/web\/expulsion-de-extranjeros-chile-expulsa-37-extranjeros-670-deportados-2025\/","title":{"rendered":"Gobierno materializa expulsi\u00f3n de 37 extranjeros y total de deportados en 2025 supera los 670"},"content":{"rendered":"\n<p class=\"wp-block-paragraph\"><strong>Expulsi\u00f3n de extranjeros Chile <\/strong>En el marco de su pol\u00edtica de seguridad, el Gobierno inform\u00f3 la materializaci\u00f3n de un nuevo proceso de expulsi\u00f3n, deportando a 37 ciudadanos extranjeros a Bolivia, Colombia y Ecuador. Con este operativo, la cifra total de personas expulsadas del pa\u00eds durante 2025 ya asciende a 672.<\/p>\n\n\n\n<h2 class=\"wp-block-heading\">Nuevo operativo de expulsi\u00f3n a Bolivia, Colombia y Ecuador<\/h2>\n\n\n\n<p class=\"wp-block-paragraph\">La noticia fue confirmada este domingo por el director del Servicio Nacional de Migraciones (Sermig), Luis Eduardo Thayer, quien defendi\u00f3 la medida como una obligaci\u00f3n del Estado para mantener el orden y la seguridad.<\/p>\n\n\n\n<p class=\"wp-block-paragraph\">\u201cTenemos el deber de hacer cumplir la ley y garantizar que quienes no respetan las normas, respondan ante la institucionalidad y sean expulsados del pa\u00eds, especialmente en casos que representan un peligro para la seguridad\u201d, se\u00f1al\u00f3 Thayer a trav\u00e9s de las redes del <strong><a target=\"_blank\" rel=\"noreferrer noopener\" href=\"https:\/\/serviciomigraciones.cl\/\">Sermig<\/a><\/strong>.<\/p>\n\n\n\n<p class=\"wp-block-paragraph\">El operativo se llev\u00f3 a cabo mediante una combinaci\u00f3n de vuelos ch\u00e1rter y vuelos comerciales regulares, una log\u00edstica habitual para este tipo de procedimientos.<\/p>\n\n\n\n<h2 class=\"wp-block-heading\">Las cifras y los delitos detr\u00e1s de las deportaciones<\/h2>\n\n\n\n<p class=\"wp-block-paragraph\">De las 672 expulsiones concretadas en lo que va del a\u00f1o, 175 corresponden a \u00f3rdenes judiciales, mientras que la gran mayor\u00eda, 497, son de car\u00e1cter administrativo.<\/p>\n\n\n\n<p class=\"wp-block-paragraph\">La jefa de la Prefectura de Migraciones y Polic\u00eda Internacional de la <strong><a target=\"_blank\" rel=\"noreferrer noopener\" href=\"https:\/\/www.pdichile.cl\/\">Polic\u00eda de Investigaciones (PDI)<\/a><\/strong>, Polly Ureta, detall\u00f3 el perfil de las personas deportadas en este \u00faltimo grupo. Explic\u00f3 que registraban \u201cexpulsiones vigentes tanto judiciales como administrativas, estas \u00faltimas por los delitos de robo, receptaci\u00f3n y amenazas, entre otros\u201d.<\/p>\n\n\n\n<p class=\"wp-block-paragraph\">Ureta a\u00f1adi\u00f3 que estas acciones son el resultado del trabajo de fiscalizaci\u00f3n permanente que realizan los departamentos y secciones de Migraciones y Polic\u00eda Internacional a lo largo de todo el territorio nacional.<\/p>\n\n\n\n<h2 class=\"wp-block-heading\">Una pol\u00edtica de seguridad en el centro del debate<\/h2>\n\n\n\n<p class=\"wp-block-paragraph\">Estas expulsiones se producen en medio del continuo debate nacional sobre la seguridad p\u00fablica y el control migratorio. Desde su llegada al poder en marzo de 2022, el presidente Gabriel Boric ha endurecido progresivamente su discurso contra los extranjeros que cometen delitos en Chile.<\/p>\n\n\n\n<p class=\"wp-block-paragraph\">En ese contexto, el Mandatario ha insistido en la necesidad de una mayor colaboraci\u00f3n por parte de los pa\u00edses de la regi\u00f3n para enfrentar de manera coordinada el crimen organizado transnacional y para hacer m\u00e1s eficientes los procesos de deportaci\u00f3n.<\/p>\n","protected":false},"excerpt":{"rendered":"<p>Expulsi\u00f3n de extranjeros Chile En el marco de su pol\u00edtica de seguridad, el Gobierno inform\u00f3 la materializaci\u00f3n de<\/p>\n","protected":false},"author":5,"featured_media":9783,"comment_status":"open","ping_status":"open","sticky":false,"template":"","format":"standard","meta":{"_crdt_document":"","_uag_custom_page_level_css":"","_sitemap_exclude":false,"_sitemap_priority":"","_sitemap_frequency":"","_joinchat":[],"footnotes":""},"categories":[14],"tags":[],"class_list":["post-9782","post","type-post","status-publish","format-standard","has-post-thumbnail","hentry","category-nacional"],"featured_image_urls":{"full":["https:\/\/www.koncevisiontv.cl\/web\/wp-content\/uploads\/2025\/07\/sermig-migraciones-expulsiones-e1753665098914.jpg",640,342,false],"thumbnail":["https:\/\/www.koncevisiontv.cl\/web\/wp-content\/uploads\/2025\/07\/sermig-migraciones-expulsiones-e1753665098914-150x150.jpg",150,150,true],"medium":["https:\/\/www.koncevisiontv.cl\/web\/wp-content\/uploads\/2025\/07\/sermig-migraciones-expulsiones-e1753665098914-300x160.jpg",300,160,true],"medium_large":["https:\/\/www.koncevisiontv.cl\/web\/wp-content\/uploads\/2025\/07\/sermig-migraciones-expulsiones-e1753665098914.jpg",640,342,false],"large":["https:\/\/www.koncevisiontv.cl\/web\/wp-content\/uploads\/2025\/07\/sermig-migraciones-expulsiones-e1753665098914.jpg",640,342,false],"1536x1536":["https:\/\/www.koncevisiontv.cl\/web\/wp-content\/uploads\/2025\/07\/sermig-migraciones-expulsiones-e1753665098914.jpg",640,342,false],"2048x2048":["https:\/\/www.koncevisiontv.cl\/web\/wp-content\/uploads\/2025\/07\/sermig-migraciones-expulsiones-e1753665098914.jpg",640,342,false],"darknews-featured":["https:\/\/www.koncevisiontv.cl\/web\/wp-content\/uploads\/2025\/07\/sermig-migraciones-expulsiones-e1753665098914.jpg",640,342,false],"darknews-large":["https:\/\/www.koncevisiontv.cl\/web\/wp-content\/uploads\/2025\/07\/sermig-migraciones-expulsiones-e1753665098914.jpg",640,342,false],"darknews-medium":["https:\/\/www.koncevisiontv.cl\/web\/wp-content\/uploads\/2025\/07\/sermig-migraciones-expulsiones-e1753665098914-590x342.jpg",590,342,true]},"author_info":{"info":["Web-Master"]},"category_info":"<a href=\"https:\/\/www.koncevisiontv.cl\/web\/category\/nacional\/\" rel=\"category tag\">Nacional<\/a>","tag_info":"Nacional","comment_count":"0","uagb_featured_image_src":{"full":["https:\/\/www.koncevisiontv.cl\/web\/wp-content\/uploads\/2025\/07\/sermig-migraciones-expulsiones-e1753665098914.jpg",640,342,false],"thumbnail":["https:\/\/www.koncevisiontv.cl\/web\/wp-content\/uploads\/2025\/07\/sermig-migraciones-expulsiones-e1753665098914-150x150.jpg",150,150,true],"medium":["https:\/\/www.koncevisiontv.cl\/web\/wp-content\/uploads\/2025\/07\/sermig-migraciones-expulsiones-e1753665098914-300x160.jpg",300,160,true],"medium_large":["https:\/\/www.koncevisiontv.cl\/web\/wp-content\/uploads\/2025\/07\/sermig-migraciones-expulsiones-e1753665098914.jpg",640,342,false],"large":["https:\/\/www.koncevisiontv.cl\/web\/wp-content\/uploads\/2025\/07\/sermig-migraciones-expulsiones-e1753665098914.jpg",640,342,false],"1536x1536":["https:\/\/www.koncevisiontv.cl\/web\/wp-content\/uploads\/2025\/07\/sermig-migraciones-expulsiones-e1753665098914.jpg",640,342,false],"2048x2048":["https:\/\/www.koncevisiontv.cl\/web\/wp-content\/uploads\/2025\/07\/sermig-migraciones-expulsiones-e1753665098914.jpg",640,342,false],"darknews-featured":["https:\/\/www.koncevisiontv.cl\/web\/wp-content\/uploads\/2025\/07\/sermig-migraciones-expulsiones-e1753665098914.jpg",640,342,false],"darknews-large":["https:\/\/www.koncevisiontv.cl\/web\/wp-content\/uploads\/2025\/07\/sermig-migraciones-expulsiones-e1753665098914.jpg",640,342,false],"darknews-medium":["https:\/\/www.koncevisiontv.cl\/web\/wp-content\/uploads\/2025\/07\/sermig-migraciones-expulsiones-e1753665098914-590x342.jpg",590,342,true]},"uagb_author_info":{"display_name":"Web-Master","author_link":"https:\/\/www.koncevisiontv.cl\/web\/author\/koncevision\/"},"uagb_comment_info":0,"uagb_excerpt":"Expulsi\u00f3n de extranjeros Chile En el marco de su pol\u00edtica de seguridad, el Gobierno inform\u00f3 la materializaci\u00f3n de","_links":{"self":[{"href":"https:\/\/www.koncevisiontv.cl\/web\/wp-json\/wp\/v2\/posts\/9782","targetHints":{"allow":["GET"]}}],"collection":[{"href":"https:\/\/www.koncevisiontv.cl\/web\/wp-json\/wp\/v2\/posts"}],"about":[{"href":"https:\/\/www.koncevisiontv.cl\/web\/wp-json\/wp\/v2\/types\/post"}],"author":[{"embeddable":true,"href":"https:\/\/www.koncevisiontv.cl\/web\/wp-json\/wp\/v2\/users\/5"}],"replies":[{"embeddable":true,"href":"https:\/\/www.koncevisiontv.cl\/web\/wp-json\/wp\/v2\/comments?post=9782"}],"version-history":[{"count":1,"href":"https:\/\/www.koncevisiontv.cl\/web\/wp-json\/wp\/v2\/posts\/9782\/revisions"}],"predecessor-version":[{"id":9784,"href":"https:\/\/www.koncevisiontv.cl\/web\/wp-json\/wp\/v2\/posts\/9782\/revisions\/9784"}],"wp:featuredmedia":[{"embeddable":true,"href":"https:\/\/www.koncevisiontv.cl\/web\/wp-json\/wp\/v2\/media\/9783"}],"wp:attachment":[{"href":"https:\/\/www.koncevisiontv.cl\/web\/wp-json\/wp\/v2\/media?parent=9782"}],"wp:term":[{"taxonomy":"category","embeddable":true,"href":"https:\/\/www.koncevisiontv.cl\/web\/wp-json\/wp\/v2\/categories?post=9782"},{"taxonomy":"post_tag","embeddable":true,"href":"https:\/\/www.koncevisiontv.cl\/web\/wp-json\/wp\/v2\/tags?post=9782"}],"curies":[{"name":"wp","href":"https:\/\/api.w.org\/{rel}","templated":true}]}}