{"id":9785,"date":"2025-07-28T12:54:29","date_gmt":"2025-07-28T16:54:29","guid":{"rendered":"https:\/\/www.koncevisiontv.cl\/web\/?p=9785"},"modified":"2025-07-28T12:54:33","modified_gmt":"2025-07-28T16:54:33","slug":"autocritica-micreros-de-concepcion-pago-electronico","status":"publish","type":"post","link":"https:\/\/www.koncevisiontv.cl\/web\/autocritica-micreros-de-concepcion-pago-electronico\/","title":{"rendered":"La dura autocr\u00edtica de los micreros: Revelan que &#8220;falta de confianza y uni\u00f3n&#8221; les impidi\u00f3 gestionar el pago electr\u00f3nico"},"content":{"rendered":"\n<p class=\"wp-block-paragraph\"><strong>Micreros De Concepci\u00f3n<\/strong>: Un profundo &#8220;mea culpa&#8221; realizaron los dirigentes de las distintas l\u00edneas de microbuses del Gran Concepci\u00f3n, reconociendo que las pugnas internas, la desconfianza y la falta de cohesi\u00f3n fueron las claves para que perdieran la oportunidad de gestionar ellos mismos el anhelado sistema de pago electr\u00f3nico, el cual ahora ser\u00e1 entregado a un tercero v\u00eda licitaci\u00f3n p\u00fablica.<\/p>\n\n\n\n<h2 class=\"wp-block-heading\">El &#8220;mea culpa&#8221; de los gremios del transporte<\/h2>\n\n\n\n<p class=\"wp-block-paragraph\">Durante meses, los operadores locales trabajaron en la creaci\u00f3n de su propia Administradora Financiera de Transporte (AFT), con la que buscaban replicar el modelo de Chill\u00e1n y administrar el sistema de pago. Sin embargo, el proyecto interno se desmoron\u00f3 y el Ministerio de Transportes avanz\u00f3 con su propio proceso licitatorio, generando un quiebre en el gremio.<\/p>\n\n\n\n<p class=\"wp-block-paragraph\">Arturo Giusti, presidente de la Federaci\u00f3n del Transporte de Pasajeros de Concepci\u00f3n, fue directo al asumir la responsabilidad. \u201cDebemos hacer un mea culpa, porque se hizo todo el trabajo que se pudo. Hubo diferencias de opiniones entre nosotros, en especial cuando se buscaba la solidez, porque ac\u00e1 se maneja mucho dinero y quiz\u00e1s no exist\u00eda esa cohesi\u00f3n necesaria\u201d, admiti\u00f3.<\/p>\n\n\n\n<h2 class=\"wp-block-heading\">Desconfianza y falta de uni\u00f3n: Las claves del fracaso<\/h2>\n\n\n\n<p class=\"wp-block-paragraph\">La visi\u00f3n de Giusti es compartida, e incluso profundizada, por otros l\u00edderes del sector. El presidente de Aget Biob\u00edo, Francisco Castillo, fue m\u00e1s cr\u00edtico y apunt\u00f3 al coraz\u00f3n del problema que fractur\u00f3 al gremio: <strong>\u201cAqu\u00ed falt\u00f3 mayor confianza, mayor uni\u00f3n y mayor transparencia entre nosotros\u201d<\/strong>.<\/p>\n\n\n\n<p class=\"wp-block-paragraph\">Esta desuni\u00f3n impidi\u00f3 que los operadores presentaran un frente cohesionado y una propuesta s\u00f3lida ante el <strong><a target=\"_blank\" rel=\"noreferrer noopener\" href=\"https:\/\/www.mtt.gob.cl\/\">Ministerio de Transportes y Telecomunicaciones<\/a><\/strong>, lo que finalmente deriv\u00f3 en que el Estado tomara las riendas del proceso de modernizaci\u00f3n.<\/p>\n\n\n\n<h2 class=\"wp-block-heading\">La otra cara: \u00bfEl Gobierno no los esper\u00f3?<\/h2>\n\n\n\n<p class=\"wp-block-paragraph\">Si bien la autocr\u00edtica es el tono dominante, algunos dirigentes tambi\u00e9n argumentan que el Gobierno avanz\u00f3 demasiado r\u00e1pido, sin darles el tiempo suficiente para consolidar su proyecto.<\/p>\n\n\n\n<p class=\"wp-block-paragraph\">Luis Quiroz, presidente de la Alianza Gremial del Transporte, asever\u00f3 que \u201cquiz\u00e1s el tiempo fue muy demoroso para el trabajo que realizamos, y el gobierno avanz\u00f3 m\u00e1s r\u00e1pido, porque quiere dejar un legado\u201d. Por su parte, Alejandro Riquelme, de la Asociaci\u00f3n Provincial de due\u00f1os de taxibuses, complement\u00f3 esta idea: \u201cTenemos el AFT formado con todos los operadores listos, pero cuando informamos al Ministerio, ellos se apuraron con el sistema. As\u00ed que m\u00e1s que una autocr\u00edtica, yo hablar\u00eda de una falta de tiempo, porque el Ministerio no nos esper\u00f3\u201d.<\/p>\n\n\n\n<h2 class=\"wp-block-heading\">Micreros del Gran Concepci\u00f3n y el futuro del pago electr\u00f3nico<\/h2>\n\n\n\n<p class=\"wp-block-paragraph\">Pese a quedar fuera de la administraci\u00f3n del sistema, los gremios, que agrupan a diversas organizaciones como la <strong><a target=\"_blank\" rel=\"noreferrer noopener\" href=\"https:\/\/www.cpc.cl\/\">Confederaci\u00f3n de la Producci\u00f3n y del Comercio (CPC)<\/a><\/strong> a nivel nacional, buscar\u00e1n ahora participar en la licitaci\u00f3n p\u00fablica, aunque ya no como gestores, sino como un actor m\u00e1s dentro del nuevo modelo que modernizar\u00e1 el transporte en la intercomuna<\/p>\n","protected":false},"excerpt":{"rendered":"<p>Micreros De Concepci\u00f3n: Un profundo &#8220;mea culpa&#8221; realizaron los dirigentes de las distintas l\u00edneas de microbuses del Gran<\/p>\n","protected":false},"author":5,"featured_media":9786,"comment_status":"open","ping_status":"open","sticky":false,"template":"","format":"standard","meta":{"_crdt_document":"","_uag_custom_page_level_css":"","_sitemap_exclude":false,"_sitemap_priority":"","_sitemap_frequency":"","_joinchat":[],"footnotes":""},"categories":[14],"tags":[],"class_list":["post-9785","post","type-post","status-publish","format-standard","has-post-thumbnail","hentry","category-nacional"],"featured_image_urls":{"full":["https:\/\/www.koncevisiontv.cl\/web\/wp-content\/uploads\/2025\/07\/micros-conce-21753539311-960x540-1.jpg",960,540,false],"thumbnail":["https:\/\/www.koncevisiontv.cl\/web\/wp-content\/uploads\/2025\/07\/micros-conce-21753539311-960x540-1-150x150.jpg",150,150,true],"medium":["https:\/\/www.koncevisiontv.cl\/web\/wp-content\/uploads\/2025\/07\/micros-conce-21753539311-960x540-1-300x169.jpg",300,169,true],"medium_large":["https:\/\/www.koncevisiontv.cl\/web\/wp-content\/uploads\/2025\/07\/micros-conce-21753539311-960x540-1-768x432.jpg",640,360,true],"large":["https:\/\/www.koncevisiontv.cl\/web\/wp-content\/uploads\/2025\/07\/micros-conce-21753539311-960x540-1.jpg",640,360,false],"1536x1536":["https:\/\/www.koncevisiontv.cl\/web\/wp-content\/uploads\/2025\/07\/micros-conce-21753539311-960x540-1.jpg",960,540,false],"2048x2048":["https:\/\/www.koncevisiontv.cl\/web\/wp-content\/uploads\/2025\/07\/micros-conce-21753539311-960x540-1.jpg",960,540,false],"darknews-featured":["https:\/\/www.koncevisiontv.cl\/web\/wp-content\/uploads\/2025\/07\/micros-conce-21753539311-960x540-1.jpg",960,540,false],"darknews-large":["https:\/\/www.koncevisiontv.cl\/web\/wp-content\/uploads\/2025\/07\/micros-conce-21753539311-960x540-1-825x540.jpg",825,540,true],"darknews-medium":["https:\/\/www.koncevisiontv.cl\/web\/wp-content\/uploads\/2025\/07\/micros-conce-21753539311-960x540-1-590x410.jpg",590,410,true]},"author_info":{"info":["Web-Master"]},"category_info":"<a href=\"https:\/\/www.koncevisiontv.cl\/web\/category\/nacional\/\" rel=\"category tag\">Nacional<\/a>","tag_info":"Nacional","comment_count":"0","uagb_featured_image_src":{"full":["https:\/\/www.koncevisiontv.cl\/web\/wp-content\/uploads\/2025\/07\/micros-conce-21753539311-960x540-1.jpg",960,540,false],"thumbnail":["https:\/\/www.koncevisiontv.cl\/web\/wp-content\/uploads\/2025\/07\/micros-conce-21753539311-960x540-1-150x150.jpg",150,150,true],"medium":["https:\/\/www.koncevisiontv.cl\/web\/wp-content\/uploads\/2025\/07\/micros-conce-21753539311-960x540-1-300x169.jpg",300,169,true],"medium_large":["https:\/\/www.koncevisiontv.cl\/web\/wp-content\/uploads\/2025\/07\/micros-conce-21753539311-960x540-1-768x432.jpg",640,360,true],"large":["https:\/\/www.koncevisiontv.cl\/web\/wp-content\/uploads\/2025\/07\/micros-conce-21753539311-960x540-1.jpg",640,360,false],"1536x1536":["https:\/\/www.koncevisiontv.cl\/web\/wp-content\/uploads\/2025\/07\/micros-conce-21753539311-960x540-1.jpg",960,540,false],"2048x2048":["https:\/\/www.koncevisiontv.cl\/web\/wp-content\/uploads\/2025\/07\/micros-conce-21753539311-960x540-1.jpg",960,540,false],"darknews-featured":["https:\/\/www.koncevisiontv.cl\/web\/wp-content\/uploads\/2025\/07\/micros-conce-21753539311-960x540-1.jpg",960,540,false],"darknews-large":["https:\/\/www.koncevisiontv.cl\/web\/wp-content\/uploads\/2025\/07\/micros-conce-21753539311-960x540-1-825x540.jpg",825,540,true],"darknews-medium":["https:\/\/www.koncevisiontv.cl\/web\/wp-content\/uploads\/2025\/07\/micros-conce-21753539311-960x540-1-590x410.jpg",590,410,true]},"uagb_author_info":{"display_name":"Web-Master","author_link":"https:\/\/www.koncevisiontv.cl\/web\/author\/koncevision\/"},"uagb_comment_info":0,"uagb_excerpt":"Micreros De Concepci\u00f3n: Un profundo &#8220;mea culpa&#8221; realizaron los dirigentes de las distintas l\u00edneas de microbuses del Gran","_links":{"self":[{"href":"https:\/\/www.koncevisiontv.cl\/web\/wp-json\/wp\/v2\/posts\/9785","targetHints":{"allow":["GET"]}}],"collection":[{"href":"https:\/\/www.koncevisiontv.cl\/web\/wp-json\/wp\/v2\/posts"}],"about":[{"href":"https:\/\/www.koncevisiontv.cl\/web\/wp-json\/wp\/v2\/types\/post"}],"author":[{"embeddable":true,"href":"https:\/\/www.koncevisiontv.cl\/web\/wp-json\/wp\/v2\/users\/5"}],"replies":[{"embeddable":true,"href":"https:\/\/www.koncevisiontv.cl\/web\/wp-json\/wp\/v2\/comments?post=9785"}],"version-history":[{"count":1,"href":"https:\/\/www.koncevisiontv.cl\/web\/wp-json\/wp\/v2\/posts\/9785\/revisions"}],"predecessor-version":[{"id":9787,"href":"https:\/\/www.koncevisiontv.cl\/web\/wp-json\/wp\/v2\/posts\/9785\/revisions\/9787"}],"wp:featuredmedia":[{"embeddable":true,"href":"https:\/\/www.koncevisiontv.cl\/web\/wp-json\/wp\/v2\/media\/9786"}],"wp:attachment":[{"href":"https:\/\/www.koncevisiontv.cl\/web\/wp-json\/wp\/v2\/media?parent=9785"}],"wp:term":[{"taxonomy":"category","embeddable":true,"href":"https:\/\/www.koncevisiontv.cl\/web\/wp-json\/wp\/v2\/categories?post=9785"},{"taxonomy":"post_tag","embeddable":true,"href":"https:\/\/www.koncevisiontv.cl\/web\/wp-json\/wp\/v2\/tags?post=9785"}],"curies":[{"name":"wp","href":"https:\/\/api.w.org\/{rel}","templated":true}]}}